{"id":5449,"date":"2025-09-05T15:30:28","date_gmt":"2025-09-05T18:30:28","guid":{"rendered":"https:\/\/grandepremio.com\/es\/2025\/09\/05\/russell-admite-dia-complicado-mercedes-italia-f1-2025\/"},"modified":"2025-09-05T15:31:41","modified_gmt":"2025-09-05T18:31:41","slug":"russell-admite-dia-complicado-mercedes-italia-f1-2025","status":"publish","type":"post","link":"https:\/\/grandepremio.com\/es\/f1\/russell-admite-dia-complicado-mercedes-italia-f1-2025\/","title":{"rendered":"Russell admite d\u00eda \u00abcomplicado\u00bb con Mercedes en Italia: \u00abNo sent\u00ed mucha confianza\u00bb"},"content":{"rendered":"\n<p class=\"wp-block-paragraph\"><strong>George Russell<\/strong> no qued\u00f3 satisfecho con lo que vio de <strong>Mercedes<\/strong> durante el primer d\u00eda de entrenamientos libres del <strong>Gran Premio de Italia<\/strong>. Tras terminar d\u00e9cimo el viernes, coment\u00f3 que no se sent\u00eda muy seguro al volante del <strong>W16<\/strong> en <strong>Monza<\/strong>. Sin embargo, recalc\u00f3 que conf\u00eda en el trabajo del equipo y cree que puede mejorar su rendimiento a lo largo del fin de semana.<\/p>\n\n\n\n<p class=\"wp-block-paragraph\">Mercedes tuvo un primer d\u00eda dif\u00edcil en Monza. En la FP1, <strong>Andrea Kimi Antonelli<\/strong> termin\u00f3 quinto, pero a <a href=\"https:\/\/grandepremio.com\/es\/f1\/lewis-hamilton-lider-primer-entrenamiento-ferrari-italia-formula-1-2025\/\"><strong>0s8<\/strong> del l\u00edder, <strong>Lewis Hamilton<\/strong><\/a>, mientras que Russell termin\u00f3 octavo, a 0s993 del l\u00edder. En la FP2, el piloto local se retir\u00f3 a menos de diez minutos del final tras <a href=\"https:\/\/grandepremio.com\/es\/video\/f1\/andrea-kimi-antonelli-mercedes-salida-de-pista-fp2-gp-italia-f1-2025\/\">despistarse en la curva 7 y quedarse atascado en la leca<\/a>. George, por su parte, termin\u00f3 d\u00e9cimo, pero a <a href=\"https:\/\/grandepremio.com\/es\/f1\/lando-norris-leclerc-colapinto-segunda-practica-formula-1\/\"><strong>0s398<\/strong> del l\u00edder, <strong>Lando Norris<\/strong><\/a>.<\/p>\n\n\n\n<p class=\"wp-block-paragraph\">Para Russell, estar a 0s3 de <strong>McLaren<\/strong>, en condiciones normales, pondr\u00eda a Mercedes en una buena posici\u00f3n. Sin embargo, se\u00f1al\u00f3 que la parrilla est\u00e1 m\u00e1s apretada en Monza, por lo que el resultado no es tan bueno. El piloto del #63 tambi\u00e9n habl\u00f3 sobre su falta de confianza en el coche, pero cree que puede mejorar su posici\u00f3n antes de la clasificaci\u00f3n del s\u00e1bado.<\/p>\n\n\n\n<p class=\"wp-block-paragraph\">\ud83d\udfe5&nbsp;<strong><em>\u00a1Todas las novedades te esperan en el canal de&nbsp;<\/em><\/strong><a href=\"https:\/\/www.youtube.com\/@GrandePremioES\"><em>YouTube<\/em><\/a><strong><em>&nbsp;de Grande Pr\u00eamio en Espa\u00f1ol!<\/em><\/strong>&nbsp;\ud83d\udfe8<\/p>\n\n\n\n<figure class=\"wp-block-image size-full\"><img decoding=\"async\" src=\"https:\/\/grandepremio.com\/es\/wp-content\/uploads\/..\/gp_br_uploads\/2025\/09\/italia-2025-f1-treinos-livres-mercedes-george-russell-01-1.jpg\" alt=\"\" class=\"wp-image-361932\"\/><figcaption class=\"wp-element-caption\">George Russell habl\u00f3 de falta de confianza con el W16 el viernes en Monza. (Foto: Mercedes)<\/figcaption><\/figure>\n\n\n\n<p class=\"wp-block-paragraph\">\u23e9\u00a0<strong><em>\u00a1Seguinos en redes por\u00a0<\/em><\/strong><a href=\"https:\/\/twitter.com\/grandepremioES\"><em>Twitter\u00a0<\/em><\/a><strong><em>e\u00a0<\/em><\/strong><a href=\"https:\/\/www.instagram.com\/grandepremioes\/\"><em>Instagram!<\/em><\/a><br>\u23e9\u00a0<strong><em>Adem\u00e1s, tenemos nuestro\u00a0<\/em><\/strong><a href=\"https:\/\/whatsapp.com\/channel\/0029VaDZ5zb0gcfDxuwxBM05\"><em>canal de Whatsapp<\/em><\/a><strong><em>\u00a0con toda la informaci\u00f3n al instante<\/em><\/strong>\u00a0\ud83c\udfc1<\/p>\n\n\n\n<p class=\"wp-block-paragraph\">\u201cEl d\u00eda fue un poco complicado. Siempre que corremos en Monza, usamos una configuraci\u00f3n con menos carga aerodin\u00e1mica y la parte trasera es un poco m\u00e1s inestable. No creo que hayamos tenido un primer d\u00eda espectacular, pero todos estuvimos muy cerca en la tabla de tiempos. Termin\u00e9 d\u00e9cimo, pero a solo 0s3 de McLaren. As\u00ed que estuvo muy apretado, y espero algo similar ma\u00f1ana, pero estoy seguro de que podemos mejorar\u201d, declar\u00f3.<\/p>\n\n\n\n<p class=\"wp-block-paragraph\">\u201cEs extra\u00f1o, porque normalmente est\u00e1s en una buena posici\u00f3n cuando est\u00e1s a 0s3 de McLaren, pero el d\u00e9cimo puesto no es tan bueno. Definitivamente todav\u00eda hay tiempo de vuelta por recuperar, pero no me sent\u00ed muy seguro, y hubo algunos momentos en los que fue dif\u00edcil mantener el coche en una buena posici\u00f3n\u201d, concluy\u00f3.<\/p>\n\n\n\n<p class=\"wp-block-paragraph\">La&nbsp;<strong>F\u00f3rmula 1<\/strong>&nbsp;disputa este fin de semana el&nbsp;<strong>Gran Premio de Italia<\/strong>, 16\u00aa fecha de la&nbsp;<strong>temporada 2025<\/strong>, en el circuito de&nbsp;<strong>Monza<\/strong>.<\/p>\n\n\n\n<figure class=\"wp-block-embed is-type-rich is-provider-gestor-del-servicio wp-block-embed-gestor-del-servicio wp-embed-aspect-16-9 wp-has-aspect-ratio\"><div class=\"wp-block-embed__wrapper\">\nhttps:\/\/youtube.com\/watch?v=PRjyi2c_Gzs%3Fversion%3D3%26rel%3D1%26showsearch%3D0%26showinfo%3D1%26iv_load_policy%3D1%26fs%3D1%26hl%3Des-ES%26autohide%3D2%26wmode%3Dtransparent\n<\/div><\/figure>\n","protected":false},"excerpt":{"rendered":"<p>George Russell no se sinti\u00f3 c\u00f3modo con Mercedes en Monza, pero cree que el equipo a\u00fan tiene mucho potencial por desbloquear antes de la clasificaci\u00f3n.<\/p>\n","protected":false},"author":0,"featured_media":1010361938,"comment_status":"closed","ping_status":"closed","sticky":false,"template":"","format":"standard","meta":{"42wp_featured_image_caption":"","42wp_featured_image_credits":"","42wp_featured_video":"","42wp_featured_image_hidden":false,"42wp_authors_list":[],"footnotes":""},"categories":[5],"tags":[6800,1710,179,253,673,197,645,11524],"42wp_author":[14240],"class_list":["post-5449","post","type-post","status-publish","format-standard","has-post-thumbnail","hentry","category-f1","tag-andrea-kimi-antonelli","tag-f1-2025","tag-formula-1","tag-george-russell","tag-gp-de-italia","tag-mercedes","tag-monza","tag-w16","42wp_author-ignacio-bogado"],"_links":{"self":[{"href":"https:\/\/grandepremio.com\/es\/wp-json\/wp\/v2\/posts\/5449","targetHints":{"allow":["GET"]}}],"collection":[{"href":"https:\/\/grandepremio.com\/es\/wp-json\/wp\/v2\/posts"}],"about":[{"href":"https:\/\/grandepremio.com\/es\/wp-json\/wp\/v2\/types\/post"}],"replies":[{"embeddable":true,"href":"https:\/\/grandepremio.com\/es\/wp-json\/wp\/v2\/comments?post=5449"}],"version-history":[{"count":0,"href":"https:\/\/grandepremio.com\/es\/wp-json\/wp\/v2\/posts\/5449\/revisions"}],"wp:featuredmedia":[{"embeddable":true,"href":"https:\/\/grandepremio.com\/es\/wp-json\/wp\/v2\/media\/1010361938"}],"wp:attachment":[{"href":"https:\/\/grandepremio.com\/es\/wp-json\/wp\/v2\/media?parent=5449"}],"wp:term":[{"taxonomy":"category","embeddable":true,"href":"https:\/\/grandepremio.com\/es\/wp-json\/wp\/v2\/categories?post=5449"},{"taxonomy":"post_tag","embeddable":true,"href":"https:\/\/grandepremio.com\/es\/wp-json\/wp\/v2\/tags?post=5449"},{"taxonomy":"42wp_author","embeddable":true,"href":"https:\/\/grandepremio.com\/es\/wp-json\/wp\/v2\/42wp_author?post=5449"}],"curies":[{"name":"wp","href":"https:\/\/api.w.org\/{rel}","templated":true}]}}