{"id":5474,"date":"2025-09-04T10:39:18","date_gmt":"2025-09-04T13:39:18","guid":{"rendered":"https:\/\/grandepremio.com\/es\/2025\/09\/04\/franco-colapinto-alpine-confianza-previa-gp-italia-expectativa-puntos\/"},"modified":"2025-09-04T10:39:21","modified_gmt":"2025-09-04T13:39:21","slug":"franco-colapinto-alpine-confianza-previa-gp-italia-expectativa-puntos","status":"publish","type":"post","link":"https:\/\/grandepremio.com\/es\/f1\/franco-colapinto-alpine-confianza-previa-gp-italia-expectativa-puntos\/","title":{"rendered":"Colapinto destaca aumento de confianza en F1 y asegura: &#8220;Pronto llegar\u00e1n los puntos&#8221;"},"content":{"rendered":"\n<p class=\"wp-block-paragraph\"><strong>Franco Colapinto<\/strong> termin\u00f3 el <strong>Gran Premio de los Pa\u00edses Bajos<\/strong>, celebrado la semana pasada, en und\u00e9cima posici\u00f3n y estuvo a punto de sumar puntos por primera vez desde que debut\u00f3 en la <strong>F1 <\/strong>con <strong>Alpine<\/strong>. El resultado le permiti\u00f3 mostrar confianza en que los buenos resultados est\u00e1n en camino.<\/p>\n\n\n\n<p class=\"wp-block-paragraph\">\ud83d\udfe5&nbsp;<strong><em>\u00a1Todas las novedades te esperan en el canal de&nbsp;<\/em><\/strong><a href=\"https:\/\/www.youtube.com\/@GrandePremioES\"><em>YouTube<\/em><\/a><strong><em>&nbsp;de Grande Pr\u00eamio en Espa\u00f1ol!<\/em><\/strong>&nbsp;\ud83d\udfe8<\/p>\n\n\n\n<p class=\"wp-block-paragraph\">El jueves por la ma\u00f1ana, durante la rueda de prensa oficial de la <strong>FIA<\/strong> en <strong>Monza <\/strong>previo al <strong>GP de Italia<\/strong>, <strong>Colapinto <\/strong>adopt\u00f3 una visi\u00f3n positiva y dijo que el rendimiento en <strong>Zandvoort <\/strong>fue positivo.<\/p>\n\n\n\n<p class=\"wp-block-paragraph\">\u00abTuvimos un buen fin de semana en <strong>Zandvoort<\/strong>. Estoy contento con nuestro ritmo y el desarrollo de la competencia\u00bb, dijo.<\/p>\n\n\n\n<p class=\"wp-block-paragraph\">\u23e9\u00a0<em><strong>\u00a1Seguinos en redes por\u00a0<\/strong><\/em><a href=\"https:\/\/twitter.com\/grandepremioES\"><em><u>Twitter\u00a0<\/u><\/em><\/a><em><strong>e\u00a0<\/strong><\/em><a href=\"https:\/\/www.instagram.com\/grandepremioes\/\"><em><u>Instagram!<br><\/u><\/em><\/a>\u23e9\u00a0<em><strong>Adem\u00e1s, tenemos nuestro\u00a0<\/strong><\/em><a href=\"https:\/\/whatsapp.com\/channel\/0029VaDZ5zb0gcfDxuwxBM05\"><em><u>canal de Whatsapp<\/u><\/em><\/a><em><strong>\u00a0con toda la informaci\u00f3n al instante<\/strong><\/em>\u00a0\ud83c\udfc1<\/p>\n\n\n\n<figure class=\"wp-block-image size-full\"><img decoding=\"async\" src=\"https:\/\/grandepremio.com\/es\/wp-content\/uploads\/..\/gp_br_uploads\/2025\/08\/paises-baixos-2025-f1-treinos-livres-alpine-franco-colapinto-01-1.jpg\" alt=\"\" class=\"wp-image-360432\"\/><figcaption class=\"wp-element-caption\">Franco Colapinto destaca el aumento en la confianza tras el GP de Pa\u00edses Bajos (Foto: Gabriel L\u00f3pez \/ Grande Pr\u00eamio)<\/figcaption><\/figure>\n\n\n\n<p class=\"wp-block-paragraph\">\u00abEn la carrera, el equipo trabaj\u00f3 bien con la estrategia. Fue una pena no haber puntuado, estuvimos muy cerca, pero s\u00e9 que pronto lo haremos\u00bb, continu\u00f3.<\/p>\n\n\n\n<p class=\"wp-block-paragraph\">\u00abAl principio me cost\u00f3 adaptarme a la <strong>F1<\/strong>, pero te vas acostumbrando con la experiencia. Todo el equipo, tanto el de pista como el de f\u00e1brica, trabaja al m\u00e1ximo para que el coche sea m\u00e1s r\u00e1pido\u00bb, a\u00f1adi\u00f3.<\/p>\n\n\n\n<p class=\"wp-block-paragraph\">La&nbsp;<strong>F1&nbsp;<\/strong>regresa a la acci\u00f3n del 5 al 7 de septiembre con el&nbsp;<strong>GP de Italia<\/strong>&nbsp;en&nbsp;<strong>Monza<\/strong>. GRANDE PREMIO en ESPA\u00d1OL realizar\u00e1 una cobertura completa del evento.<\/p>\n\n\n\n<figure class=\"wp-block-embed is-type-video is-provider-youtube wp-block-embed-youtube wp-embed-aspect-16-9 wp-has-aspect-ratio\"><div class=\"wp-block-embed__wrapper\">\n<iframe loading=\"lazy\" title=\"\u00bfCU\u00c1LES SON LAS CAUSAS DE LA CRISIS DE HAMILTON EN FERRARI EN F1 2025?\" width=\"500\" height=\"281\" src=\"https:\/\/www.youtube.com\/embed\/4zhnpxq_o3M?feature=oembed\" frameborder=\"0\" allow=\"accelerometer; autoplay; clipboard-write; encrypted-media; gyroscope; picture-in-picture; web-share\" referrerpolicy=\"strict-origin-when-cross-origin\" allowfullscreen><\/iframe>\n<\/div><\/figure>\n","protected":false},"excerpt":{"rendered":"<p>Franco Colapinto estuvo a punto de puntuar en el Gran Premio de los Pa\u00edses Bajos. Sin embargo, estar tan cerca de los puntos le permiti\u00f3 recuperar la confianza para el resto del a\u00f1o.<\/p>\n","protected":false},"author":0,"featured_media":1010361582,"comment_status":"closed","ping_status":"closed","sticky":false,"template":"","format":"standard","meta":{"42wp_featured_image_caption":"","42wp_featured_image_credits":"","42wp_featured_video":"","42wp_featured_image_hidden":false,"42wp_authors_list":[],"footnotes":""},"categories":[5],"tags":[678,181,1710,179,8059,814,12856,1488,9647],"42wp_author":[14239],"class_list":["post-5474","post","type-post","status-publish","format-standard","has-post-thumbnail","hentry","category-f1","tag-alpine","tag-f1","tag-f1-2025","tag-formula-1","tag-formula-1-2025","tag-franco-colapinto","tag-gp-de-italia-2025","tag-grande-premio","tag-temporada-2025-f1","42wp_author-jp-otrosky"],"_links":{"self":[{"href":"https:\/\/grandepremio.com\/es\/wp-json\/wp\/v2\/posts\/5474","targetHints":{"allow":["GET"]}}],"collection":[{"href":"https:\/\/grandepremio.com\/es\/wp-json\/wp\/v2\/posts"}],"about":[{"href":"https:\/\/grandepremio.com\/es\/wp-json\/wp\/v2\/types\/post"}],"replies":[{"embeddable":true,"href":"https:\/\/grandepremio.com\/es\/wp-json\/wp\/v2\/comments?post=5474"}],"version-history":[{"count":0,"href":"https:\/\/grandepremio.com\/es\/wp-json\/wp\/v2\/posts\/5474\/revisions"}],"wp:featuredmedia":[{"embeddable":true,"href":"https:\/\/grandepremio.com\/es\/wp-json\/wp\/v2\/media\/1010361582"}],"wp:attachment":[{"href":"https:\/\/grandepremio.com\/es\/wp-json\/wp\/v2\/media?parent=5474"}],"wp:term":[{"taxonomy":"category","embeddable":true,"href":"https:\/\/grandepremio.com\/es\/wp-json\/wp\/v2\/categories?post=5474"},{"taxonomy":"post_tag","embeddable":true,"href":"https:\/\/grandepremio.com\/es\/wp-json\/wp\/v2\/tags?post=5474"},{"taxonomy":"42wp_author","embeddable":true,"href":"https:\/\/grandepremio.com\/es\/wp-json\/wp\/v2\/42wp_author?post=5474"}],"curies":[{"name":"wp","href":"https:\/\/api.w.org\/{rel}","templated":true}]}}