{"id":5489,"date":"2025-09-03T11:26:15","date_gmt":"2025-09-03T14:26:15","guid":{"rendered":"https:\/\/grandepremio.com\/es\/2025\/09\/03\/marc-marquez-busca-mximo-posible-puntos-cataluna-motogp-2025\/"},"modified":"2025-09-03T17:24:29","modified_gmt":"2025-09-03T20:24:29","slug":"marc-marquez-busca-mximo-posible-puntos-cataluna-motogp-2025","status":"publish","type":"post","link":"https:\/\/grandepremio.com\/es\/motogp\/marc-marquez-busca-mximo-posible-puntos-cataluna-motogp-2025\/","title":{"rendered":"Marc M\u00e1rquez busca \u00abm\u00e1ximo posible de puntos\u00bb en Catalu\u00f1a: \u00abNo es mi circuito\u00bb"},"content":{"rendered":"\n<p class=\"wp-block-paragraph\"><strong>Marc M\u00e1rquez<\/strong> llega al <strong>GP de Catalu\u00f1a<\/strong> de este fin de semana decidido a sumar el m\u00e1ximo n\u00famero de puntos posible. El espa\u00f1ol, que est\u00e1 teniendo una temporada dominante en <strong>MotoGP<\/strong>, enfatiz\u00f3 que el circuito de <strong>Barcelona<\/strong> no es uno de sus mejores y que favorece a las caracter\u00edsticas de sus rivales.<\/p>\n\n\n\n<p class=\"wp-block-paragraph\">El mayor de los hermanos M\u00e1rquez domina la <strong>temporada 2025<\/strong> con mano de hierro. Con 13 victorias en sprints y diez victorias en GP, \u200b\u200bel piloto del #93 lidera el <strong>Campeonato Mundial<\/strong> con 455 puntos, 175 m\u00e1s que el segundo clasificado, <strong>\u00c1lex M\u00e1rquez<\/strong>. Dependiendo de lo que suceda este fin de semana, podr\u00eda tener su primera oportunidad de alzarse con el t\u00edtulo en el <strong>GP de San Marino y Riviera di Rimini<\/strong> la pr\u00f3xima semana.<\/p>\n\n\n\n<p class=\"wp-block-paragraph\">\ud83d\udfe5&nbsp;<strong><em>\u00a1Todas las novedades te esperan en el canal de&nbsp;<\/em><\/strong><a href=\"https:\/\/www.youtube.com\/@GrandePremioES\"><em>YouTube<\/em><\/a><strong><em>&nbsp;de Grande Pr\u00eamio en Espa\u00f1ol!<\/em><\/strong>&nbsp;\ud83d\udfe8<\/p>\n\n\n\n<figure class=\"wp-block-image size-full\"><img decoding=\"async\" src=\"https:\/\/grandepremio.com\/es\/wp-content\/uploads\/..\/gp_br_uploads\/2025\/08\/AFP__20250823__72AR2UC__v1__MidRes__MotoPrixHunMotogpSprint.jpg\" alt=\"\" class=\"wp-image-359323\"\/><figcaption class=\"wp-element-caption\">Marc M\u00e1rquez espera sacar la m\u00e1xima cantidad de puntos posible en Barcelona. (Foto: AFP)<\/figcaption><\/figure>\n\n\n\n<p class=\"wp-block-paragraph\">\u23e9&nbsp;<em><strong>\u00a1Seguinos en redes por&nbsp;<\/strong><\/em><a href=\"https:\/\/twitter.com\/grandepremioES\"><em><u>Twitter&nbsp;<\/u><\/em><\/a><em><strong>e&nbsp;<\/strong><\/em><a href=\"https:\/\/www.instagram.com\/grandepremioes\/\"><em><u>Instagram!<br><\/u><\/em><\/a>\u23e9&nbsp;<em><strong>Adem\u00e1s, tenemos nuestro&nbsp;<\/strong><\/em><a href=\"https:\/\/whatsapp.com\/channel\/0029VaDZ5zb0gcfDxuwxBM05\"><em><u>canal de Whatsapp<\/u><\/em><\/a><em><strong>&nbsp;con toda la informaci\u00f3n al instante<\/strong><\/em>&nbsp;\ud83c\udfc1<\/p>\n\n\n\n<p class=\"wp-block-paragraph\">El piloto de <strong>Ducati<\/strong>, sin embargo, evita proclamarse vencedor prematuramente y afronta la carrera catalana con cautela, ya que cree que el circuito no es uno de los m\u00e1s favorables para \u00e9l. A lo largo de su carrera, Marc ha ganado dos carreras en Catalu\u00f1a: en <strong>2014<\/strong> y <strong>2019<\/strong>.<\/p>\n\n\n\n<p class=\"wp-block-paragraph\">&#8220;Este no es uno de mis mejores circuitos, ni siquiera en cuanto a resultados&#8221;, remarc\u00f3. &#8220;De todas formas, es mi carrera de casa, y el ambiente que crea la afici\u00f3n siempre es \u00fanico y especial&#8221;, coment\u00f3.<\/p>\n\n\n\n<p class=\"wp-block-paragraph\">&#8220;A partir de los entrenamientos libres del viernes, intentaremos comprender las verdaderas fortalezas de la parrilla. Mantendremos la concentraci\u00f3n y sumaremos el m\u00e1ximo de puntos posible, teniendo en cuenta que este circuito realmente valora la conducci\u00f3n y la t\u00e9cnica de nuestros rivales&#8221;, concluy\u00f3.<\/p>\n\n\n\n<p class=\"wp-block-paragraph\"><strong>MotoGP&nbsp;<\/strong>vuelve a la acci\u00f3n entre el 5 y 7 de septiembre con el&nbsp;<strong>GP de Catalu\u00f1a<\/strong>, en&nbsp;<strong>Barcelona<\/strong>, decimoquinta fecha de la&nbsp;<strong>temporada 2025<\/strong>.<\/p>\n\n\n\n<figure class=\"wp-block-embed is-type-video is-provider-youtube wp-block-embed-youtube wp-embed-aspect-16-9 wp-has-aspect-ratio\"><div class=\"wp-block-embed__wrapper\">\n<iframe loading=\"lazy\" title=\"\u00bfCU\u00c1LES SON LAS CAUSAS DE LA CRISIS DE HAMILTON EN FERRARI EN F1 2025?\" width=\"500\" height=\"281\" src=\"https:\/\/www.youtube.com\/embed\/4zhnpxq_o3M?feature=oembed\" frameborder=\"0\" allow=\"accelerometer; autoplay; clipboard-write; encrypted-media; gyroscope; picture-in-picture; web-share\" referrerpolicy=\"strict-origin-when-cross-origin\" allowfullscreen><\/iframe>\n<\/div><\/figure>\n","protected":false},"excerpt":{"rendered":"<p>Marc M\u00e1rquez elogi\u00f3 el ambiente de la afici\u00f3n en Barcelona, \u200b\u200bpero recalc\u00f3 que el circuito no es el mejor para \u00e9l. El espa\u00f1ol consider\u00f3 que las caracter\u00edsticas de la pista favorecen a sus rivales.<\/p>\n","protected":false},"author":0,"featured_media":1010359116,"comment_status":"closed","ping_status":"closed","sticky":false,"template":"","format":"standard","meta":{"42wp_featured_image_caption":"","42wp_featured_image_credits":"","42wp_featured_video":"","42wp_featured_image_hidden":false,"42wp_authors_list":[],"footnotes":""},"categories":[8],"tags":[577,1340,1399,1392,1293,9621],"42wp_author":[14240],"class_list":["post-5489","post","type-post","status-publish","format-standard","has-post-thumbnail","hentry","category-motogp","tag-barcelona","tag-ducati","tag-gp-de-cataluna","tag-marc-marquez-2","tag-motogp","tag-motogp-2025","42wp_author-ignacio-bogado"],"_links":{"self":[{"href":"https:\/\/grandepremio.com\/es\/wp-json\/wp\/v2\/posts\/5489","targetHints":{"allow":["GET"]}}],"collection":[{"href":"https:\/\/grandepremio.com\/es\/wp-json\/wp\/v2\/posts"}],"about":[{"href":"https:\/\/grandepremio.com\/es\/wp-json\/wp\/v2\/types\/post"}],"replies":[{"embeddable":true,"href":"https:\/\/grandepremio.com\/es\/wp-json\/wp\/v2\/comments?post=5489"}],"version-history":[{"count":0,"href":"https:\/\/grandepremio.com\/es\/wp-json\/wp\/v2\/posts\/5489\/revisions"}],"wp:featuredmedia":[{"embeddable":true,"href":"https:\/\/grandepremio.com\/es\/wp-json\/wp\/v2\/media\/1010359116"}],"wp:attachment":[{"href":"https:\/\/grandepremio.com\/es\/wp-json\/wp\/v2\/media?parent=5489"}],"wp:term":[{"taxonomy":"category","embeddable":true,"href":"https:\/\/grandepremio.com\/es\/wp-json\/wp\/v2\/categories?post=5489"},{"taxonomy":"post_tag","embeddable":true,"href":"https:\/\/grandepremio.com\/es\/wp-json\/wp\/v2\/tags?post=5489"},{"taxonomy":"42wp_author","embeddable":true,"href":"https:\/\/grandepremio.com\/es\/wp-json\/wp\/v2\/42wp_author?post=5489"}],"curies":[{"name":"wp","href":"https:\/\/api.w.org\/{rel}","templated":true}]}}