{"id":5498,"date":"2025-09-02T13:15:51","date_gmt":"2025-09-02T16:15:51","guid":{"rendered":"https:\/\/grandepremio.com\/es\/2025\/09\/02\/maverick-vinales-vuelve-cataluna-motogp-2025\/"},"modified":"2025-09-02T13:16:52","modified_gmt":"2025-09-02T16:16:52","slug":"maverick-vinales-vuelve-cataluna-motogp-2025","status":"publish","type":"post","link":"https:\/\/grandepremio.com\/es\/motogp\/maverick-vinales-vuelve-cataluna-motogp-2025\/","title":{"rendered":"Vi\u00f1ales vuelve en Catalu\u00f1a para &#8220;entender&#8221; su condici\u00f3n, y admite &#8220;no estar al 100%&#8221;"},"content":{"rendered":"\n<p class=\"wp-block-paragraph\"><strong>Maverick Vi\u00f1ales<\/strong> volver\u00e1 a la acci\u00f3n en el<strong> MotoGP<\/strong> durante el <strong>Gran Premio de Catalu\u00f1a<\/strong> de este fin de semana. El piloto espa\u00f1ol reconoci\u00f3 que no estar\u00e1 al 100 %, pero subray\u00f3 que quiere evaluar su forma f\u00edsica tras semanas de recuperaci\u00f3n.<\/p>\n\n\n\n<p class=\"wp-block-paragraph\">\u00ab<strong>Top Gun<\/strong>\u00bb se lesion\u00f3 el hombro izquierdo en un accidente durante la clasificaci\u00f3n en<strong> Alemania <\/strong>y tuvo que someterse a una operaci\u00f3n quir\u00fargica. <a href=\"https:\/\/grandepremio.com\/es\/motogp\/maverick-vinales-retiro-lesion-austria-motogp\/\">El piloto de<strong> Tech3<\/strong> intent\u00f3 volver en Austria, pero sufri\u00f3 dolores y acab\u00f3 retir\u00e1ndose de la etapa en el<strong> Red Bull Ring<\/strong> durante los entrenamientos.<\/a><\/p>\n\n\n\n<p class=\"wp-block-paragraph\">Ahora, tras dos semanas m\u00e1s de recuperaci\u00f3n, Maverick vuelve a intentarlo, pero sigue siendo consciente de sus limitaciones.<\/p>\n\n\n\n<p class=\"wp-block-paragraph\"><strong><em>\u00a1Todas las novedades te esperan en el canal de\u00a0<a href=\"https:\/\/www.youtube.com\/@GrandePremioES\" target=\"_blank\" rel=\"noreferrer noopener\">YouTube<\/a>\u00a0de Grande Pr\u00eamio en Espa\u00f1ol!<\/em><\/strong><\/p>\n\n\n\n<figure class=\"wp-block-embed is-type-video is-provider-youtube wp-block-embed-youtube wp-embed-aspect-16-9 wp-has-aspect-ratio\"><div class=\"wp-block-embed__wrapper\">\n<iframe loading=\"lazy\" title=\"COLAPINTO COMPLETA SU MEJOR CARRERA DEL A\u00d1O EN PA\u00cdSES BAJOS\" width=\"500\" height=\"281\" src=\"https:\/\/www.youtube.com\/embed\/gVQi6rAKXBc?feature=oembed\" frameborder=\"0\" allow=\"accelerometer; autoplay; clipboard-write; encrypted-media; gyroscope; picture-in-picture; web-share\" referrerpolicy=\"strict-origin-when-cross-origin\" allowfullscreen><\/iframe>\n<\/div><\/figure>\n\n\n\n<p class=\"wp-block-paragraph\">\u00abHe tenido dos semanas m\u00e1s de recuperaci\u00f3n desde el GP de Austria, lo que ha sido muy beneficioso para nosotros\u00bb, expres\u00f3 Vi\u00f1ales. \u00abHemos aumentado el nivel y la intensidad de nuestros entrenamientos, y cada d\u00eda me siento m\u00e1s fuerte\u00bb, continu\u00f3.<\/p>\n\n\n\n<p class=\"wp-block-paragraph\">\u00abEs importante para nosotros estar en el GP de Catalu\u00f1a esta semana, mi carrera en casa, ya que nos ayudar\u00e1 a evaluar el trabajo que hemos realizado recientemente con todo mi equipo para ver d\u00f3nde estamos\u00bb, reflexion\u00f3. \u00abSin duda, no estaremos al 100 % este fin de semana, pero el objetivo es entender nuestra condici\u00f3n en la moto\u00bb, subray\u00f3.<\/p>\n\n\n\n<p class=\"wp-block-paragraph\"><strong><em>\u00a1Seguinos en redes por\u00a0<a href=\"https:\/\/twitter.com\/grandepremioES\" target=\"_blank\" rel=\"noreferrer noopener\">Twitter\u00a0<\/a>e\u00a0<a href=\"https:\/\/www.instagram.com\/grandepremioes\/\" target=\"_blank\" rel=\"noreferrer noopener\">Instagram!<\/a><\/em><\/strong><br><strong><em>Adem\u00e1s, tenemos nuestro\u00a0<a href=\"https:\/\/whatsapp.com\/channel\/0029VaDZ5zb0gcfDxuwxBM05\" target=\"_blank\" rel=\"noreferrer noopener\">canal de Whatsapp<\/a>\u00a0con toda la informaci\u00f3n al instante<\/em><\/strong><\/p>\n\n\n\n<figure class=\"wp-block-image size-full\"><img decoding=\"async\" src=\"https:\/\/grandepremio.com\/es\/wp-content\/uploads\/2025\/07\/AFP__20250711__66HP3PV__v1__MidRes__MotoPrixGerMotogpPractice.webp\" alt=\"\" class=\"wp-image-351492\"\/><figcaption class=\"wp-element-caption\">Maverick Vi\u00f1ales se lesion\u00f3 el hombro izquierdo y debi\u00f3 pasar por una cirug\u00eda. (Foto: AFP)<\/figcaption><\/figure>\n\n\n\n<p class=\"wp-block-paragraph\">Vi\u00f1ales destac\u00f3 que tendr\u00e1 que afrontar los entrenamientos paso a paso, pero se mostr\u00f3 animado por poder volver a ver al equipo.<\/p>\n\n\n\n<p class=\"wp-block-paragraph\">\u00abTendremos que afrontar el fin de semana sesi\u00f3n a sesi\u00f3n, empezando por las sensaciones del viernes por la ma\u00f1ana, y desde ah\u00ed hacia adelante. En cualquier caso, estoy muy emocionado por volver a encontrarme con el equipo\u00bb, concluy\u00f3.<\/p>\n","protected":false},"excerpt":{"rendered":"<p>Operado del hombro izquierdo tras una lesi\u00f3n, Maverick Vi\u00f1ales retornar\u00e1 a competir en el GP de Catalu\u00f1a de MotoGP, aunque asegur\u00f3 que no estar\u00e1 &#8220;al 100%&#8221;<\/p>\n","protected":false},"author":0,"featured_media":1010347124,"comment_status":"closed","ping_status":"closed","sticky":false,"template":"","format":"standard","meta":{"42wp_featured_image_caption":"","42wp_featured_image_credits":"","42wp_featured_video":"","42wp_featured_image_hidden":false,"42wp_authors_list":[],"footnotes":""},"categories":[8],"tags":[2260,1391,1293,9621,1528],"42wp_author":[14223],"class_list":["post-5498","post","type-post","status-publish","format-standard","has-post-thumbnail","hentry","category-motogp","tag-cataluna","tag-maverick-vinales","tag-motogp","tag-motogp-2025","tag-tech3","42wp_author-esteban-nieto"],"_links":{"self":[{"href":"https:\/\/grandepremio.com\/es\/wp-json\/wp\/v2\/posts\/5498","targetHints":{"allow":["GET"]}}],"collection":[{"href":"https:\/\/grandepremio.com\/es\/wp-json\/wp\/v2\/posts"}],"about":[{"href":"https:\/\/grandepremio.com\/es\/wp-json\/wp\/v2\/types\/post"}],"replies":[{"embeddable":true,"href":"https:\/\/grandepremio.com\/es\/wp-json\/wp\/v2\/comments?post=5498"}],"version-history":[{"count":0,"href":"https:\/\/grandepremio.com\/es\/wp-json\/wp\/v2\/posts\/5498\/revisions"}],"wp:featuredmedia":[{"embeddable":true,"href":"https:\/\/grandepremio.com\/es\/wp-json\/wp\/v2\/media\/1010347124"}],"wp:attachment":[{"href":"https:\/\/grandepremio.com\/es\/wp-json\/wp\/v2\/media?parent=5498"}],"wp:term":[{"taxonomy":"category","embeddable":true,"href":"https:\/\/grandepremio.com\/es\/wp-json\/wp\/v2\/categories?post=5498"},{"taxonomy":"post_tag","embeddable":true,"href":"https:\/\/grandepremio.com\/es\/wp-json\/wp\/v2\/tags?post=5498"},{"taxonomy":"42wp_author","embeddable":true,"href":"https:\/\/grandepremio.com\/es\/wp-json\/wp\/v2\/42wp_author?post=5498"}],"curies":[{"name":"wp","href":"https:\/\/api.w.org\/{rel}","templated":true}]}}