{"id":5531,"date":"2025-08-31T13:10:35","date_gmt":"2025-08-31T16:10:35","guid":{"rendered":"https:\/\/grandepremio.com\/es\/2025\/08\/31\/oscar-piastri-mclaren-victoria-gp-paises-bajos-formula-1-2025\/"},"modified":"2025-08-31T13:17:01","modified_gmt":"2025-08-31T16:17:01","slug":"oscar-piastri-mclaren-victoria-gp-paises-bajos-formula-1-2025","status":"publish","type":"post","link":"https:\/\/grandepremio.com\/es\/f1\/oscar-piastri-mclaren-victoria-gp-paises-bajos-formula-1-2025\/","title":{"rendered":"Piastri celebra la &#8220;c\u00f3moda&#8221; victoria en Pa\u00edses Bajos y lamenta el abandono de Norris"},"content":{"rendered":"\n<p class=\"wp-block-paragraph\"><strong>Oscar Piastri <\/strong>gan\u00f3 el <strong>Gran Premio de los Pa\u00edses Bajos<\/strong>, que se celebr\u00f3 este domingo por la ma\u00f1ana. El l\u00edder del campeonato finaliz\u00f3 en primera posici\u00f3n tras salir desde la pole y aprovechar el abandono de <strong>Lando Norris<\/strong> por un problema mec\u00e1nico. Y aunque lament\u00f3 lo sucedido a su compa\u00f1ero de equipo, <strong>Piastri<\/strong> asegur\u00f3 que siempre tuvo la carrera bajo control.<\/p>\n\n\n\n<p class=\"wp-block-paragraph\">\ud83d\udfe5&nbsp;<strong><em>\u00a1Todas las novedades te esperan en el canal de&nbsp;<\/em><\/strong><a href=\"https:\/\/www.youtube.com\/@GrandePremioES\"><em>YouTube<\/em><\/a><strong><em>&nbsp;de Grande Pr\u00eamio en Espa\u00f1ol!<\/em><\/strong>&nbsp;\ud83d\udfe8<\/p>\n\n\n\n<p class=\"wp-block-paragraph\">El <strong>Gran Premio de los Pa\u00edses Bajos<\/strong> puede haber sido un punto de inflexi\u00f3n en la lucha por el t\u00edtulo de la temporada 2025 de <strong>F\u00f3rmula 1. Norris<\/strong> lider\u00f3 todos los entrenamientos libres y la Q1 y Q2 de la clasificaci\u00f3n. Sin embargo, perdi\u00f3 la pole ante <strong>Piastri<\/strong> el s\u00e1bado y no pudo adelantarlo en la carrera del domingo.<\/p>\n\n\n\n<p class=\"wp-block-paragraph\">En algunos momentos, el #4 incluso dio indicios de que podr\u00eda situarse a menos de un segundo de distancia para activar el DRS, pero <strong>Oscar <\/strong>control\u00f3 bien la ventaja y no permiti\u00f3 el ataque de su rival. A siete vueltas del final, la diferencia entre los l\u00edderes era de aproximadamente 1.2 segundos, pero <strong>Norris <\/strong>not\u00f3 un olor extra\u00f1o en el coche. Poco despu\u00e9s, perdi\u00f3 potencia y tuvo que abandonar. <strong>Piastri<\/strong> lament\u00f3 lo sucedido a su compa\u00f1ero de <strong>McLaren<\/strong>, pero asegur\u00f3 que la carrera estaba bajo control.<\/p>\n\n\n\n<p class=\"wp-block-paragraph\">\u00abEs una sensaci\u00f3n estupenda, control\u00e9 la carrera cuando lo necesit\u00e9, pero fue una pena lo que le pas\u00f3 a <strong>Lando <\/strong>al final. Siempre estuve al mando y utilic\u00e9 el ritmo que ten\u00eda cuando lo necesitaba, as\u00ed que fue una carrera muy diferente a la que tuve aqu\u00ed el a\u00f1o pasado. As\u00ed que estoy muy contento con el trabajo que hemos realizado\u00bb, destac\u00f3.<\/p>\n\n\n\n<p class=\"wp-block-paragraph\">\u23e9&nbsp;<em><strong>\u00a1Seguinos en redes por&nbsp;<\/strong><\/em><a href=\"https:\/\/twitter.com\/grandepremioES\"><em><u>Twitter&nbsp;<\/u><\/em><\/a><em><strong>e&nbsp;<\/strong><\/em><a href=\"https:\/\/www.instagram.com\/grandepremioes\/\"><em><u>Instagram!<br><\/u><\/em><\/a>\u23e9&nbsp;<em><strong>Adem\u00e1s, tenemos nuestro&nbsp;<\/strong><\/em><a href=\"https:\/\/whatsapp.com\/channel\/0029VaDZ5zb0gcfDxuwxBM05\"><em><u>canal de Whatsapp<\/u><\/em><\/a><em><strong>&nbsp;con toda la informaci\u00f3n al instante<\/strong><\/em>&nbsp;\ud83c\udfc1<\/p>\n\n\n\n<figure class=\"wp-block-image size-large\"><img decoding=\"async\" src=\"https:\/\/grandepremio.com\/es\/wp-content\/uploads\/2025\/08\/Gzr1m1PXAAAzcjQ-1024x684.jpeg\" alt=\"\" class=\"wp-image-360976\"\/><figcaption class=\"wp-element-caption\">Oscar Piastri lamenta el abandono de Lando Norris en Zandvoort (Foto: McLaren)<\/figcaption><\/figure>\n\n\n\n<p class=\"wp-block-paragraph\"><strong>Piastri <\/strong>tuvo una carrera muy discreta en <strong>Zandvoort <\/strong>el a\u00f1o pasado. Mientras que <strong>Norris <\/strong>gan\u00f3 sin mayores dificultades, el australiano ni siquiera termin\u00f3 en el podio y finaliz\u00f3 cuarto. Tras la victoria en 2025, el l\u00edder del campeonato dijo que hab\u00eda trabajado duro con el equipo para llegar m\u00e1s fuerte a los <strong>Pa\u00edses Bajos<\/strong>.<\/p>\n\n\n\n<p class=\"wp-block-paragraph\">\u00abNada en especial, solo intent\u00e9 mejorar en todos los aspectos que pude. Cuando empec\u00e9 este fin de semana parec\u00eda que iba a ser dif\u00edcil, pero trabajamos bien para la clasificaci\u00f3n. El equipo que me rodea tambi\u00e9n trabaj\u00f3 duro y mejor\u00f3 mucho para que estuvi\u00e9ramos en una buena posici\u00f3n, sin ellos nada de esto habr\u00eda sido posible\u00bb, concluy\u00f3 Piastri.<\/p>\n\n\n\n<p class=\"wp-block-paragraph\">Con el abandono de <strong>Norris, Piastri<\/strong> sale del <strong>GP de los Pa\u00edses Bajos<\/strong> con 34 puntos de ventaja en el liderato del campeonato.<\/p>\n\n\n\n<p class=\"wp-block-paragraph\">La\u00a0<strong>F1\u00a0<\/strong>regresa a la acci\u00f3n del 5 al 7 de septiembre con el\u00a0<strong>GP de Italia<\/strong>\u00a0en\u00a0<strong>Monza<\/strong>. GRANDE PREMIO en ESPA\u00d1OL realizar\u00e1 una cobertura completa del evento.<\/p>\n","protected":false},"excerpt":{"rendered":"<p>Oscar Piastri record\u00f3 las dificultades que tuvo durante el Gran Premio de los Pa\u00edses Bajos de 2024 y dijo que trabaj\u00f3 duro para llegar en buena forma a la edici\u00f3n de 2025.<\/p>\n","protected":false},"author":0,"featured_media":1010360992,"comment_status":"closed","ping_status":"closed","sticky":false,"template":"","format":"standard","meta":{"42wp_featured_image_caption":"","42wp_featured_image_credits":"","42wp_featured_video":"","42wp_featured_image_hidden":false,"42wp_authors_list":[],"footnotes":""},"categories":[5],"tags":[181,1710,179,8059,12824,1488,269,278,9647],"42wp_author":[14239],"class_list":["post-5531","post","type-post","status-publish","format-standard","has-post-thumbnail","hentry","category-f1","tag-f1","tag-f1-2025","tag-formula-1","tag-formula-1-2025","tag-gp-de-paises-bajos-2025","tag-grande-premio","tag-mclaren","tag-oscar-piastri","tag-temporada-2025-f1","42wp_author-jp-otrosky"],"_links":{"self":[{"href":"https:\/\/grandepremio.com\/es\/wp-json\/wp\/v2\/posts\/5531","targetHints":{"allow":["GET"]}}],"collection":[{"href":"https:\/\/grandepremio.com\/es\/wp-json\/wp\/v2\/posts"}],"about":[{"href":"https:\/\/grandepremio.com\/es\/wp-json\/wp\/v2\/types\/post"}],"replies":[{"embeddable":true,"href":"https:\/\/grandepremio.com\/es\/wp-json\/wp\/v2\/comments?post=5531"}],"version-history":[{"count":0,"href":"https:\/\/grandepremio.com\/es\/wp-json\/wp\/v2\/posts\/5531\/revisions"}],"wp:featuredmedia":[{"embeddable":true,"href":"https:\/\/grandepremio.com\/es\/wp-json\/wp\/v2\/media\/1010360992"}],"wp:attachment":[{"href":"https:\/\/grandepremio.com\/es\/wp-json\/wp\/v2\/media?parent=5531"}],"wp:term":[{"taxonomy":"category","embeddable":true,"href":"https:\/\/grandepremio.com\/es\/wp-json\/wp\/v2\/categories?post=5531"},{"taxonomy":"post_tag","embeddable":true,"href":"https:\/\/grandepremio.com\/es\/wp-json\/wp\/v2\/tags?post=5531"},{"taxonomy":"42wp_author","embeddable":true,"href":"https:\/\/grandepremio.com\/es\/wp-json\/wp\/v2\/42wp_author?post=5531"}],"curies":[{"name":"wp","href":"https:\/\/api.w.org\/{rel}","templated":true}]}}