{"id":5539,"date":"2025-08-30T16:32:49","date_gmt":"2025-08-30T19:32:49","guid":{"rendered":"https:\/\/grandepremio.com\/es\/2025\/08\/30\/oward-confirma-favoritsimo-logra-pole-position-gp-nashville-de-indy\/"},"modified":"2025-08-30T16:36:44","modified_gmt":"2025-08-30T19:36:44","slug":"oward-confirma-favoritsimo-logra-pole-position-gp-nashville-de-indy","status":"publish","type":"post","link":"https:\/\/grandepremio.com\/es\/indy\/oward-confirma-favoritsimo-logra-pole-position-gp-nashville-de-indy\/","title":{"rendered":"O&#8217;Ward confirma favoritismo y logra la pole position del GP de Nashville de la Indy"},"content":{"rendered":"\n<p class=\"wp-block-paragraph\">El mexicano <strong>Pato O&#8217;Ward<\/strong> se encuentra en la pole position para el <strong>Gran Premio de Nashville<\/strong> de <strong>IndyCar<\/strong>. Tras liderar la sesi\u00f3n de entrenamientos matutinos, el piloto de <strong>McLaren<\/strong> fue el m\u00e1s r\u00e1pido en la sesi\u00f3n celebrada en el \u00f3valo de <strong>Lebanon<\/strong>, <strong>Tennessee<\/strong>, el s\u00e1bado por la tarde. Marc\u00f3 un tiempo de 47s260 en un total de dos vueltas. Esta es la s\u00e9ptima pole position en la carrera del coche #5.<\/p>\n\n\n\n<p class=\"wp-block-paragraph\">\ud83d\udfe5&nbsp;<strong><em>\u00a1Todas las novedades te esperan en el canal de&nbsp;<\/em><\/strong><a href=\"https:\/\/www.youtube.com\/@GrandePremioES\"><em>YouTube<\/em><\/a><strong><em>&nbsp;de Grande Pr\u00eamio en Espa\u00f1ol!<\/em><\/strong>&nbsp;\ud83d\udfe8<\/p>\n\n\n\n<figure class=\"wp-block-image size-full\"><img decoding=\"async\" src=\"https:\/\/grandepremio.com\/es\/wp-content\/uploads\/..\/gp_br_uploads\/2025\/08\/Borchetta-Bourbon-Music-City-Grand-Prix-Saturday_-August-30_-2025_Large-Image-Without-Watermark_m142064-scaled.jpg\" alt=\"\" class=\"wp-image-360826\"\/><figcaption class=\"wp-element-caption\">Pato O&#8217;Ward logr\u00f3 la pole position en Nasvhille. (Foto: IndyCar)<\/figcaption><\/figure>\n\n\n\n<p class=\"wp-block-paragraph\">\u23e9\u00a0<em><strong>\u00a1Seguinos en redes por\u00a0<\/strong><\/em><a href=\"https:\/\/twitter.com\/grandepremioES\"><em><u>Twitter\u00a0<\/u><\/em><\/a><em><strong>e\u00a0<\/strong><\/em><a href=\"https:\/\/www.instagram.com\/grandepremioes\/\"><em><u>Instagram!<br><\/u><\/em><\/a>\u23e9\u00a0<em><strong>Adem\u00e1s, tenemos nuestro\u00a0<\/strong><\/em><a href=\"https:\/\/whatsapp.com\/channel\/0029VaDZ5zb0gcfDxuwxBM05\"><em><u>canal de Whatsapp<\/u><\/em><\/a><em><strong>\u00a0con toda la informaci\u00f3n al instante<\/strong><\/em>\u00a0\ud83c\udfc1<\/p>\n\n\n\n<p class=\"wp-block-paragraph\">Por segunda semana consecutiva, <strong>David Malukas<\/strong> partir\u00e1 desde la primera fila. El piloto de <strong>AJ Foyt<\/strong> roz\u00f3 la pole position con un tiempo de 47s424, pero fue superado por el mexicano en la recta final de la sesi\u00f3n. Detr\u00e1s de \u00e9l se encuentra el dan\u00e9s <strong>Christian Lundgaard<\/strong>, tambi\u00e9n de McLaren, quien saldr\u00e1 junto al cuatro veces campe\u00f3n <strong>\u00c1lex Palou<\/strong> de <strong>Ganassi<\/strong>.<\/p>\n\n\n\n<p class=\"wp-block-paragraph\">El <strong>GP de Nasvhille<\/strong> de <strong>Indy<\/strong> est\u00e1 programado para comenzar este domingo a las 15h00 (horario de Buenos Aires) y ser\u00e1 el evento que culmine la <strong>temporada 2025<\/strong>.<\/p>\n\n\n\n<h2 class=\"wp-block-heading\">As\u00ed fue la \u00faltima clasificaci\u00f3n en Nashville de Indy 2025:<\/h2>\n\n\n\n<p class=\"wp-block-paragraph\">La bandera verde para la clasificaci\u00f3n onde\u00f3 a las 15h05. El primer piloto en la pista fue el estadounidense <strong>Jacob Abel<\/strong>, de <strong>Dale Coyne<\/strong>. Como era de esperar, su tiempo fue inferior al esperado, con un tiempo combinado de 48s912 en dos vueltas. Le sigui\u00f3 <strong>Devlin DeFrancesco<\/strong>, de <strong>RLL<\/strong>, con un tiempo de 48s218. <strong>Sting Ray Robb<\/strong>, de <strong>Juncos<\/strong>, super\u00f3 a ambos con un tiempo de 48s111.<\/p>\n\n\n\n<p class=\"wp-block-paragraph\">De <strong>Prema<\/strong>, <strong>Robert Shwartzman<\/strong> fue el primer piloto con vueltas en los 23s, cerrando la clasificaci\u00f3n con un tiempo combinado de 47s988. Su compa\u00f1ero de equipo <strong>Callum Ilott<\/strong>, penalizado por un cambio de motor, casi se accident\u00f3 en una vuelta, pero marc\u00f3 un tiempo de 47s684, coloc\u00e1ndose en cabeza.<\/p>\n\n\n\n<p class=\"wp-block-paragraph\">El primer <strong>McLaren<\/strong> en la pista, <strong>Nolan Siegel<\/strong>, mantuvo su racha de vueltas, marcando 47s553. <strong>Louis Foster<\/strong>, de RLL, fue quien rompi\u00f3 la racha, marcando tan solo 48s219, el segundo tiempo m\u00e1s bajo de la general. <strong>Marcus Ericsson<\/strong>, el primer piloto de <strong>Andretti<\/strong> del d\u00eda, termin\u00f3 provisionalmente tercero con un tiempo de 47s913 segundos.<\/p>\n\n\n\n<p class=\"wp-block-paragraph\">A pesar de las expectativas generadas en torno a <strong>Conor Daly<\/strong>, el piloto de Juncos decepcion\u00f3, registrando el segundo tiempo m\u00e1s bajo, 48s318. <strong>Kyffin Simpson<\/strong> fue el primer piloto de <strong>Ganassi<\/strong> del d\u00eda, subiendo al tercer puesto provisional con un tiempo de 47s712. El \u00faltimo piloto de RLL en la pista fue <strong>Graham Rahal<\/strong>. El veterano marc\u00f3 un tiempo de 48s206, entre Robb y DeFrancesco.<\/p>\n\n\n\n<p class=\"wp-block-paragraph\">Le sigui\u00f3 <strong>Josef Newgarden<\/strong>. El piloto de <strong>Penske<\/strong> tom\u00f3 la delantera con un tiempo de 47s549. <strong>Santino Ferrucci<\/strong>, de Foyt, sufri\u00f3 un grave accidente en la segunda vuelta, marcando un tiempo de 47s775 y col\u00e1ndose entre los cinco primeros. <strong>Alexander Rossi<\/strong>, a\u00fan por detr\u00e1s de los pilotos estadounidenses, termin\u00f3 octavo con un tiempo de 48s021.<\/p>\n\n\n\n<p class=\"wp-block-paragraph\"><strong>Rinus VeeKay<\/strong> tuvo dificultades, marcando un tiempo de 48s523 y terminando pen\u00faltimo, junto a su compa\u00f1ero de equipo Abel. <strong>Christian Rasmussen<\/strong>, ganador de la \u00faltima carrera, lider\u00f3 a <strong>Carpenter<\/strong> hasta el sexto puesto provisional con un tiempo de 47s878. El piloto dan\u00e9s tiene una penalizaci\u00f3n por cambio de motor. <strong>David Malukas<\/strong>, al volante de Foyt, adelant\u00f3 a Newgarden con un tiempo de 47s424, coloc\u00e1ndose en cabeza.<\/p>\n\n\n\n<p class=\"wp-block-paragraph\"><strong>Scott McLaughlin<\/strong> sigui\u00f3 su ejemplo y termin\u00f3 cuarto con un tiempo de 47s633. El vigente ganador de la carrera de Nashville, <strong>Colton Herta<\/strong>, al volante de Andretti, termin\u00f3 octavo con un tiempo de 47s811. <strong>Felix Rosenqvist<\/strong>, al volante de <strong>Meyer Shank<\/strong>, termin\u00f3 por debajo de Simpson con un tiempo de 47s713.<\/p>\n\n\n\n<p class=\"wp-block-paragraph\">El \u00faltimo Penske en pista fue pilotado por el australiano <strong>Will Power<\/strong>. El bicampe\u00f3n termin\u00f3 decepcionando, terminando en octavo lugar, detr\u00e1s de Rosenqvist, con un tiempo de 47s727. <strong>Marcus Armstrong<\/strong> fue el siguiente piloto en la pista, pero ni siquiera logr\u00f3 entrar en el top 10, marcando un tiempo de 47s885.<\/p>\n\n\n\n<p class=\"wp-block-paragraph\"><strong>Kyle Kirkwood<\/strong>, uno de los pilotos m\u00e1s r\u00e1pidos en la primera pr\u00e1ctica y actual poleman en Nashville, solo logr\u00f3 el noveno puesto para Andretti con un tiempo de 47s762. <strong>Christian Lundgaard<\/strong>, de McLaren, fue el siguiente. El dan\u00e9s marc\u00f3 un tiempo de 47s473, asegur\u00e1ndose un puesto provisional en la primera fila.<\/p>\n\n\n\n<p class=\"wp-block-paragraph\">El seis veces campe\u00f3n, <strong>Scott Dixon<\/strong>, sali\u00f3 con fuerza para Ganassi, marcando un tiempo de 47s538 y ascendiendo al tercer puesto. Los \u00faltimos pilotos en la pista fueron <strong>Pato O&#8217;Ward<\/strong>, de McLaren, y el vigente campe\u00f3n, <strong>\u00c1lex Palou<\/strong>, de Ganassi. El mexicano marc\u00f3 un tiempo de 47s260, arrebat\u00e1ndole la pole position provisional a Malukas y esperando s\u00f3lo a que el espa\u00f1ol la confirmara.<\/p>\n\n\n\n<h2 class=\"wp-block-heading\">Posiciones de largada del GP de Nashville de Indy:<\/h2>\n\n\n\n<figure class=\"wp-block-table\"><table class=\"has-fixed-layout\"><tbody><tr><td>POSICI\u00d3N<\/td><td>PILOTO<\/td><td>EQUIPO<\/td><td>TIEMPO<\/td><td>DIFERENCIA<\/td><\/tr><tr><td>1<\/td><td>P. O\u2019WARD<\/td><td>McLaren Chevrolet<\/td><td>47.261<\/td><td><\/td><\/tr><tr><td>2<\/td><td>D. MALUKAS<\/td><td>Foyt Chevrolet<\/td><td>47.424<\/td><td>+ 0.164<\/td><\/tr><tr><td>3<\/td><td>C. LUNDGAARD<\/td><td>McLaren Chevrolet<\/td><td>47.473<\/td><td>+ 0.213<\/td><\/tr><tr><td>4<\/td><td>A. PALOU<\/td><td>Ganassi Honda<\/td><td>47.499<\/td><td>+ 0.239<\/td><\/tr><tr><td>5<\/td><td>S. DIXON<\/td><td>Ganassi Honda<\/td><td>47.538<\/td><td>+ 0.278<\/td><\/tr><tr><td>6<\/td><td>J. NEWGARDEN<\/td><td>Penske Chevrolet<\/td><td>47.550<\/td><td>+ 0.289<\/td><\/tr><tr><td>7<\/td><td>N. SIEGEL<\/td><td>McLaren Chevrolet<\/td><td>47.553<\/td><td>+ 0.292<\/td><\/tr><tr><td>8<\/td><td>S. MCLAUGHLIN<\/td><td>Penske Chevrolet<\/td><td>47.633<\/td><td>+ 0.373<\/td><\/tr><tr><td>9<\/td><td>K. SIMPSON<\/td><td>Ganassi Honda<\/td><td>47.712<\/td><td>+ 0.452<\/td><\/tr><tr><td>10<\/td><td>F. ROSENQVIST<\/td><td>Meyer Shank Honda<\/td><td>47.714<\/td><td>+ 0.453<\/td><\/tr><tr><td>11<\/td><td>W. POWER<\/td><td>Penske Chevrolet<\/td><td>47.727<\/td><td>+ 0.467<\/td><\/tr><tr><td>12<\/td><td>K. KIRKWOOD<\/td><td>Andretti Honda<\/td><td>47.762<\/td><td>+ 0.502<\/td><\/tr><tr><td>13<\/td><td>S. FERRUCCI<\/td><td>Foyt Chevrolet<\/td><td>47.776<\/td><td>+ 0.515<\/td><\/tr><tr><td>14<\/td><td>C. HERTA<\/td><td>Andretti Honda<\/td><td>47.812<\/td><td>+ 0.551<\/td><\/tr><tr><td>15<\/td><td>M. ARMSTRONG<\/td><td>Meyer Shank Honda<\/td><td>47.885<\/td><td>+ 0.625<\/td><\/tr><tr><td>16<\/td><td>M. ERICSSON<\/td><td>Andretti Honda<\/td><td>47.913<\/td><td>+ 0.652<\/td><\/tr><tr><td>17<\/td><td>R. SHWARTZMAN<\/td><td>Prema Chevrolet<\/td><td>47.989<\/td><td>+ 0.728<\/td><\/tr><tr><td>18<\/td><td>C. ILOTT<\/td><td>Prema Chevrolet<\/td><td>47.684<\/td><td>+ 0.423<\/td><\/tr><tr><td>19<\/td><td>A. ROSSI<\/td><td>Carpenter Chevrolet<\/td><td>48.021<\/td><td>+ 0.761<\/td><\/tr><tr><td>20<\/td><td>S. ROBB<\/td><td>Juncos Chevrolet<\/td><td>48.112<\/td><td>+ 0.851<\/td><\/tr><tr><td>21<\/td><td>G. RAHAL<\/td><td>RLL Honda<\/td><td>48.206<\/td><td>+ 0.945<\/td><\/tr><tr><td>22<\/td><td>D. DEFRANCESCO<\/td><td>RLL Honda<\/td><td>48.219<\/td><td>+ 0.958<\/td><\/tr><tr><td>23<\/td><td>L. FOSTER<\/td><td>RLL Honda<\/td><td>48.220<\/td><td>+ 0.959<\/td><\/tr><tr><td>24<\/td><td>C. DALY<\/td><td>Juncos Chevrolet<\/td><td>48.318<\/td><td>+ 1.057<\/td><\/tr><tr><td>25<\/td><td>C. RASMUSSEN<\/td><td>Carpenter Chevrolet<\/td><td>47.878<\/td><td>+ 0.618<\/td><\/tr><tr><td>26<\/td><td>R. VEEKAY<\/td><td>Dale Coyne<\/td><td>48.524<\/td><td>+ 1.263<\/td><\/tr><tr><td>27<\/td><td>J. ABEL<\/td><td>Dale Coyne<\/td><td>48.912<\/td><td>+ 1.652<\/td><\/tr><\/tbody><\/table><\/figure>\n\n\n\n<figure class=\"wp-block-embed is-type-video is-provider-youtube wp-block-embed-youtube wp-embed-aspect-16-9 wp-has-aspect-ratio\"><div class=\"wp-block-embed__wrapper\">\n<iframe loading=\"lazy\" title=\"GP DE PA\u00cdSES BAJOS 2025 - LA PREVIA\" width=\"500\" height=\"281\" src=\"https:\/\/www.youtube.com\/embed\/uECgsqPVfmE?feature=oembed\" frameborder=\"0\" allow=\"accelerometer; autoplay; clipboard-write; encrypted-media; gyroscope; picture-in-picture; web-share\" referrerpolicy=\"strict-origin-when-cross-origin\" allowfullscreen><\/iframe>\n<\/div><\/figure>\n","protected":false},"excerpt":{"rendered":"<p>Por primera vez en su carrera, Pato O&#8217;Ward saldr\u00e1 desde la pole position en un \u00f3valo. El piloto de McLaren super\u00f3 a David Malukas de Foyt para liderar la parrilla en Nashville este domingo.<\/p>\n","protected":false},"author":0,"featured_media":1010360802,"comment_status":"closed","ping_status":"closed","sticky":false,"template":"","format":"standard","meta":{"42wp_featured_image_caption":"","42wp_featured_image_credits":"","42wp_featured_video":"","42wp_featured_image_hidden":false,"42wp_authors_list":[],"footnotes":""},"categories":[7],"tags":[3555,393,2829,987,1530,925,10163,269,3163,1419],"42wp_author":[14240],"class_list":["post-5539","post","type-post","status-publish","format-standard","has-post-thumbnail","hentry","category-indy","tag-aj-foyt","tag-alex-palou","tag-david-malukas","tag-ganassi","tag-gp-de-nashville","tag-indy","tag-indy-2025","tag-mclaren","tag-nashville","tag-pato-oward","42wp_author-ignacio-bogado"],"_links":{"self":[{"href":"https:\/\/grandepremio.com\/es\/wp-json\/wp\/v2\/posts\/5539","targetHints":{"allow":["GET"]}}],"collection":[{"href":"https:\/\/grandepremio.com\/es\/wp-json\/wp\/v2\/posts"}],"about":[{"href":"https:\/\/grandepremio.com\/es\/wp-json\/wp\/v2\/types\/post"}],"replies":[{"embeddable":true,"href":"https:\/\/grandepremio.com\/es\/wp-json\/wp\/v2\/comments?post=5539"}],"version-history":[{"count":0,"href":"https:\/\/grandepremio.com\/es\/wp-json\/wp\/v2\/posts\/5539\/revisions"}],"wp:featuredmedia":[{"embeddable":true,"href":"https:\/\/grandepremio.com\/es\/wp-json\/wp\/v2\/media\/1010360802"}],"wp:attachment":[{"href":"https:\/\/grandepremio.com\/es\/wp-json\/wp\/v2\/media?parent=5539"}],"wp:term":[{"taxonomy":"category","embeddable":true,"href":"https:\/\/grandepremio.com\/es\/wp-json\/wp\/v2\/categories?post=5539"},{"taxonomy":"post_tag","embeddable":true,"href":"https:\/\/grandepremio.com\/es\/wp-json\/wp\/v2\/tags?post=5539"},{"taxonomy":"42wp_author","embeddable":true,"href":"https:\/\/grandepremio.com\/es\/wp-json\/wp\/v2\/42wp_author?post=5539"}],"curies":[{"name":"wp","href":"https:\/\/api.w.org\/{rel}","templated":true}]}}