{"id":5557,"date":"2025-08-30T06:39:46","date_gmt":"2025-08-30T09:39:46","guid":{"rendered":"https:\/\/grandepremio.com\/es\/2025\/08\/30\/gp-paises-bajos-prevision-climatica-vientos-fuertes-lluvia-f1-2025\/"},"modified":"2025-08-30T06:39:49","modified_gmt":"2025-08-30T09:39:49","slug":"gp-paises-bajos-prevision-climatica-vientos-fuertes-lluvia-f1-2025","status":"publish","type":"post","link":"https:\/\/grandepremio.com\/es\/f1\/gp-paises-bajos-prevision-climatica-vientos-fuertes-lluvia-f1-2025\/","title":{"rendered":"La F1 afronta el s\u00e1bado con posibilidad de lluvia y fuertes vientos en Pa\u00edses Bajos"},"content":{"rendered":"\n<p class=\"wp-block-paragraph\">Tras las dos sesiones de entrenamientos libres que dieron inicio al fin de semana del <strong>Gran Premio de los Pa\u00edses Bajos<\/strong>, la F<strong>\u00f3rmula 1<\/strong> vuelve al <strong>Circuito de Zandvoort<\/strong> este s\u00e1bado para realizar dos sesiones m\u00e1s. El d\u00eda reserva la tercera y \u00faltima sesi\u00f3n de entrenamientos, adem\u00e1s de la clasificaci\u00f3n, que definir\u00e1 la parrilla de salida para la carrera del domingo. <\/p>\n\n\n\n<p class=\"wp-block-paragraph\">\ud83d\udfe5&nbsp;<strong><em>\u00a1Todas las novedades te esperan en el canal de&nbsp;<\/em><\/strong><a href=\"https:\/\/www.youtube.com\/@GrandePremioES\"><em>YouTube<\/em><\/a><strong><em>&nbsp;de Grande Pr\u00eamio en Espa\u00f1ol!<\/em><\/strong>&nbsp;\ud83d\udfe8<\/p>\n\n\n\n<p class=\"wp-block-paragraph\">Y se prev\u00e9 lluvia durante parte del d\u00eda, que promete ser fresco y traer tambi\u00e9n algunos cambios clim\u00e1ticos. La FP3 comenzar\u00e1 a las 11:30 hora local (6:30 en Buenos Aires), y se prev\u00e9 una pista mojada, ya que, poco m\u00e1s de una hora antes de la actividad, llueve en <strong>Zandvoort<\/strong>. Sin embargo, el d\u00eda promete alternar la presencia de lluvia con momentos de sol. La temperatura m\u00e1xima prevista es de 22 \u00baC, con una m\u00ednima de 17 \u00baC.<\/p>\n\n\n\n<p class=\"wp-block-paragraph\">La sensaci\u00f3n t\u00e9rmica ronda los 18 \u00b0C, mientras que las nubes cubren el 63% del cielo. La probabilidad de lluvia es considerable, del 57% durante el resto de la ma\u00f1ana, con una humedad relativa del 81%. Las r\u00e1fagas de viento, tan temidas por la actual generaci\u00f3n de coches de <strong>F\u00f3rmula 1<\/strong>, alcanzan los 39 km\/h en este segundo d\u00eda del <strong>Gran Premio de los Pa\u00edses Bajos<\/strong>.<\/p>\n\n\n\n<p class=\"wp-block-paragraph\">\u23e9\u00a0<em><strong>\u00a1Seguinos en redes por\u00a0<\/strong><\/em><a href=\"https:\/\/twitter.com\/grandepremioES\"><em><u>Twitter\u00a0<\/u><\/em><\/a><em><strong>e\u00a0<\/strong><\/em><a href=\"https:\/\/www.instagram.com\/grandepremioes\/\"><em><u>Instagram!<br><\/u><\/em><\/a>\u23e9\u00a0<em><strong>Adem\u00e1s, tenemos nuestro\u00a0<\/strong><\/em><a href=\"https:\/\/whatsapp.com\/channel\/0029VaDZ5zb0gcfDxuwxBM05\"><em><u>canal de Whatsapp<\/u><\/em><\/a><em><strong>\u00a0con toda la informaci\u00f3n al instante<\/strong><\/em>\u00a0\ud83c\udfc1<\/p>\n\n\n\n<figure class=\"wp-block-embed is-type-video is-provider-youtube wp-block-embed-youtube wp-embed-aspect-16-9 wp-has-aspect-ratio\"><div class=\"wp-block-embed__wrapper\">\n<iframe loading=\"lazy\" title=\"GP DE PA\u00cdSES BAJOS 2025 - LA PREVIA\" width=\"500\" height=\"281\" src=\"https:\/\/www.youtube.com\/embed\/uECgsqPVfmE?feature=oembed\" frameborder=\"0\" allow=\"accelerometer; autoplay; clipboard-write; encrypted-media; gyroscope; picture-in-picture; web-share\" referrerpolicy=\"strict-origin-when-cross-origin\" allowfullscreen><\/iframe>\n<\/div><\/figure>\n\n\n\n<p class=\"wp-block-paragraph\">Para la clasificaci\u00f3n, que tendr\u00e1 lugar por la tarde, la previsi\u00f3n es de 22 \u00baC, con una sensaci\u00f3n t\u00e9rmica de 19 \u00baC. Los vientos aumentan, con r\u00e1fagas de hasta 43 km\/h, pero las nubes disminuyen al 55% del cielo y tambi\u00e9n reducen las posibilidades de lluvia: solo un 25 %. La humedad relativa ronda el 64%.<\/p>\n\n\n\n<p class=\"wp-block-paragraph\"><strong>La F\u00f3rmula 1 continuar\u00e1 con su actividad este s\u00e1bado, con la disputa del tercer entrenamiento y la clasificaci\u00f3n del GP de Pa\u00edses Bajos.<\/strong><\/p>\n\n\n\n<p class=\"wp-block-paragraph\"><\/p>\n","protected":false},"excerpt":{"rendered":"<p>El s\u00e1bado promete ser fr\u00edo en Zandvoort, con un d\u00eda h\u00famedo y posibilidades de lluvia en la \u00faltima sesi\u00f3n de entrenamientos libres del Gran Premio de los Pa\u00edses Bajos. Para la clasificaci\u00f3n, la humedad disminuye y la velocidad del viento aumenta.<\/p>\n","protected":false},"author":0,"featured_media":1010360418,"comment_status":"closed","ping_status":"closed","sticky":false,"template":"","format":"standard","meta":{"42wp_featured_image_caption":"","42wp_featured_image_credits":"","42wp_featured_video":"","42wp_featured_image_hidden":false,"42wp_authors_list":[],"footnotes":""},"categories":[5],"tags":[181,1710,179,8059,12824,1488,9647],"42wp_author":[14239],"class_list":["post-5557","post","type-post","status-publish","format-standard","has-post-thumbnail","hentry","category-f1","tag-f1","tag-f1-2025","tag-formula-1","tag-formula-1-2025","tag-gp-de-paises-bajos-2025","tag-grande-premio","tag-temporada-2025-f1","42wp_author-jp-otrosky"],"_links":{"self":[{"href":"https:\/\/grandepremio.com\/es\/wp-json\/wp\/v2\/posts\/5557","targetHints":{"allow":["GET"]}}],"collection":[{"href":"https:\/\/grandepremio.com\/es\/wp-json\/wp\/v2\/posts"}],"about":[{"href":"https:\/\/grandepremio.com\/es\/wp-json\/wp\/v2\/types\/post"}],"replies":[{"embeddable":true,"href":"https:\/\/grandepremio.com\/es\/wp-json\/wp\/v2\/comments?post=5557"}],"version-history":[{"count":0,"href":"https:\/\/grandepremio.com\/es\/wp-json\/wp\/v2\/posts\/5557\/revisions"}],"wp:featuredmedia":[{"embeddable":true,"href":"https:\/\/grandepremio.com\/es\/wp-json\/wp\/v2\/media\/1010360418"}],"wp:attachment":[{"href":"https:\/\/grandepremio.com\/es\/wp-json\/wp\/v2\/media?parent=5557"}],"wp:term":[{"taxonomy":"category","embeddable":true,"href":"https:\/\/grandepremio.com\/es\/wp-json\/wp\/v2\/categories?post=5557"},{"taxonomy":"post_tag","embeddable":true,"href":"https:\/\/grandepremio.com\/es\/wp-json\/wp\/v2\/tags?post=5557"},{"taxonomy":"42wp_author","embeddable":true,"href":"https:\/\/grandepremio.com\/es\/wp-json\/wp\/v2\/42wp_author?post=5557"}],"curies":[{"name":"wp","href":"https:\/\/api.w.org\/{rel}","templated":true}]}}