{"id":5558,"date":"2025-08-30T06:20:09","date_gmt":"2025-08-30T09:20:09","guid":{"rendered":"https:\/\/grandepremio.com\/es\/2025\/08\/30\/lance-stroll-nuevo-chasis-paises-bajos-formula-1-2025\/"},"modified":"2025-08-30T06:20:15","modified_gmt":"2025-08-30T09:20:15","slug":"lance-stroll-nuevo-chasis-paises-bajos-formula-1-2025","status":"publish","type":"post","link":"https:\/\/grandepremio.com\/es\/f1\/lance-stroll-nuevo-chasis-paises-bajos-formula-1-2025\/","title":{"rendered":"Aston Martin reemplaza chasis de Stroll tras incidente en la FP2 del GP de Pa\u00edses Bajos"},"content":{"rendered":"\n<p class=\"wp-block-paragraph\"><strong>Aston Martin<\/strong> tuvo que trabajar duro durante la noche para reparar el auto de <strong>Lance Stroll <\/strong>tras su incidente <a href=\"https:\/\/grandepremio.com\/es\/f1\/lando-norris-segunda-practica-paises-bajos-formula-1-2025\/\">en la segunda sesi\u00f3n de entrenamientos<\/a> del <strong>GP de Pa\u00edses Bajos<\/strong>. Seg\u00fan un documento publicado por la <strong>Federaci\u00f3n Internacional del Autom\u00f3vil (FIA),<\/strong> el equipo brit\u00e1nico tuvo que cambiar el chasis del <strong>AMR25<\/strong> #18 a ra\u00edz del choque.<\/p>\n\n\n\n<p class=\"wp-block-paragraph\">En plena evoluci\u00f3n en la<strong> temporada 2025<\/strong>, Aston Martin tuvo un buen rendimiento en la primera jornada de actividades en el circuito de Zandvoort, y durante la FP1, Stroll coloc\u00f3 el coche en tercera posici\u00f3n, mientras que <strong>Fernando Alonso <\/strong>termin\u00f3 justo detr\u00e1s. El ritmo tambi\u00e9n fue bueno durante la FP2, pero el canadiense llev\u00f3 a cabo una mala maniobra durante el transcurso de la sesi\u00f3n y se estrell\u00f3 contra el muro de la curva 3.<\/p>\n\n\n\n<p class=\"wp-block-paragraph\"><strong><em>\u00a1Todas las novedades te esperan en el canal de\u00a0<a href=\"https:\/\/www.youtube.com\/@GrandePremioES\" target=\"_blank\" rel=\"noreferrer noopener\">YouTube<\/a>\u00a0de Grande Pr\u00eamio en Espa\u00f1ol!<\/em><\/strong><\/p>\n\n\n\n<figure class=\"wp-block-video\"><video class=\"video-js vjs-big-play-centered\" data-gp-vjs=\"1\" controls src=\"https:\/\/grandepremio.com\/es\/wp-content\/uploads\/2025\/08\/ssstwitter.com_1756476934035.mp4\"><\/video><figcaption class=\"wp-element-caption\">Lance Stroll rompi\u00f3 su Aston Martin en la FP2 del GP de Pa\u00edses Bajos. (Video: F1)<\/figcaption><\/figure>\n\n\n\n<p class=\"wp-block-paragraph\"><strong><em>\u00a1Seguinos en redes por\u00a0<a href=\"https:\/\/twitter.com\/grandepremioES\" target=\"_blank\" rel=\"noreferrer noopener\">Twitter\u00a0<\/a>e\u00a0<a href=\"https:\/\/www.instagram.com\/grandepremioes\/\" target=\"_blank\" rel=\"noreferrer noopener\">Instagram!<\/a><\/em><\/strong><br><strong><em>Adem\u00e1s, tenemos nuestro\u00a0<a href=\"https:\/\/whatsapp.com\/channel\/0029VaDZ5zb0gcfDxuwxBM05\" target=\"_blank\" rel=\"noreferrer noopener\">canal de Whatsapp<\/a>\u00a0con toda la informaci\u00f3n al instante<\/em><\/strong><\/p>\n\n\n\n<p class=\"wp-block-paragraph\">El da\u00f1o fue grande y el lado derecho del auto de Stroll qued\u00f3 completamente destruido. La c\u00e9lula de supervivencia result\u00f3 da\u00f1ada, por lo que Aston Martin tuvo mucho trabajo despu\u00e9s de que terminaron las actividades en pista en la FP2.<\/p>\n\n\n\n<p class=\"wp-block-paragraph\">La c\u00e9lula de supervivencia es la parte central del auto de F1, donde se sienta el piloto, y est\u00e1 fabricada con un compuesto de fibra de carbono extremadamente resistente de 6 mm con una capa de kevlar, capaz de absorber grandes cantidades de energ\u00eda durante una colisi\u00f3n. El componente est\u00e1 dise\u00f1ado para ser pr\u00e1cticamente indestructible y evolucion\u00f3 con el tiempo para soportar fuertes choques y ser la \u00faltima l\u00ednea de defensa entre el piloto y la pista.<\/p>\n\n\n\n<p class=\"wp-block-paragraph\">A pesar de los da\u00f1os, la FIA no confirm\u00f3 si fue necesario sustituir componentes mec\u00e1nicos del Aston Martin, como el motor y la caja de cambios.<\/p>\n\n\n\n<p class=\"wp-block-paragraph\"><strong>La actividad de la F\u00f3rmula 1 proseguir\u00e1 este s\u00e1bado, con la celebraci\u00f3n del tercer entrenamiento y la clasificaci\u00f3n del GP de Pa\u00edses Bajos.<\/strong><\/p>\n\n\n\n<p class=\"wp-block-paragraph\"><\/p>\n","protected":false},"excerpt":{"rendered":"<p>A ra\u00edz de su fuerte choque durante el segundo entrenamiento del GP de Pa\u00edses Bajos, Aston Martin debi\u00f3 reemplazar el chasis da\u00f1ado del auto de Lance Stroll.<\/p>\n","protected":false},"author":0,"featured_media":1010360326,"comment_status":"closed","ping_status":"closed","sticky":false,"template":"","format":"standard","meta":{"42wp_featured_image_caption":"","42wp_featured_image_credits":"","42wp_featured_video":"","42wp_featured_image_hidden":false,"42wp_authors_list":[],"footnotes":""},"categories":[5],"tags":[209,181,1710,179,359],"42wp_author":[14223],"class_list":["post-5558","post","type-post","status-publish","format-standard","has-post-thumbnail","hentry","category-f1","tag-aston-martin","tag-f1","tag-f1-2025","tag-formula-1","tag-lance-stroll","42wp_author-esteban-nieto"],"_links":{"self":[{"href":"https:\/\/grandepremio.com\/es\/wp-json\/wp\/v2\/posts\/5558","targetHints":{"allow":["GET"]}}],"collection":[{"href":"https:\/\/grandepremio.com\/es\/wp-json\/wp\/v2\/posts"}],"about":[{"href":"https:\/\/grandepremio.com\/es\/wp-json\/wp\/v2\/types\/post"}],"replies":[{"embeddable":true,"href":"https:\/\/grandepremio.com\/es\/wp-json\/wp\/v2\/comments?post=5558"}],"version-history":[{"count":0,"href":"https:\/\/grandepremio.com\/es\/wp-json\/wp\/v2\/posts\/5558\/revisions"}],"wp:featuredmedia":[{"embeddable":true,"href":"https:\/\/grandepremio.com\/es\/wp-json\/wp\/v2\/media\/1010360326"}],"wp:attachment":[{"href":"https:\/\/grandepremio.com\/es\/wp-json\/wp\/v2\/media?parent=5558"}],"wp:term":[{"taxonomy":"category","embeddable":true,"href":"https:\/\/grandepremio.com\/es\/wp-json\/wp\/v2\/categories?post=5558"},{"taxonomy":"post_tag","embeddable":true,"href":"https:\/\/grandepremio.com\/es\/wp-json\/wp\/v2\/tags?post=5558"},{"taxonomy":"42wp_author","embeddable":true,"href":"https:\/\/grandepremio.com\/es\/wp-json\/wp\/v2\/42wp_author?post=5558"}],"curies":[{"name":"wp","href":"https:\/\/api.w.org\/{rel}","templated":true}]}}