{"id":5612,"date":"2025-08-27T13:45:54","date_gmt":"2025-08-27T16:45:54","guid":{"rendered":"https:\/\/grandepremio.com\/es\/2025\/08\/27\/gp-de-paises-bajos-2025-transmisiones-y-horarios-franco-colapinto\/"},"modified":"2025-08-27T13:45:59","modified_gmt":"2025-08-27T16:45:59","slug":"gp-de-paises-bajos-2025-transmisiones-y-horarios-franco-colapinto","status":"publish","type":"post","link":"https:\/\/grandepremio.com\/es\/f1\/gp-de-paises-bajos-2025-transmisiones-y-horarios-franco-colapinto\/","title":{"rendered":"GP de Pa\u00edses Bajos 2025: transmisiones y horarios del fin de semana de Colapinto en F1"},"content":{"rendered":"\n<p class=\"wp-block-paragraph\">Concluido el receso de mitad de campeonato <a href=\"https:\/\/grandepremio.com\/es\/f1\/lando-norris-victoria-mclaren-franco-colapinto-formula-1-2025\/\">,despu\u00e9s del triunfo de <strong>Lando Norris<\/strong> en el <strong>GP de Hungr\u00eda,<\/strong><\/a> la pr\u00f3xima cita del calendario de la <strong>F\u00f3rmula 1 <\/strong>es el <strong>GP de Pa\u00edses Bajos<\/strong>, que se llevar\u00e1 a cabo el pr\u00f3ximo fin de semana del 29 al 31 de agosto en el circuito de <strong>Zandvoort<\/strong>. De acuerdo al \u00faltimo antecedente,<a href=\"https:\/\/grandepremio.com\/es\/f1\/lando-norris-victoria-paises-bajos-formula-1-2024\/\"> el propio brit\u00e1nico venci\u00f3 en 2024,<\/a> escoltado por el <strong>Red Bull<\/strong> de <strong>Max Verstappen<\/strong> y la <strong>Ferrari <\/strong>de <strong>Charles Leclerc.<\/strong><\/p>\n\n\n\n<figure class=\"wp-block-embed is-type-video is-provider-youtube wp-block-embed-youtube wp-embed-aspect-16-9 wp-has-aspect-ratio\"><div class=\"wp-block-embed__wrapper\">\n<iframe loading=\"lazy\" title=\"BOTTAS Y P\u00c9REZ, LA APUESTA CONSERVADORA DE CADILLAC EN F1\" width=\"500\" height=\"281\" src=\"https:\/\/www.youtube.com\/embed\/TpqSQoSMP4M?feature=oembed\" frameborder=\"0\" allow=\"accelerometer; autoplay; clipboard-write; encrypted-media; gyroscope; picture-in-picture; web-share\" referrerpolicy=\"strict-origin-when-cross-origin\" allowfullscreen><\/iframe>\n<\/div><\/figure>\n\n\n\n<p class=\"wp-block-paragraph\">Como atractivo en pista, se prev\u00e9 un nuevo duelo entre <strong>Oscar Piastri <\/strong>-l\u00edder del campeonato- y Norris, y con el <strong>Red Bull <\/strong>de <strong>Verstappen<\/strong> como tercero en discordia, que adem\u00e1s tendr\u00e1 apoyo del p\u00fablico local. Adem\u00e1s, resta ver si tanto <strong>Mercedes o Ferrari <\/strong>podr\u00e1n dar una sorpresa.<\/p>\n\n\n\n<p class=\"wp-block-paragraph\">Por otra parte, tendr\u00e1 especial atenci\u00f3n la labor de <strong>Franco Colapinto <\/strong>en su novena carrera con <strong>Alpine, <\/strong>en plena b\u00fasqueda de sumar sus primeros puntos en el campeonato con la escuder\u00eda francesa<strong>.<\/strong><\/p>\n\n\n\n<p class=\"wp-block-paragraph\">En lo que respecta al presente campeonato, la \u00faltima carrera dej\u00f3 a Piastri y a Norris separados por nueve puntos (284 del australiano contra 275 del brit\u00e1nico). Tambi\u00e9n habr\u00e1 un intenso duelo en el <strong>Mundial de Constructores<\/strong>, con una firme batalla entre<strong> Mercedes y Ferrari <\/strong>por el segundo lugar por detr\u00e1s de McLaren.<\/p>\n\n\n\n<figure class=\"wp-block-image size-full\"><img decoding=\"async\" src=\"https:\/\/grandepremio.com\/es\/wp-content\/uploads\/2025\/06\/canada-2025-f1-quinta-feira-alpine-franco-colapinto-afp-02-e1750954163291.webp\" alt=\"\" class=\"wp-image-347012\"\/><figcaption class=\"wp-element-caption\">Franco Colapinto buscar\u00e1 tener una mejor actuaci\u00f3n en Zandvoort. (Foto: AFP)<\/figcaption><\/figure>\n\n\n\n<p class=\"wp-block-paragraph\"><strong>Para no perderse nada de la actividad en el GP de Pa\u00edses Bajos,\u00a0estos son los horarios y las transmisiones del fin de semana para Am\u00e9rica y Espa\u00f1a:<\/strong><\/p>\n\n\n\n<p class=\"wp-block-paragraph\"><strong>\u00a1Conoce el canal de Grande Pr\u00eamio en Espa\u00f1ol en&nbsp;<a href=\"https:\/\/www.youtube.com\/channel\/UCDxWojGVUi9gWYhrY0pGbIQ\" target=\"_blank\" rel=\"noreferrer noopener\">YouTube<\/a>!<br>\u00a1Sigue a&nbsp;Grande Pr\u00eamio en Espa\u00f1ol&nbsp;en&nbsp;<a href=\"https:\/\/twitter.com\/grandepremioES\" target=\"_blank\" rel=\"noreferrer noopener\">Twitter&nbsp;<\/a>y en&nbsp;<a href=\"https:\/\/www.instagram.com\/grandepremioes\/\" target=\"_blank\" rel=\"noreferrer noopener\">Instagram<\/a>!<\/strong><\/p>\n\n\n\n<p class=\"wp-block-paragraph\"><strong>Horarios &#8211; GP de Pa\u00edses Bajos<\/strong><\/p>\n\n\n\n<figure class=\"wp-block-table\"><table class=\"has-fixed-layout\"><tbody><tr><td>PA\u00cdS<\/td><td>FP1<\/td><td>FP2<\/td><td>FP3<\/td><td>QUALI<\/td><td>GP<\/td><td>TV<\/td><\/tr><tr><td>MEX<\/td><td>04:30<\/td><td>08:00<\/td><td>03:30<\/td><td>07:00<\/td><td>07:00<\/td><td>Fox Sports MX<\/td><\/tr><tr><td>CR\/HON\/ES<\/td><td>04:30<\/td><td>08:00<\/td><td>03:30<\/td><td>07:00<\/td><td>07:00<\/td><td>Disney+<\/td><\/tr><tr><td>COL\/PER\/EC<\/td><td>05:30<\/td><td>09:00<\/td><td>04:30<\/td><td>08:00<\/td><td>08:00<\/td><td>Disney+<\/td><\/tr><tr><td>VEN\/BO\/CH<\/td><td>06:30<\/td><td>10:00<\/td><td>05:30<\/td><td>09:00<\/td><td>09:00<\/td><td>Disney+<\/td><\/tr><tr><td>PAR\/URU<\/td><td>07:30<\/td><td>11:00<\/td><td>06:30<\/td><td>10:00<\/td><td>10:00<\/td><td>Disney+<\/td><\/tr><tr><td>ARG<\/td><td>07:30<\/td><td>11:00<\/td><td>06:30<\/td><td>10:00<\/td><td>10:00<\/td><td>Disney+, Fox Sports ARG <\/td><\/tr><tr><td>ESP<\/td><td>12:30<\/td><td>16:00<\/td><td>11:30<\/td><td>15:00<\/td><td>15:00<\/td><td>Movistar+, DAZN<\/td><\/tr><\/tbody><\/table><\/figure>\n\n\n\n<p class=\"wp-block-paragraph\"><\/p>\n","protected":false},"excerpt":{"rendered":"<p>Todos los horarios para Am\u00e9rica y Espa\u00f1a del GP de Pa\u00edses Bajos, decimoquinta carrera de la temporada 2025 de la F\u00f3rmula 1.<\/p>\n","protected":false},"author":0,"featured_media":1010304724,"comment_status":"closed","ping_status":"closed","sticky":false,"template":"","format":"standard","meta":{"42wp_featured_image_caption":"","42wp_featured_image_credits":"","42wp_featured_video":"","42wp_featured_image_hidden":false,"42wp_authors_list":[],"footnotes":""},"categories":[5],"tags":[10490,3935,678,181,1710,185,179,814,1574,12824,2236,2237,10706,199,249],"42wp_author":[14223],"class_list":["post-5612","post","type-post","status-publish","format-standard","has-post-thumbnail","hentry","category-f1","tag-a-que-hora-corre-colapinto","tag-a-que-hora-corre-la-formula-1","tag-alpine","tag-f1","tag-f1-2025","tag-ferrari","tag-formula-1","tag-franco-colapinto","tag-gp-de-paises-bajos","tag-gp-de-paises-bajos-2025","tag-grande-premio-2","tag-grandepremio","tag-horarios-gp-de-paises-bajos","tag-lewis-hamilton","tag-max-verstappen","42wp_author-esteban-nieto"],"_links":{"self":[{"href":"https:\/\/grandepremio.com\/es\/wp-json\/wp\/v2\/posts\/5612","targetHints":{"allow":["GET"]}}],"collection":[{"href":"https:\/\/grandepremio.com\/es\/wp-json\/wp\/v2\/posts"}],"about":[{"href":"https:\/\/grandepremio.com\/es\/wp-json\/wp\/v2\/types\/post"}],"replies":[{"embeddable":true,"href":"https:\/\/grandepremio.com\/es\/wp-json\/wp\/v2\/comments?post=5612"}],"version-history":[{"count":0,"href":"https:\/\/grandepremio.com\/es\/wp-json\/wp\/v2\/posts\/5612\/revisions"}],"wp:featuredmedia":[{"embeddable":true,"href":"https:\/\/grandepremio.com\/es\/wp-json\/wp\/v2\/media\/1010304724"}],"wp:attachment":[{"href":"https:\/\/grandepremio.com\/es\/wp-json\/wp\/v2\/media?parent=5612"}],"wp:term":[{"taxonomy":"category","embeddable":true,"href":"https:\/\/grandepremio.com\/es\/wp-json\/wp\/v2\/categories?post=5612"},{"taxonomy":"post_tag","embeddable":true,"href":"https:\/\/grandepremio.com\/es\/wp-json\/wp\/v2\/tags?post=5612"},{"taxonomy":"42wp_author","embeddable":true,"href":"https:\/\/grandepremio.com\/es\/wp-json\/wp\/v2\/42wp_author?post=5612"}],"curies":[{"name":"wp","href":"https:\/\/api.w.org\/{rel}","templated":true}]}}