{"id":5620,"date":"2025-08-27T10:19:48","date_gmt":"2025-08-27T13:19:48","guid":{"rendered":"https:\/\/grandepremio.com\/es\/2025\/08\/27\/marco-morelli-mlav-racing-moto3-continuidad-fin-de-temporada-2025\/"},"modified":"2025-08-27T13:00:43","modified_gmt":"2025-08-27T16:00:43","slug":"marco-morelli-mlav-racing-moto3-continuidad-fin-de-temporada-2025","status":"publish","type":"post","link":"https:\/\/grandepremio.com\/es\/motogp\/marco-morelli-mlav-racing-moto3-continuidad-fin-de-temporada-2025\/","title":{"rendered":"Morelli desembarca en Moto3 y confirma participaci\u00f3n en las \u00faltimas fechas de 2025"},"content":{"rendered":"\n<p class=\"wp-block-paragraph\">A partir de la prueba de <strong>Barcelona, Argentina<\/strong> tendr\u00e1 otro piloto en la parrilla de <strong>Moto3<\/strong>. Adem\u00e1s de <strong>Valent\u00edn Perrone<\/strong>, que participa desde el inicio de la temporada, <strong>Marco Morelli<\/strong> se unir\u00e1 a la parrilla del campeonato en la pr\u00f3xima carrera con el equipo <strong>MLAV Racing<\/strong> y disputar\u00e1 siete de las ocho pruebas que quedan para completar la temporada 2025.<\/p>\n\n\n\n<p class=\"wp-block-paragraph\">\ud83d\udfe5&nbsp;<strong><em>\u00a1Todas las novedades te esperan en el canal de&nbsp;<\/em><\/strong><a href=\"https:\/\/www.youtube.com\/@GrandePremioES\"><em>YouTube<\/em><\/a><strong><em>&nbsp;de Grande Pr\u00eamio en Espa\u00f1ol!<\/em><\/strong>&nbsp;\ud83d\udfe8<\/p>\n\n\n\n<p class=\"wp-block-paragraph\"><strong>Morelli<\/strong>, de 18 a\u00f1os, participa en la <strong>Red Bull Rockies Cup<\/strong>, el campeonato creado por <strong>KTM <\/strong>y <strong>Red Bull<\/strong> para desarrollar a los nuevos talentos del motociclismo, as\u00ed como en el <strong>Junior GP<\/strong>, una categor\u00eda formativa gestionada por <strong>Dorna <\/strong>(los promotores del <strong>MotoGP<\/strong>) y con sede en Espa\u00f1a.<\/p>\n\n\n\n<p class=\"wp-block-paragraph\">El piloto argentino ocupa el sexto puesto en la edici\u00f3n de 2025 de la <strong>Red Bull Rockies Cup<\/strong>, con 100 puntos y dos podios, y en el <strong>Junior GP<\/strong> suma 54 puntos en cuatro carreras disputadas hasta el momento. Adem\u00e1s, particip\u00f3 en la prueba de <strong>Moto3 <\/strong>de la <strong>Rep\u00fablica Checa<\/strong> de este a\u00f1o con <strong>Boe Racing<\/strong>, sustituyendo al lesionado <strong>Ruche Modley<\/strong>.<\/p>\n\n\n\n<p class=\"wp-block-paragraph\">El equipo <strong>MLAV Racing<\/strong> anunci\u00f3 la incorporaci\u00f3n de <strong>Morelli <\/strong>el mi\u00e9rcoles por la ma\u00f1ana, confirmando que disputar\u00e1 las \u00faltimas fechas del campeonato. El piloto argentino debutar\u00e1 en el <strong>GP de Catalu\u00f1a<\/strong> y participar\u00e1 en todas las rondas, exceptuando la de <strong>Misano<\/strong>, el 14 de septiembre, ya que coincide con la \u00faltima prueba del a\u00f1o de la <strong>Red Bull Rockies Cup<\/strong>.<\/p>\n\n\n\n<p class=\"wp-block-paragraph\">&#8220;El piloto argentino <strong>Marco Morelli<\/strong>, que actualmente compite con nosotros en el <strong>FIM JuniorGP<\/strong>, dar\u00e1 el salto al equipo del <strong>Campeonato del Mundo<\/strong> a partir del pr\u00f3ximo <strong>Gran Premio<\/strong> en el <strong>Circuit de Barcelona-Catalunya<\/strong> y permanecer\u00e1 con nosotros hasta el final de la temporada, con la excepci\u00f3n de <strong>Misano<\/strong>, donde disputar\u00e1 las dos \u00faltimas rondas de la <strong>Red Bull MotoGP Rookies Cup<\/strong>&#8220;, mencion\u00f3 <strong>MLAV Racing <\/strong>en un comunicado oficial divulgado en su sitio web.<\/p>\n\n\n\n<p class=\"wp-block-paragraph\">\u23e9&nbsp;<strong><em>\u00a1Seguinos en redes por&nbsp;<\/em><\/strong><a href=\"https:\/\/twitter.com\/grandepremioES\"><em>Twitter&nbsp;<\/em><\/a><strong><em>e&nbsp;<\/em><\/strong><a href=\"https:\/\/www.instagram.com\/grandepremioes\/\"><em>Instagram!<br><\/em><\/a>\u23e9&nbsp;<strong><em>Adem\u00e1s, tenemos nuestro&nbsp;<\/em><\/strong><a href=\"https:\/\/whatsapp.com\/channel\/0029VaDZ5zb0gcfDxuwxBM05\"><em>canal de Whatsapp<\/em><\/a><strong><em>&nbsp;con toda la informaci\u00f3n al instante<\/em><\/strong>&nbsp;\ud83c\udfc1<\/p>\n\n\n\n<figure class=\"wp-block-image size-large\"><img decoding=\"async\" src=\"https:\/\/grandepremio.com\/es\/wp-content\/uploads\/2025\/08\/SI202508150418-1024x683.jpg\" alt=\"\" class=\"wp-image-359812\"\/><figcaption class=\"wp-element-caption\">Marco Morelli participa en la edici\u00f3n 2025 de la Red Bull Rookies Cup (Foto: Red Bull Content Pool)<\/figcaption><\/figure>\n\n\n\n<p class=\"wp-block-paragraph\">&#8220;La semana que viene, <strong>Morelli <\/strong>se subir\u00e1 a la <strong>Honda <\/strong>y se reunir\u00e1 con caras conocidas, ya que volver\u00e1 a compartir garaje con <strong>Eddie O&#8217;Shea<\/strong>. Ambos fueron compa\u00f1eros de equipo en el <strong>FIM JuniorGP<\/strong> y en la <strong>European Talent Cup<\/strong>, ambos pilotando para el <strong>GRYD MLav Racing Junior Team<\/strong>&#8220;, a\u00f1adi\u00f3.<\/p>\n\n\n\n<p class=\"wp-block-paragraph\"><strong>Morelli<\/strong>, por su parte, agradeci\u00f3 al equipo por la oportunidad de ascender a <strong>Moto3 <\/strong>e ingresar en el camino de formaci\u00f3n hacia el <strong>MotoGP<\/strong>, teniendo como objetivo el acumular experiencia y obtener buenos resultados en las \u00faltimas fechas del a\u00f1o.<\/p>\n\n\n\n<p class=\"wp-block-paragraph\">&#8220;Estoy muy contento de tener esta oportunidad. Para m\u00ed, es un gran desaf\u00edo que me permitir\u00e1 adquirir experiencia en el <strong>Campeonato del Mundo<\/strong>. Tengo muchas ganas de debutar en Barcelona con el equipo y de vivir la experiencia de las rondas fuera de <strong>Europa<\/strong>. Dar\u00e9 el 100% y, junto con el equipo, trabajaremos lo m\u00e1s duro posible para dar lo mejor de nosotros mismos&#8221;, declar\u00f3 el argentino.<\/p>\n\n\n\n<p class=\"wp-block-paragraph\">&#8220;Estamos encantados de dar la bienvenida a una cara conocida y un miembro muy apreciado del equipo <strong>MLav Racing, Marco Morelli.<\/strong> Luego de tres emocionantes temporadas juntos, estamos orgullosos de todo lo que hemos conseguido y a\u00fan m\u00e1s ilusionados con lo que nos depara el futuro. Marco aporta energ\u00eda renovada al equipo y estamos listos para iniciar una nueva era para MLav Racing&#8221;, destac\u00f3 <strong>Macaulay Webb<\/strong>, director de <strong>MLAV Racing<\/strong>.<\/p>\n\n\n\n<p class=\"wp-block-paragraph\">Con los argentinos <strong>Valent\u00edn Perrone<\/strong> y <strong>Marco Morelli<\/strong> en la grilla, el <strong>Moto3 <\/strong>volver\u00e1 a la acci\u00f3n entre el 5 y 7 de septiembre, con la fecha de <strong>Catalu\u00f1a<\/strong>, decimoquinta competencia de la temporada 2025. GRANDE PREMIO en ESPA\u00d1OL realizar\u00e1 una cobertura completa del evento.<\/p>\n\n\n\n<figure class=\"wp-block-embed is-type-video is-provider-youtube wp-block-embed-youtube wp-embed-aspect-16-9 wp-has-aspect-ratio\"><div class=\"wp-block-embed__wrapper\">\n<iframe loading=\"lazy\" title=\"BOTTAS Y P\u00c9REZ, LA APUESTA CONSERVADORA DE CADILLAC EN F1\" width=\"500\" height=\"281\" src=\"https:\/\/www.youtube.com\/embed\/TpqSQoSMP4M?feature=oembed\" frameborder=\"0\" allow=\"accelerometer; autoplay; clipboard-write; encrypted-media; gyroscope; picture-in-picture; web-share\" referrerpolicy=\"strict-origin-when-cross-origin\" allowfullscreen><\/iframe>\n<\/div><\/figure>\n","protected":false},"excerpt":{"rendered":"<p>El argentino Marco Morelli, actual piloto de la Red Bull Rookies Cup y Junior GP, desembarca en el Moto3 y disputar\u00e1 las \u00faltimas fechas de la temporada 2025 con el equipo MLAV Racing<\/p>\n","protected":false},"author":0,"featured_media":1010359811,"comment_status":"closed","ping_status":"closed","sticky":false,"template":"","format":"standard","meta":{"42wp_featured_image_caption":"","42wp_featured_image_credits":"","42wp_featured_video":"","42wp_featured_image_hidden":false,"42wp_authors_list":[],"footnotes":""},"categories":[8],"tags":[1488,221,12666,12823,1366,10847,1768,11869],"42wp_author":[14239],"class_list":["post-5620","post","type-post","status-publish","format-standard","has-post-thumbnail","hentry","category-motogp","tag-grande-premio","tag-honda","tag-marco-morelli","tag-mlav-racing","tag-moto3","tag-moto3-2025","tag-red-bull-rookies-cup","tag-temporada-2025-moto3","42wp_author-jp-otrosky"],"_links":{"self":[{"href":"https:\/\/grandepremio.com\/es\/wp-json\/wp\/v2\/posts\/5620","targetHints":{"allow":["GET"]}}],"collection":[{"href":"https:\/\/grandepremio.com\/es\/wp-json\/wp\/v2\/posts"}],"about":[{"href":"https:\/\/grandepremio.com\/es\/wp-json\/wp\/v2\/types\/post"}],"replies":[{"embeddable":true,"href":"https:\/\/grandepremio.com\/es\/wp-json\/wp\/v2\/comments?post=5620"}],"version-history":[{"count":0,"href":"https:\/\/grandepremio.com\/es\/wp-json\/wp\/v2\/posts\/5620\/revisions"}],"wp:featuredmedia":[{"embeddable":true,"href":"https:\/\/grandepremio.com\/es\/wp-json\/wp\/v2\/media\/1010359811"}],"wp:attachment":[{"href":"https:\/\/grandepremio.com\/es\/wp-json\/wp\/v2\/media?parent=5620"}],"wp:term":[{"taxonomy":"category","embeddable":true,"href":"https:\/\/grandepremio.com\/es\/wp-json\/wp\/v2\/categories?post=5620"},{"taxonomy":"post_tag","embeddable":true,"href":"https:\/\/grandepremio.com\/es\/wp-json\/wp\/v2\/tags?post=5620"},{"taxonomy":"42wp_author","embeddable":true,"href":"https:\/\/grandepremio.com\/es\/wp-json\/wp\/v2\/42wp_author?post=5620"}],"curies":[{"name":"wp","href":"https:\/\/api.w.org\/{rel}","templated":true}]}}