{"id":5668,"date":"2025-08-24T06:50:28","date_gmt":"2025-08-24T09:50:28","guid":{"rendered":"https:\/\/grandepremio.com\/es\/2025\/08\/24\/quiles-vence-gp-hungria-moto3-perrone\/"},"modified":"2025-08-24T07:12:17","modified_gmt":"2025-08-24T10:12:17","slug":"quiles-vence-gp-hungria-moto3-perrone","status":"publish","type":"post","link":"https:\/\/grandepremio.com\/es\/motogp\/quiles-vence-gp-hungria-moto3-perrone\/","title":{"rendered":"Quiles vence en un tenso GP de Hungr\u00eda de Moto3 por solo 0.018s sobre Perrone"},"content":{"rendered":"\n<p class=\"wp-block-paragraph\">Tras una carrera que no tuvo un grupo compacto, sino un pelot\u00f3n cortado, <strong>M\u00e1ximo Quiles<\/strong> volvi\u00f3 a triunfar en <strong>Moto3<\/strong>, pero lo hizo de manera espectacular en un final cerrado en el <strong>GP de Hungr\u00eda<\/strong> sobre <strong>Valent\u00edn Perrone<\/strong>, a quien bati\u00f3 por apenas 0.018s y le impidi\u00f3 al piloto argentino obtener su primera victoria en la categor\u00eda. <\/p>\n\n\n\n<p class=\"wp-block-paragraph\"><strong>David Mu\u00f1oz<\/strong> finaliz\u00f3 tercero, batiendo a <strong>\u00c1ngel Piqueras<\/strong> y a Jos\u00e9 Antonio Rueda, que terminaron cuarto y quinto, respectivamente. Adri\u00e1n Fern\u00e1ndez, David Almansa, <strong>Joel Kelso<\/strong>, \u00c1lvaro Carpe y <strong>Jacob Roulstone<\/strong> completaron los diez primeros. <\/p>\n\n\n\n<p class=\"wp-block-paragraph\"><strong>Campeonato<\/strong>: Rueda 250 puntos, Piqueras 181, Quiles 164, Mu\u00f1oz 155, Carpe 146. Perrone ha trepado hasta el 7\u00b0 puesto con 92 unidades.<\/p>\n\n\n\n<p class=\"wp-block-paragraph\">Moto3 volver\u00e1 a las pistas en dos semanas, entre el 5 y el 7 de septiembre, con el Gran Premio de Catalu\u00f1a, a disputarse en el Circuito de Barcelona. Cobertura de GRANDE PREMIO en Espa\u00f1ol.<\/p>\n\n\n\n<figure class=\"wp-block-image size-full\"><img decoding=\"async\" src=\"https:\/\/grandepremio.com\/es\/wp-content\/uploads\/2025\/08\/maximo-quiles-aspar.webp\" alt=\"\" class=\"wp-image-359283\"\/><figcaption class=\"wp-element-caption\">M\u00e1ximo Quiles dio una gran batalla y super\u00f3 a Valent\u00edn Perrone por 0.018s en Hungr\u00eda. (Foto: Aspar)<\/figcaption><\/figure>\n\n\n\n<p class=\"wp-block-paragraph\"><strong><u>As\u00ed se desarroll\u00f3 la carrera de Moto3 en Balaton Park:<\/u><\/strong><\/p>\n\n\n\n<p class=\"wp-block-paragraph\">Con 19 grados de temperatura ambiente y 34 en la pista, el Gran Premio de Hungr\u00eda de Moto3 comenzaba con un sol que no dejaba lugar a ninguna nube en el nuevo circuito de <strong>Balaton Park<\/strong>. El evento estaba pactado a 20 vueltas para la menor de las categor\u00edas del <strong>Mundial de Motociclismo<\/strong>.<\/p>\n\n\n\n<p class=\"wp-block-paragraph\">La largada fue, afortunadamente, limpia y sin problemas en las primeras curvas. M\u00e1ximo Quiles larg\u00f3 bien y lideraba la carrera, seguido por Valent\u00edn Perrone, que aprovech\u00f3 un roce entre David Mu\u00f1oz y \u00c1ngel Piqueras para avanzar dos posiciones que hab\u00eda perdido en el inicio de la prueba. Quiles, Perrone, Piqueras, <strong>\u00c1lvaro Carpe<\/strong> y Mu\u00f1oz eran los cinco primeros al cabo de la primera vuelta.<\/p>\n\n\n\n<p class=\"wp-block-paragraph\">Quiles se pas\u00f3 de largo en la segunda vuelta, Perrone lo super\u00f3, pero recuper\u00f3 r\u00e1pidamente el liderazgo. Carpe ya fue advertido en la cuarta vuelta por exceder los l\u00edmites de la pista, mientras que el piloto argentino cay\u00f3 al cuarto puesto, detr\u00e1s de Piqueras. En los giros iniciales, cuatro motos estaban peleando por la victoria, con <strong>Guido Pini<\/strong> algo m\u00e1s atr\u00e1s en quinto.<\/p>\n\n\n\n<figure class=\"wp-block-video\"><video class=\"video-js vjs-big-play-centered\" data-gp-vjs=\"1\" controls src=\"https:\/\/grandepremio.com\/es\/wp-content\/uploads\/2025\/08\/jGhV7Ueot_94LEb7.mp4\"><\/video><figcaption class=\"wp-element-caption\">Quiles se pas\u00f3 de largo y Perrone tom\u00f3 la punta. (Video: MotoGP)<\/figcaption><\/figure>\n\n\n\n<p class=\"wp-block-paragraph\"><strong>Ryusei Yamanaka<\/strong> y <strong>Scott Ogden<\/strong> fueron las primeras ca\u00eddas de la carrera en el giro seis, que ten\u00eda a Quiles primero, pero a Piqueras en segundo, con Mu\u00f1oz, Perrone y Pini muy pegados. El piloto del <strong>Tech3 <\/strong>vio que el de <strong>Aspar <\/strong>comenzaba a escaparse y subi\u00f3 otra vez al segundo puesto. Luego de esto, se acercaron al puntero, pero el grupo se cort\u00f3 temprano en la prueba y pocos pilotos estaban en condiciones de pelear por la victoria.<\/p>\n\n\n\n<p class=\"wp-block-paragraph\">Un error de M\u00e1ximo le permiti\u00f3 a Piqueras colocarse primero en la mitad de la competencia, en el giro 10, pero Valent\u00edn ten\u00eda otros planes y lo pas\u00f3 a \u00c1ngel en la curva uno. Pini tambi\u00e9n se pas\u00f3 de largo y <strong>Jos\u00e9 Antonio Rueda<\/strong> lo aprovech\u00f3 para subir al quinto lugar. Quiles hab\u00eda ca\u00eddo hasta la cuarta colocaci\u00f3n.<\/p>\n\n\n\n<p class=\"wp-block-paragraph\">Tras una pasada de largo, el italiano perdi\u00f3 contacto con los cinco primeros, que eran Perrone, Mu\u00f1oz, Quiles, Piqueras y Rueda a seis giros de ver la bandera a cuadros en suelo h\u00fangaro. Lamentablemente, para el piloto del Intact debi\u00f3 cumplir una sanci\u00f3n por cortar la curva 10, justo antes de caerse cuando estaba sexto colocado.<\/p>\n\n\n\n<p class=\"wp-block-paragraph\">Otra ca\u00edda fue la de <strong>Taiyo Furusato<\/strong> en la vuelta 16, momentos en que se calentaba la pelea por la carrera, ya que Quiles era segundo y trataba de recortarle diferencia a Perrone, que se manten\u00eda de l\u00edder con una ventana m\u00ednima sobre el piloto de Aspar.<\/p>\n\n\n\n<figure class=\"wp-block-video\"><video class=\"video-js vjs-big-play-centered\" data-gp-vjs=\"1\" controls src=\"https:\/\/grandepremio.com\/es\/wp-content\/uploads\/2025\/08\/w7igdmQEz0OjPO0h.mp4\"><\/video><figcaption class=\"wp-element-caption\">El espectacular final entre Quiles y Perrone en Balaton Park. (Video: MotoGP)<\/figcaption><\/figure>\n\n\n\n<p class=\"wp-block-paragraph\">En las dos \u00faltimas vueltas se vivi\u00f3 una tensi\u00f3n total porque Quiles alcanz\u00f3 a Perrone, lo intent\u00f3 en curva uno, pero logr\u00f3 superarlo en la frenada. Luego, el joven argentino estir\u00f3 la frenada en la curva final y llegaron a la par, hubo un roce incluido en plena recta, pero M\u00e1ximo bati\u00f3 a su rival por apenas 18 mil\u00e9simas. Mu\u00f1oz complet\u00f3 el podio, sin chance de batallar con los dos grandes protagonistas de la prueba.<\/p>\n\n\n\n<h2 class=\"wp-block-heading\" id=\"h-moto3-2025-gp-da-hungria-balaton-park-resultado-final\"><strong>Moto3 2025, GP de Hungr\u00eda, Resultados:<\/strong><\/h2>\n\n\n\n<figure class=\"wp-block-table\"><table class=\"has-fixed-layout\"><tbody><tr><td>POS<\/td><td>Piloto<\/td><td>Equipo<\/td><td>Dif<\/td><\/tr><tr><td>1<\/td><td>M QUILES<\/td><td>Aspar Team<\/td><td>20 v<\/td><\/tr><tr><td><strong>2<\/strong><\/td><td><strong>V PERRONE<\/strong><\/td><td><strong>Tech3 KTM<\/strong><\/td><td><strong>+ 0.018<\/strong><\/td><\/tr><tr><td>3<\/td><td>D MU\u00d1OZ<\/td><td>IntactGP Husqvarna<\/td><td>+ 0.858<\/td><\/tr><tr><td>4<\/td><td>A PIQUERAS<\/td><td>MSi KTM<\/td><td>+ 0.952<\/td><\/tr><tr><td>5<\/td><td>JA RUEDA<\/td><td>Red Bull KTM Ajo<\/td><td>+ 1.362<\/td><\/tr><tr><td>6<\/td><td>A FERN\u00c1NDEZ<\/td><td>Leopard Racing Honda<\/td><td>+ 6.159<\/td><\/tr><tr><td>7<\/td><td>D ALMANSA<\/td><td>Leopard Racing Honda<\/td><td>+ 9.546<\/td><\/tr><tr><td>8<\/td><td>J KELSO<\/td><td>Level Up \u2013 MTA KTM<\/td><td>+ 10.025<\/td><\/tr><tr><td>9<\/td><td>A CARPE<\/td><td>Red Bull KTM Ajo<\/td><td>+ 11.696<\/td><\/tr><tr><td>10<\/td><td>J ROULSTONE<\/td><td>Tech3 KTM<\/td><td>+ 20.109<\/td><\/tr><tr><td>11<\/td><td>D FOGGIA<\/td><td>Aspar Team<\/td><td>+ 24.862<\/td><\/tr><tr><td>12<\/td><td>N CARRARO<\/td><td>Rivacold Honda<\/td><td>+ 26.871<\/td><\/tr><tr><td>13<\/td><td>C O\u2019GORMAN<\/td><td>Sic58 Squadra Corse Honda<\/td><td>+ 32.279<\/td><\/tr><tr><td>14<\/td><td>R YAMANAKA<\/td><td>MSi KTM<\/td><td>+ 36.636<\/td><\/tr><tr><td>15<\/td><td>M URIARTE<\/td><td>Level Up \u2013 MTA KTM<\/td><td>+ 37.394<\/td><\/tr><tr><td>16<\/td><td>R MOODLEY<\/td><td>Denssi Racing KTM<\/td><td>+ 40.701<\/td><\/tr><tr><td>17<\/td><td>S NEPA<\/td><td>Squadra Corse Honda<\/td><td>+ 41.674<\/td><\/tr><tr><td>18<\/td><td>N DETTWILER<\/td><td>CIP Green Power KTM<\/td><td>+ 44.069<\/td><\/tr><tr><td>19<\/td><td>R ROSSI<\/td><td>Rivacold Honda<\/td><td>+ 45.803<\/td><\/tr><tr><td>20<\/td><td>A ADITAMA<\/td><td>Honda Team Asia<\/td><td>+ 53.120<\/td><\/tr><tr><td>21<\/td><td>L ABRUZZO<\/td><td>Denssi Racing KTM<\/td><td>+ 1:00.634<\/td><\/tr><tr><td>22<\/td><td>S OGDEN<\/td><td>CIP Green Power KTM<\/td><td>Ab<\/td><\/tr><tr><td>23<\/td><td>T FURUSATO<\/td><td>Honda Team Asia<\/td><td>Ab<\/td><\/tr><tr><td>24<\/td><td>G PINI<\/td><td>IntactGP Husqvarna<\/td><td>Ab<\/td><\/tr><tr><td>25<\/td><td>C BUCHANAN<\/td><td>Denssi Racing KTM<\/td><td>Ab<\/td><\/tr><tr><td>26<\/td><td>E O\u2019SHEA<\/td><td>Mlav Racing Honda<\/td><td>Ab<\/td><\/tr><\/tbody><\/table><\/figure>\n","protected":false},"excerpt":{"rendered":"<p>M\u00e1ximo Quiles gan\u00f3 por segunda vez en la temporada 2025 de Moto3 en un final infartante en el Gran Premio de Hungr\u00eda disputado en Balaton Park, ya que super\u00f3 por 18 mil\u00e9simas a Valent\u00edn Perrone, con los dos primeros llegando a la par y roz\u00e1ndose en plena recta principal. <\/p>\n","protected":false},"author":0,"featured_media":1010359274,"comment_status":"closed","ping_status":"closed","sticky":false,"template":"","format":"standard","meta":{"42wp_featured_image_caption":"","42wp_featured_image_credits":"","42wp_featured_video":"","42wp_featured_image_hidden":false,"42wp_authors_list":[],"footnotes":""},"categories":[8],"tags":[12069,11778,3582,10860,12074,421,12072,10851,12071,12068,11777,1366,1764,12169,12067,12084,1528,10848],"42wp_author":[14237],"class_list":["post-5668","post","type-post","status-publish","format-standard","has-post-thumbnail","hentry","category-motogp","tag-alvaro-carpe","tag-angel-piqueras","tag-aspar","tag-balaton-park","tag-david-munoz","tag-gp-de-hungria","tag-guido-pini","tag-jacob-roulstone","tag-joel-kelso","tag-jose-antonio-rueda","tag-maximo-quiles","tag-moto3","tag-mundial-de-motociclismo","tag-ryusei-yamanaka","tag-scott-ogden","tag-taiyo-furusato","tag-tech3","tag-valentin-perrone","42wp_author-gabriel-garcia"],"_links":{"self":[{"href":"https:\/\/grandepremio.com\/es\/wp-json\/wp\/v2\/posts\/5668","targetHints":{"allow":["GET"]}}],"collection":[{"href":"https:\/\/grandepremio.com\/es\/wp-json\/wp\/v2\/posts"}],"about":[{"href":"https:\/\/grandepremio.com\/es\/wp-json\/wp\/v2\/types\/post"}],"replies":[{"embeddable":true,"href":"https:\/\/grandepremio.com\/es\/wp-json\/wp\/v2\/comments?post=5668"}],"version-history":[{"count":0,"href":"https:\/\/grandepremio.com\/es\/wp-json\/wp\/v2\/posts\/5668\/revisions"}],"wp:featuredmedia":[{"embeddable":true,"href":"https:\/\/grandepremio.com\/es\/wp-json\/wp\/v2\/media\/1010359274"}],"wp:attachment":[{"href":"https:\/\/grandepremio.com\/es\/wp-json\/wp\/v2\/media?parent=5668"}],"wp:term":[{"taxonomy":"category","embeddable":true,"href":"https:\/\/grandepremio.com\/es\/wp-json\/wp\/v2\/categories?post=5668"},{"taxonomy":"post_tag","embeddable":true,"href":"https:\/\/grandepremio.com\/es\/wp-json\/wp\/v2\/tags?post=5668"},{"taxonomy":"42wp_author","embeddable":true,"href":"https:\/\/grandepremio.com\/es\/wp-json\/wp\/v2\/42wp_author?post=5668"}],"curies":[{"name":"wp","href":"https:\/\/api.w.org\/{rel}","templated":true}]}}