{"id":5673,"date":"2025-08-23T11:43:07","date_gmt":"2025-08-23T14:43:07","guid":{"rendered":"https:\/\/grandepremio.com\/es\/2025\/08\/23\/cadillac-ficha-perez-dupla-bottas-f1-2026\/"},"modified":"2025-08-23T11:46:53","modified_gmt":"2025-08-23T14:46:53","slug":"cadillac-ficha-perez-dupla-bottas-f1-2026","status":"publish","type":"post","link":"https:\/\/grandepremio.com\/es\/f1\/cadillac-ficha-perez-dupla-bottas-f1-2026\/","title":{"rendered":"Cadillac ficha a P\u00e9rez y selecciona dupla con Bottas para su debut en la F1 2026"},"content":{"rendered":"\n<p class=\"wp-block-paragraph\">Despu\u00e9s de meses de especulaciones, se acerca el anuncio de los dos pilotos de <strong>Cadillac <\/strong>para la temporada 2026, seg\u00fan han reportado <em>RacingNews365.com<\/em> y <em>Formula.hu<\/em>, que consignan que <strong>Valtteri Bottas<\/strong> y <strong>Sergio P\u00e9rez<\/strong> ser\u00eda la dupla de pilotos elegida por <strong>General Motors<\/strong> para su debut en la <strong>F\u00f3rmula 1<\/strong>.<\/p>\n\n\n\n<p class=\"wp-block-paragraph\">\ud83d\udfe5&nbsp;<strong><em>\u00a1Todas las novedades te esperan en el canal de&nbsp;<\/em><\/strong><a href=\"https:\/\/www.youtube.com\/@GrandePremioES\"><em>YouTube<\/em><\/a><strong><em>&nbsp;de Grande Pr\u00eamio en Espa\u00f1ol!<\/em><\/strong>&nbsp;\ud83d\udfe8<\/p>\n\n\n\n<p class=\"wp-block-paragraph\">Bottas y P\u00e9rez suman entre ambos m\u00e1s de 500 participaciones y 16 victorias en la categor\u00eda: diez para el finland\u00e9s y seis para el mexicano. La elecci\u00f3n basada en la experiencia prevaleci\u00f3, ya que el equipo liderado por <strong>Graeme Lowdon<\/strong> quer\u00eda asegurar un inicio competitivo como el und\u00e9cimo equipo en el campeonato.<\/p>\n\n\n\n<p class=\"wp-block-paragraph\">Inicialmente, la operaci\u00f3n de Cadillac iba a estar conducida por <strong>Michael Andretti<\/strong> y su equipo, pero el ex piloto de <strong>IndyCar<\/strong> le transfiri\u00f3 ese poder a <strong>Dan Towriss<\/strong>, que es uno de sus socios principales, y que es el director de operaciones. Tanto la <strong>FOM <\/strong>como <strong>Liberty Media<\/strong> los autorizaron a participar desde el a\u00f1o que viene en la F1 reci\u00e9n a finales de 2024, cuando se supo que autoridades de Estados Unidos estaban investigando practicas monop\u00f3licas.<\/p>\n\n\n\n<figure class=\"wp-block-embed is-type-video is-provider-youtube wp-block-embed-youtube wp-embed-aspect-16-9 wp-has-aspect-ratio\"><div class=\"wp-block-embed__wrapper\">\n<iframe loading=\"lazy\" title=\"\u00bfC\u00d3MO FUE EL RENDIMIENTO DE LOS DEBUTANTES EN LA PRIMERA MITAD DE F1 2025?\" width=\"500\" height=\"281\" src=\"https:\/\/www.youtube.com\/embed\/EUhC4dCtVLQ?feature=oembed\" frameborder=\"0\" allow=\"accelerometer; autoplay; clipboard-write; encrypted-media; gyroscope; picture-in-picture; web-share\" referrerpolicy=\"strict-origin-when-cross-origin\" allowfullscreen><\/iframe>\n<\/div><\/figure>\n\n\n\n<p class=\"wp-block-paragraph\">Valtteri incluso brome\u00f3 sobre la posibilidad de ser contratado y, en un video publicado en redes sociales, se\u00f1al\u00f3 el asiento de uno de los SUV de la marca y dijo que era un <strong>&#8220;buen asiento&#8221;<\/strong>. Por su parte, <em>\u201cCheco\u201d <\/em>fue despedido del equipo <strong>Red Bull<\/strong> antes de acabar el a\u00f1o pasado y estaba interesado en regresar solo si se encontraba con <em>\u201cel proyecto adecuado\u201d<\/em>.<\/p>\n\n\n\n<p class=\"wp-block-paragraph\">Cadillac debutar\u00e1 en 2026 en colaboraci\u00f3n con <strong>Ferrari<\/strong>, que suministrar\u00e1 motores hasta que el equipo comience a utilizar sus propias unidades de potencia en 2029. Se espera que tanto Bottas como P\u00e9rez comiencen el proceso de integraci\u00f3n con el equipo a finales de este a\u00f1o, participando en pruebas con los coches Ferrari de 2023 y un anuncio podr\u00eda darse en las pr\u00f3ximas carreras de F1.<\/p>\n\n\n\n<p class=\"wp-block-paragraph\">\u23e9 <em><strong>\u00a1Seguinos en redes por <\/strong><\/em><a href=\"https:\/\/twitter.com\/grandepremioES\"><em><u>Twitter <\/u><\/em><\/a><em><strong>e <\/strong><\/em><a href=\"https:\/\/www.instagram.com\/grandepremioes\/\"><em><u>Instagram!<br><\/u><\/em><\/a>\u23e9 <em><strong>Adem\u00e1s, tenemos nuestro <\/strong><\/em><a href=\"https:\/\/whatsapp.com\/channel\/0029VaDZ5zb0gcfDxuwxBM05\"><em><u>canal de Whatsapp<\/u><\/em><\/a><em><strong> con toda la informaci\u00f3n al instante<\/strong><\/em> \ud83c\udfc1<\/p>\n\n\n\n<p class=\"wp-block-paragraph\">Tras el receso del verano en Europa, la F\u00f3rmula 1 correr\u00e1 entre el 29 y el 31 de agosto el Gran Premio de Pa\u00edses Bajos en Zandvoort, en la reanudaci\u00f3n de la temporada 2025.<\/p>\n","protected":false},"excerpt":{"rendered":"<p>Valtteri Bottas y Sergio P\u00e9rez han firmado con Cadillac y regresar\u00e1n a la parrilla de F\u00f3rmula 1 en 2026 en el debut de la escuder\u00eda estadounidense en la categor\u00eda el a\u00f1o que viene. De acuerdo con varios reportes period\u00edsticos, se espera un anuncio la pr\u00f3xima semana. <\/p>\n","protected":false},"author":0,"featured_media":1010359143,"comment_status":"closed","ping_status":"closed","sticky":false,"template":"","format":"standard","meta":{"42wp_featured_image_caption":"","42wp_featured_image_credits":"","42wp_featured_video":"","42wp_featured_image_hidden":false,"42wp_authors_list":[],"footnotes":""},"categories":[5],"tags":[1560,10887,185,7251,179,4892,11211,310,624,920,206,294,252],"42wp_author":[14237],"class_list":["post-5673","post","type-post","status-publish","format-standard","has-post-thumbnail","hentry","category-f1","tag-cadillac","tag-dan-towriss","tag-ferrari","tag-fom","tag-formula-1","tag-general-motors","tag-graeme-lowdon","tag-indycar","tag-liberty-media","tag-michael-andretti","tag-red-bull","tag-sergio-perez","tag-valtteri-bottas","42wp_author-gabriel-garcia"],"_links":{"self":[{"href":"https:\/\/grandepremio.com\/es\/wp-json\/wp\/v2\/posts\/5673","targetHints":{"allow":["GET"]}}],"collection":[{"href":"https:\/\/grandepremio.com\/es\/wp-json\/wp\/v2\/posts"}],"about":[{"href":"https:\/\/grandepremio.com\/es\/wp-json\/wp\/v2\/types\/post"}],"replies":[{"embeddable":true,"href":"https:\/\/grandepremio.com\/es\/wp-json\/wp\/v2\/comments?post=5673"}],"version-history":[{"count":0,"href":"https:\/\/grandepremio.com\/es\/wp-json\/wp\/v2\/posts\/5673\/revisions"}],"wp:featuredmedia":[{"embeddable":true,"href":"https:\/\/grandepremio.com\/es\/wp-json\/wp\/v2\/media\/1010359143"}],"wp:attachment":[{"href":"https:\/\/grandepremio.com\/es\/wp-json\/wp\/v2\/media?parent=5673"}],"wp:term":[{"taxonomy":"category","embeddable":true,"href":"https:\/\/grandepremio.com\/es\/wp-json\/wp\/v2\/categories?post=5673"},{"taxonomy":"post_tag","embeddable":true,"href":"https:\/\/grandepremio.com\/es\/wp-json\/wp\/v2\/tags?post=5673"},{"taxonomy":"42wp_author","embeddable":true,"href":"https:\/\/grandepremio.com\/es\/wp-json\/wp\/v2\/42wp_author?post=5673"}],"curies":[{"name":"wp","href":"https:\/\/api.w.org\/{rel}","templated":true}]}}