{"id":5682,"date":"2025-08-22T13:29:52","date_gmt":"2025-08-22T16:29:52","guid":{"rendered":"https:\/\/grandepremio.com\/es\/2025\/08\/22\/valtteri-bottas-fia-decision-sancion-cinco-puestos-regreso-cadillac-2026\/"},"modified":"2025-08-22T13:31:41","modified_gmt":"2025-08-22T16:31:41","slug":"valtteri-bottas-fia-decision-sancion-cinco-puestos-regreso-cadillac-2026","status":"publish","type":"post","link":"https:\/\/grandepremio.com\/es\/f1\/valtteri-bottas-fia-decision-sancion-cinco-puestos-regreso-cadillac-2026\/","title":{"rendered":"FIA aclara el panorama para el regreso de Bottas tras la sanci\u00f3n en Abu Dhabi 2024"},"content":{"rendered":"\n<p class=\"wp-block-paragraph\"><strong>Valtteri Bottas<\/strong> deber\u00e1 cumplir la sanci\u00f3n de cinco posiciones en la parrilla que recibi\u00f3 en el <strong>Gran Premio de Abu Dhabi de 2024<\/strong>. La <strong>Federaci\u00f3n Internacional del Autom\u00f3vil (FIA)<\/strong> confirm\u00f3 que el reciente cambio en el reglamento, que prev\u00e9 la prescripci\u00f3n de las sanciones deportivas tras 12 meses, no tiene car\u00e1cter retroactivo.<\/p>\n\n\n\n<p class=\"wp-block-paragraph\">\ud83d\udfe5&nbsp;<strong><em>\u00a1Todas las novedades te esperan en el canal de&nbsp;<\/em><\/strong><a href=\"https:\/\/www.youtube.com\/@GrandePremioES\"><em>YouTube<\/em><\/a><strong><em>&nbsp;de Grande Pr\u00eamio en Espa\u00f1ol!<\/em><\/strong>&nbsp;\ud83d\udfe8<\/p>\n\n\n\n<p class=\"wp-block-paragraph\">Por lo tanto, el finland\u00e9s, que se anunciar\u00e1 como piloto de Cadillac durante la semana del <strong>Gran Premio de los Pa\u00edses Bajos<\/strong>, cumplir\u00e1 la decisi\u00f3n en 2026 si no es llamado para sustituir a <strong>George Russell<\/strong> o <strong>Andrea Kimi Antonelli<\/strong> en <strong>Mercedes <\/strong>esta temporada.<\/p>\n\n\n\n<p class=\"wp-block-paragraph\">En la carrera de <strong>Yas Marina, Bottas<\/strong> fue considerado culpable de causar un accidente con <strong>Kevin Magnussen <\/strong>y, como abandon\u00f3 la prueba, fue sancionado con la p\u00e9rdida de cinco posiciones en la parrilla, pena que qued\u00f3 pendiente porque dej\u00f3 <strong>Sauber <\/strong>y se qued\u00f3 sin plaza en la parrilla este a\u00f1o. As\u00ed, la sanci\u00f3n se cumplir\u00e1 autom\u00e1ticamente en la pr\u00f3xima carrera que dispute.<\/p>\n\n\n\n<p class=\"wp-block-paragraph\">\u00abActualmente, la sanci\u00f3n sigue siendo v\u00e1lida, ya que no existe ning\u00fan mecanismo para modificar retroactivamente una penalizaci\u00f3n aplicada seg\u00fan las normas vigentes en ese momento. El cambio en el reglamento se pens\u00f3 para evitar situaciones an\u00f3malas similares en el futuro\u00bb, explic\u00f3 un portavoz de la <strong>FIA <\/strong>al portal neerland\u00e9s <em>RacingNews365<\/em>.<\/p>\n\n\n\n<p class=\"wp-block-paragraph\">Un ajuste en el reglamento deportivo de la <strong>FIA <\/strong>prev\u00e9 que las sanciones deportivas, como la de Bottas, tengan ahora un plazo de validez de 12 meses. Sin embargo, exist\u00eda incertidumbre sobre su aplicaci\u00f3n en incidentes ocurridos antes del cambio, situaci\u00f3n que fue aclarada por la entidad.<\/p>\n\n\n\n<p class=\"wp-block-paragraph\">\u23e9\u00a0<em><strong>\u00a1Seguinos en redes por\u00a0<\/strong><\/em><a href=\"https:\/\/twitter.com\/grandepremioES\"><em><u>Twitter\u00a0<\/u><\/em><\/a><em><strong>e\u00a0<\/strong><\/em><a href=\"https:\/\/www.instagram.com\/grandepremioes\/\"><em><u>Instagram!<br><\/u><\/em><\/a>\u23e9\u00a0<em><strong>Adem\u00e1s, tenemos nuestro\u00a0<\/strong><\/em><a href=\"https:\/\/whatsapp.com\/channel\/0029VaDZ5zb0gcfDxuwxBM05\"><em><u>canal de Whatsapp<\/u><\/em><\/a><em><strong>\u00a0con toda la informaci\u00f3n al instante<\/strong><\/em>\u00a0\ud83c\udfc1<\/p>\n\n\n\n<figure class=\"wp-block-image size-large\"><img decoding=\"async\" src=\"https:\/\/grandepremio.com\/es\/wp-content\/uploads\/2025\/08\/Bottas-Magnussen-GP-Abu-Dhabi-1200x675-1-1024x576.jpg\" alt=\"\" class=\"wp-image-359043\"\/><figcaption class=\"wp-element-caption\">El incidente que caus\u00f3 una sanci\u00f3n para Valtteri Bottas en Abu Dhabi (Foto: Reproducci\u00f3n \/ F1)<\/figcaption><\/figure>\n\n\n\n<p class=\"wp-block-paragraph\">\u00abLa p\u00e9rdida de cualquier n\u00famero de posiciones en la parrilla se aplicar\u00e1 en la pr\u00f3xima carrera o sprint en el que participe el piloto dentro del per\u00edodo posterior de doce (12) meses\u00bb, dice el documento de la <strong>FIA<\/strong>, actualizado a finales de julio.<\/p>\n\n\n\n<p class=\"wp-block-paragraph\">La situaci\u00f3n, por cierto, no es in\u00e9dita.<strong> Jenson Button<\/strong> recibi\u00f3 una sanci\u00f3n de tres posiciones en la parrilla despu\u00e9s del <strong>GP de M\u00f3naco<\/strong> de 2017, cuando sustituy\u00f3 a <strong>Fernando Alonso<\/strong> en <strong>McLaren<\/strong>, pero nunca cumpli\u00f3 la sanci\u00f3n. Como esa fue la \u00faltima carrera del campe\u00f3n de 2009 en la categor\u00eda, te\u00f3ricamente seguir\u00eda teniendo un asterisco, incluso a sus 45 a\u00f1os y a punto de retirarse del automovilismo.<\/p>\n\n\n\n<p class=\"wp-block-paragraph\"><strong>Robert Shwartzman<\/strong> es otro que vivi\u00f3 una situaci\u00f3n inusual. Cuando estaba en pista con <strong>Sauber <\/strong>en la FP1 del <strong>GP de Ciudad de M\u00e9xico<\/strong> del a\u00f1o pasado, recibi\u00f3 cinco posiciones en la parrilla como sanci\u00f3n por adelantar bajo bandera amarilla. Como nunca particip\u00f3 en una carrera en la <strong>F\u00f3rmula 1<\/strong>, todav\u00eda lleva esa sanci\u00f3n.<\/p>\n\n\n\n<p class=\"wp-block-paragraph\">Tras el receso de verano en&nbsp;<strong>Europa<\/strong>, la&nbsp;<strong>F\u00f3rmula 1<\/strong>&nbsp;regresar\u00e1 entre el 29 y el 31 de agosto para el&nbsp;<strong>Gran Premio de Pa\u00edses Bajos<\/strong>, decimoquinta prueba de la&nbsp;<strong>temporada 2025<\/strong>.<\/p>\n\n\n\n<figure class=\"wp-block-embed is-type-video is-provider-youtube wp-block-embed-youtube wp-embed-aspect-16-9 wp-has-aspect-ratio\"><div class=\"wp-block-embed__wrapper\">\n<iframe loading=\"lazy\" title=\"\u00bfC\u00d3MO FUE EL RENDIMIENTO DE LOS DEBUTANTES EN LA PRIMERA MITAD DE F1 2025?\" width=\"500\" height=\"281\" src=\"https:\/\/www.youtube.com\/embed\/EUhC4dCtVLQ?feature=oembed\" frameborder=\"0\" allow=\"accelerometer; autoplay; clipboard-write; encrypted-media; gyroscope; picture-in-picture; web-share\" referrerpolicy=\"strict-origin-when-cross-origin\" allowfullscreen><\/iframe>\n<\/div><\/figure>\n","protected":false},"excerpt":{"rendered":"<p>La FIA confirm\u00f3 que el cambio que prev\u00e9 la prescripci\u00f3n de las sanciones deportivas tras 12 meses no tiene car\u00e1cter retroactivo, y Valtteri Bottas cumplir\u00e1 la sanci\u00f3n recibida en el GP de Abu Dhabi de 2024 si regresa a la F\u00f3rmula 1 con Cadillac.<\/p>\n","protected":false},"author":0,"featured_media":1010359044,"comment_status":"closed","ping_status":"closed","sticky":false,"template":"","format":"standard","meta":{"42wp_featured_image_caption":"","42wp_featured_image_credits":"","42wp_featured_video":"","42wp_featured_image_hidden":false,"42wp_authors_list":[],"footnotes":""},"categories":[5],"tags":[1560,181,1710,263,179,8059,11148,1488,9647,252],"42wp_author":[14239],"class_list":["post-5682","post","type-post","status-publish","format-standard","has-post-thumbnail","hentry","category-f1","tag-cadillac","tag-f1","tag-f1-2025","tag-fia","tag-formula-1","tag-formula-1-2025","tag-gp-de-abu-dhabi-2024","tag-grande-premio","tag-temporada-2025-f1","tag-valtteri-bottas","42wp_author-jp-otrosky"],"_links":{"self":[{"href":"https:\/\/grandepremio.com\/es\/wp-json\/wp\/v2\/posts\/5682","targetHints":{"allow":["GET"]}}],"collection":[{"href":"https:\/\/grandepremio.com\/es\/wp-json\/wp\/v2\/posts"}],"about":[{"href":"https:\/\/grandepremio.com\/es\/wp-json\/wp\/v2\/types\/post"}],"replies":[{"embeddable":true,"href":"https:\/\/grandepremio.com\/es\/wp-json\/wp\/v2\/comments?post=5682"}],"version-history":[{"count":0,"href":"https:\/\/grandepremio.com\/es\/wp-json\/wp\/v2\/posts\/5682\/revisions"}],"wp:featuredmedia":[{"embeddable":true,"href":"https:\/\/grandepremio.com\/es\/wp-json\/wp\/v2\/media\/1010359044"}],"wp:attachment":[{"href":"https:\/\/grandepremio.com\/es\/wp-json\/wp\/v2\/media?parent=5682"}],"wp:term":[{"taxonomy":"category","embeddable":true,"href":"https:\/\/grandepremio.com\/es\/wp-json\/wp\/v2\/categories?post=5682"},{"taxonomy":"post_tag","embeddable":true,"href":"https:\/\/grandepremio.com\/es\/wp-json\/wp\/v2\/tags?post=5682"},{"taxonomy":"42wp_author","embeddable":true,"href":"https:\/\/grandepremio.com\/es\/wp-json\/wp\/v2\/42wp_author?post=5682"}],"curies":[{"name":"wp","href":"https:\/\/api.w.org\/{rel}","templated":true}]}}