{"id":5701,"date":"2025-08-21T11:52:55","date_gmt":"2025-08-21T14:52:55","guid":{"rendered":"https:\/\/grandepremio.com\/es\/2025\/08\/21\/fraga-innecesario-salida-sugo-auto-seguridad-super-formula-2025\/"},"modified":"2025-08-21T11:52:59","modified_gmt":"2025-08-21T14:52:59","slug":"fraga-innecesario-salida-sugo-auto-seguridad-super-formula-2025","status":"publish","type":"post","link":"https:\/\/grandepremio.com\/es\/super-formula\/fraga-innecesario-salida-sugo-auto-seguridad-super-formula-2025\/","title":{"rendered":"Fraga ve innecesario salida en Sugo con auto de seguridad: &#8220;Estaba bien para largar de parado&#8221;"},"content":{"rendered":"\n<p class=\"wp-block-paragraph\">Hace pocos d\u00edas se desarroll\u00f3 una nueva competencia de la temporada 2025 de la <strong>S\u00faper F\u00f3rmula<\/strong> en el siempre intrincado y dif\u00edcil circuito de <strong>Sugo<\/strong>, donde <strong>Igor Fraga<\/strong> logr\u00f3 sumar puntos en el sexto puesto con el auto del <strong>Nakajima Racing<\/strong>.<\/p>\n\n\n\n<p class=\"wp-block-paragraph\">\ud83d\udfe5&nbsp;<strong><em>\u00a1Todas las novedades te esperan en el canal de&nbsp;<\/em><\/strong><a href=\"https:\/\/www.youtube.com\/@GrandePremioES\"><em>YouTube<\/em><\/a><strong><em>&nbsp;de Grande Pr\u00eamio en Espa\u00f1ol!<\/em><\/strong>&nbsp;\ud83d\udfe8<\/p>\n\n\n\n<p class=\"wp-block-paragraph\">El piloto brasile\u00f1o-japon\u00e9s habl\u00f3 con <strong>GRANDE PREMIO en Espa\u00f1ol<\/strong> en exclusiva despu\u00e9s del evento y dio una amplia visi\u00f3n de lo que fue su carrera, que tuvo una pista muy mojada y h\u00fameda, tal como estaba previsto en el pron\u00f3stico clim\u00e1tico.<\/p>\n\n\n\n<p class=\"wp-block-paragraph\"><strong>\u201cNuestra puesta a punto estaba pensada para condiciones de mucha lluvia, porque hab\u00edamos visto esto en el pronostico clim\u00e1tico para la carrera, esper\u00e1bamos mucha lluvia durante la carrera e hicimos ajustes pensando en eso, pero al final no llovi\u00f3 tanto como quer\u00edamos y la pista solo se secaba cada vez m\u00e1s y creo que Nirei Fukuzumi ten\u00eda la puesta a punto m\u00e1s acorde, lo que les funcion\u00f3 mejor a ellos\u201d<\/strong>, admiti\u00f3 el compa\u00f1ero de Ren Sato.<\/p>\n\n\n\n<figure class=\"wp-block-embed is-type-video is-provider-youtube wp-block-embed-youtube wp-embed-aspect-16-9 wp-has-aspect-ratio\"><div class=\"wp-block-embed__wrapper\">\n<iframe loading=\"lazy\" title=\"FENESTRAZ VUELVE AL PODIO Y DA UN IMPULSO A SU CARRERA DEPORTIVA\" width=\"500\" height=\"281\" src=\"https:\/\/www.youtube.com\/embed\/V3dWKWURqMI?feature=oembed\" frameborder=\"0\" allow=\"accelerometer; autoplay; clipboard-write; encrypted-media; gyroscope; picture-in-picture; web-share\" referrerpolicy=\"strict-origin-when-cross-origin\" allowfullscreen><\/iframe>\n<\/div><\/figure>\n\n\n\n<p class=\"wp-block-paragraph\"><strong>\u201cPor eso, al comienzo de la carrera, cuando hab\u00eda m\u00e1s lluvia en la pista, especialmente al comienzo y en el reinicio, tuve mejor ritmo y pude superarlo. Pero, desde la mitad de carrera en adelante, \u00e9l era mucho m\u00e1s r\u00e1pido y ya no fue posible aguantarlo, trat\u00e9 de hacerlo, pero destru\u00ed mis neum\u00e1ticos, decid\u00ed no rendirme, pero cuidar m\u00e1s las gomas porque la carrera era muy larga hasta el final\u201d<\/strong>, a\u00f1adi\u00f3.<\/p>\n\n\n\n<p class=\"wp-block-paragraph\"><strong>\u201cCreo que, al final, tuve una peque\u00f1a batalla tambi\u00e9n con Zak (O\u2019Sullivan), pero creo que, en t\u00e9rminos de performance, pude maximizar todo lo que ten\u00eda esta vez, lo cual es un poco frustrante ya que comet\u00ed varios errores, pero creo que hice lo m\u00e1s que pude este fin de semana\u201d<\/strong>, se lament\u00f3, en parte, el ex rival de <strong>Franco Colapinto<\/strong> en la Toyota Racing Series de la temporada 2020.<\/p>\n\n\n\n<p class=\"wp-block-paragraph\">Luego, este medio le consult\u00f3 a Igor si la maniobra con <strong>Nirei Fukuzumi<\/strong>, a quien hab\u00eda superado previamente, le hab\u00eda desgastado las gomas, y reconoci\u00f3: <strong>\u201cS\u00ed. Al final, el ritmo que ten\u00eda Fukuzumi en ese momento, como dije, su auto estaba mejor preparado para esas condiciones de pista en la que se estaba secando y pudo mostrar el buen ritmo que ten\u00eda durante la carrera. Ten\u00edamos su mismo ritmo, pero no hab\u00eda mucho m\u00e1s que pudiera hacer\u201d.<\/strong><\/p>\n\n\n\n<figure class=\"wp-block-image size-large\"><img decoding=\"async\" src=\"https:\/\/grandepremio.com\/cdn-cgi\/image\/width=893,height=558,fit=contain,gravity=0.5x0.5,quality=75,format=webp\/es\/wp-content\/uploads\/2025\/08\/2025-SUPER-FORMULA-Rd.8-SportslandSUGO\u30fb\u30fbRen-Sato-DNFIgor-Omura-Fraga-P6\u30fb\u30fbnakajimaracing-po-1024x683.jpg\" alt=\"\" class=\"wp-image-358876\"\/><figcaption class=\"wp-element-caption\">Igor Fraga sum\u00f3 puntos en Sugo, pero quiere algo m\u00e1s que eso en las \u00faltimas carreras del a\u00f1o. (Foto: JRP)<\/figcaption><\/figure>\n\n\n\n<p class=\"wp-block-paragraph\">Sobre la largada, que se produjo con el auto de seguridad durante varias vueltas, el piloto de 26 a\u00f1os se\u00f1al\u00f3 que le hubiera gustado que estuviera menos tiempo en la pista: <strong>\u201cCreo que, en t\u00e9rminos de largada en parado, estaba bien. No era necesario estar tanto tiempo detr\u00e1s del auto de seguridad, creo que, con una o dos vueltas, hubiera estado bien. Pero creo que el a\u00f1o pasado se vivi\u00f3 un momento dif\u00edcil aqu\u00ed y eso los hizo ser demasiado cautos. Creo que las gomas de esta temporada entran en temperatura mucho m\u00e1s r\u00e1pido, creo que en t\u00e9rminos de degradaci\u00f3n hay que cuidar m\u00e1s del desgaste, pero se calientan bastante r\u00e1pido\u201d.<\/strong><\/p>\n\n\n\n<p class=\"wp-block-paragraph\">De cara a las dos \u00faltimas fechas, Fraga quiere pelear por algo m\u00e1s que sumar puntos: <strong>\u201cEsperamos poder estar m\u00e1s consistentemente en la zona de puntos, pero queremos tener una chance m\u00e1s de poder pelear por el podio y estar cerca de los lugares m\u00e1s altos. A esto es lo que tenemos que aspirar y luchar por ello. Creo que el hecho de que las temperaturas desde octubre sean un poco m\u00e1s fr\u00edas le puede venir muy bien a nuestro auto, as\u00ed que esperemos que podamos ser m\u00e1s competitivos en las pr\u00f3ximas carreras\u201d.<\/strong><\/p>\n\n\n\n<p class=\"wp-block-paragraph\">Tras ocho carreras disputadas, Fraga se ubica octavo en el campeonato, con 30 puntos, igualado con su compa\u00f1ero, <strong>Ren Sato<\/strong>. <strong>Sho Tsuboi<\/strong> comanda el certamen con 95 unidades, cinco m\u00e1s que el ganador en Sugo, <strong>Ayumu Iwasa<\/strong>.<\/p>\n\n\n\n<figure class=\"wp-block-image size-large\"><img decoding=\"async\" src=\"https:\/\/grandepremio.com\/cdn-cgi\/image\/width=893,height=558,fit=contain,gravity=0.5x0.5,quality=75,format=webp\/es\/wp-content\/uploads\/2025\/08\/ZYO_0400-1024x682.jpg\" alt=\"\" class=\"wp-image-358881\"\/><figcaption class=\"wp-element-caption\">Con los puntos de Sugo, Fraga igual\u00f3 en el campeonato de S\u00faper F\u00f3rmula a su compa\u00f1ero, Ren Sato. (Foto: JRP)<\/figcaption><\/figure>\n\n\n\n<p class=\"wp-block-paragraph\">\u23e9 <strong><em>\u00a1Seguinos en redes por <\/em><\/strong><a href=\"https:\/\/twitter.com\/grandepremioES\"><em>Twitter <\/em><\/a><strong><em>e <\/em><\/strong><a href=\"https:\/\/www.instagram.com\/grandepremioes\/\"><em>Instagram!<br><\/em><\/a>\u23e9 <strong><em>Adem\u00e1s, tenemos nuestro <\/em><\/strong><a href=\"https:\/\/whatsapp.com\/channel\/0029VaDZ5zb0gcfDxuwxBM05\"><em>canal de Whatsapp<\/em><\/a><strong><em> con toda la informaci\u00f3n al instante<\/em><\/strong> \ud83c\udfc1<\/p>\n\n\n\n<p class=\"wp-block-paragraph\">La S\u00faper F\u00f3rmula regresar\u00e1 entre el 10 y el 12 de octubre con la doble fecha en Fuji, para la pen\u00faltima ronda del certamen de 2025. Cobertura de GRANDE PREMIO en Espa\u00f1ol.<\/p>\n","protected":false},"excerpt":{"rendered":"<p>Igor Fraga convers\u00f3 mano a mano con GRANDE PREMIO en Espa\u00f1ol despu\u00e9s de la carrera de la S\u00faper F\u00f3rmula en Sugo y dijo que la visibilidad en la prueba fue buena, pero que el ritmo no lo acompa\u00f1\u00f3 para avanzar m\u00e1s posiciones. <\/p>\n","protected":false},"author":0,"featured_media":1010358870,"comment_status":"closed","ping_status":"closed","sticky":false,"template":"","format":"standard","meta":{"42wp_featured_image_caption":"","42wp_featured_image_credits":"","42wp_featured_video":"","42wp_featured_image_hidden":false,"42wp_authors_list":[],"footnotes":""},"categories":[45],"tags":[3085,814,1488,286,11230,11225,11219,7074,11393,7286],"42wp_author":[14237],"class_list":["post-5701","post","type-post","status-publish","format-standard","has-post-thumbnail","hentry","category-super-formula","tag-ayumu-iwasa","tag-franco-colapinto","tag-grande-premio","tag-igor-fraga","tag-nakajima-racing","tag-nirei-fukuzumi","tag-ren-sato","tag-sho-tsuboi","tag-sugo","tag-super-formula-2","42wp_author-gabriel-garcia"],"_links":{"self":[{"href":"https:\/\/grandepremio.com\/es\/wp-json\/wp\/v2\/posts\/5701","targetHints":{"allow":["GET"]}}],"collection":[{"href":"https:\/\/grandepremio.com\/es\/wp-json\/wp\/v2\/posts"}],"about":[{"href":"https:\/\/grandepremio.com\/es\/wp-json\/wp\/v2\/types\/post"}],"replies":[{"embeddable":true,"href":"https:\/\/grandepremio.com\/es\/wp-json\/wp\/v2\/comments?post=5701"}],"version-history":[{"count":0,"href":"https:\/\/grandepremio.com\/es\/wp-json\/wp\/v2\/posts\/5701\/revisions"}],"wp:featuredmedia":[{"embeddable":true,"href":"https:\/\/grandepremio.com\/es\/wp-json\/wp\/v2\/media\/1010358870"}],"wp:attachment":[{"href":"https:\/\/grandepremio.com\/es\/wp-json\/wp\/v2\/media?parent=5701"}],"wp:term":[{"taxonomy":"category","embeddable":true,"href":"https:\/\/grandepremio.com\/es\/wp-json\/wp\/v2\/categories?post=5701"},{"taxonomy":"post_tag","embeddable":true,"href":"https:\/\/grandepremio.com\/es\/wp-json\/wp\/v2\/tags?post=5701"},{"taxonomy":"42wp_author","embeddable":true,"href":"https:\/\/grandepremio.com\/es\/wp-json\/wp\/v2\/42wp_author?post=5701"}],"curies":[{"name":"wp","href":"https:\/\/api.w.org\/{rel}","templated":true}]}}