{"id":5730,"date":"2025-08-19T15:59:13","date_gmt":"2025-08-19T18:59:13","guid":{"rendered":"https:\/\/grandepremio.com\/es\/2025\/08\/19\/norris-f1-artificial-coches-no-espectaculares-2026\/"},"modified":"2025-08-19T15:59:16","modified_gmt":"2025-08-19T18:59:16","slug":"norris-f1-artificial-coches-no-espectaculares-2026","status":"publish","type":"post","link":"https:\/\/grandepremio.com\/es\/f1\/norris-f1-artificial-coches-no-espectaculares-2026\/","title":{"rendered":"Norris teme una F1 &#8220;artificial&#8221; con coches &#8220;no tan espectaculares&#8221; en la normativa de 2026"},"content":{"rendered":"\n<p class=\"wp-block-paragraph\">Se acerca una nueva era t\u00e9cnica y de motores en la <strong>F\u00f3rmula 1 <\/strong>a partir de la temporada 2026 y nadie ha querido dejar de opinar de lo que pueden ser las carreras el a\u00f1o que viene. <strong>Lando Norris<\/strong> declar\u00f3 que se deben mejorar muchos aspectos, pero teme que la categor\u00eda se vuelva artificial, lo que ir\u00eda en contra de la esencia del deporte.<\/p>\n\n\n\n<p class=\"wp-block-paragraph\">\ud83d\udfe5&nbsp;<strong><em>\u00a1Todas las novedades te esperan en el canal de&nbsp;<\/em><\/strong><a href=\"https:\/\/www.youtube.com\/@GrandePremioES\"><em>YouTube<\/em><\/a><strong><em>&nbsp;de Grande Pr\u00eamio en Espa\u00f1ol!<\/em><\/strong>&nbsp;\ud83d\udfe8<\/p>\n\n\n\n<p class=\"wp-block-paragraph\">La Federaci\u00f3n Internacional del Autom\u00f3vil (<strong>FIA<\/strong>), en la voz de <strong>Nikolas Tombazis<\/strong>, director de monoplazas, ha afirmado que buscar\u00e1n realizar todas las modificaciones necesarias en el reglamento para evitar que los pilotos deban recargar energ\u00eda, debido a que el componente el\u00e9ctrico ser\u00e1 hasta del 50% de incidencia en los impulsores de 2026.<br><br>El piloto de <strong>McLaren <\/strong>habl\u00f3 en una entrevista con PlanetF1 sobre este tema: <strong>&#8220;Es bueno y diferente en distintos aspectos. La F\u00f3rmula 1, en cuanto a ser la cumbre del automovilismo, la velocidad y todo lo dem\u00e1s, no tiene mucho margen de mejora respecto a lo que hemos tenido este a\u00f1o y en los \u00faltimos. Cuando lleguemos a 2026, las diferencias [en rendimiento] ser\u00e1n mayores. Eso no significa que las carreras vayan a ser peores&#8221;.<\/strong><\/p>\n\n\n\n<figure class=\"wp-block-embed is-type-video is-provider-youtube wp-block-embed-youtube wp-embed-aspect-16-9 wp-has-aspect-ratio\"><div class=\"wp-block-embed__wrapper\">\n<iframe loading=\"lazy\" title=\"FENESTRAZ VUELVE AL PODIO Y DA UN IMPULSO A SU CARRERA DEPORTIVA\" width=\"500\" height=\"281\" src=\"https:\/\/www.youtube.com\/embed\/V3dWKWURqMI?feature=oembed\" frameborder=\"0\" allow=\"accelerometer; autoplay; clipboard-write; encrypted-media; gyroscope; picture-in-picture; web-share\" referrerpolicy=\"strict-origin-when-cross-origin\" allowfullscreen><\/iframe>\n<\/div><\/figure>\n\n\n\n<p class=\"wp-block-paragraph\"><strong>\u201cHay muchas cosas que podr\u00edan mejorar las carreras. Simplemente no quiero que se sientan demasiado artificiales. No quiero que se sientan falsos, como un guion; no creo que sea correcto. Eso no es automovilismo, y no es lo que me gusta. Algunas cosas mejorar\u00e1n, pero los autos ser\u00e1n a\u00fan m\u00e1s lentos en las rectas y en las curvas, cosas as\u00ed\u201d<\/strong>, enfatiz\u00f3 el compa\u00f1ero de <strong>Oscar Piastri<\/strong>.<br><br><strong>\u201cNo se sentir\u00e1n tan espectaculares en cuanto a rendimiento por vuelta. No se sentir\u00e1n tan r\u00e1pidos, porque al final de las rectas perderemos velocidad, iremos frenando. As\u00ed que no se sentir\u00e1 tan genial ni especial. Sigo pensando que hay cosas que me gustar\u00eda m\u00e1s en el coche. Simplemente m\u00e1s duraci\u00f3n de la bater\u00eda, cosas as\u00ed. Podr\u00edamos tener un poco m\u00e1s de normalidad\u201d<\/strong>, lament\u00f3 el brit\u00e1nico, quien finalmente reconoci\u00f3 que hay dificultades para todos en la parrilla.<br><br><strong>\u201cEs un nuevo reto para todos, as\u00ed que tenemos que afrontar con ilusi\u00f3n el reto de un nuevo coche y una nueva normativa. Eso es tambi\u00e9n lo que hace que la F\u00f3rmula 1 sea emocionante a veces. Es un nuevo comienzo para todos. Como equipo, estamos entusiasmados. Es algo que nos motiva. Como pilotos, queremos coches que podamos conducir con facilidad\u201d<\/strong>, concluy\u00f3.<\/p>\n\n\n\n<p class=\"wp-block-paragraph\">\u23e9 <em><strong>\u00a1Seguinos en redes por <\/strong><\/em><a href=\"https:\/\/twitter.com\/grandepremioES\"><em><u>Twitter <\/u><\/em><\/a><em><strong>e <\/strong><\/em><a href=\"https:\/\/www.instagram.com\/grandepremioes\/\"><em><u>Instagram!<br><\/u><\/em><\/a>\u23e9 <em><strong>Adem\u00e1s, tenemos nuestro <\/strong><\/em><a href=\"https:\/\/whatsapp.com\/channel\/0029VaDZ5zb0gcfDxuwxBM05\"><em><u>canal de Whatsapp<\/u><\/em><\/a><em><strong> con toda la informaci\u00f3n al instante<\/strong><\/em> \ud83c\udfc1<\/p>\n\n\n\n<p class=\"wp-block-paragraph\">Tras el receso del verano en Europa, la F\u00f3rmula 1 correr\u00e1 entre el 29 y el 31 de agosto el <strong>Gran Premio de Pa\u00edses Bajos <\/strong>en Zandvoort, en la reanudaci\u00f3n de la temporada 2025.<\/p>\n","protected":false},"excerpt":{"rendered":"<p>A pesar de algunas preocupaciones, Lando Norris evit\u00f3 ser simplemente pesimista y afirm\u00f3 que &#8220;hay muchos aspectos&#8221; que podr\u00edan mejorar las carreras a partir de la temporada 2026 de F\u00f3rmula 1. <\/p>\n","protected":false},"author":0,"featured_media":1010358676,"comment_status":"closed","ping_status":"closed","sticky":false,"template":"","format":"standard","meta":{"42wp_featured_image_caption":"","42wp_featured_image_credits":"","42wp_featured_video":"","42wp_featured_image_hidden":false,"42wp_authors_list":[],"footnotes":""},"categories":[5],"tags":[263,179,1574,268,269,1533,278],"42wp_author":[14237],"class_list":["post-5730","post","type-post","status-publish","format-standard","has-post-thumbnail","hentry","category-f1","tag-fia","tag-formula-1","tag-gp-de-paises-bajos","tag-lando-norris","tag-mclaren","tag-nikolas-tombazis","tag-oscar-piastri","42wp_author-gabriel-garcia"],"_links":{"self":[{"href":"https:\/\/grandepremio.com\/es\/wp-json\/wp\/v2\/posts\/5730","targetHints":{"allow":["GET"]}}],"collection":[{"href":"https:\/\/grandepremio.com\/es\/wp-json\/wp\/v2\/posts"}],"about":[{"href":"https:\/\/grandepremio.com\/es\/wp-json\/wp\/v2\/types\/post"}],"replies":[{"embeddable":true,"href":"https:\/\/grandepremio.com\/es\/wp-json\/wp\/v2\/comments?post=5730"}],"version-history":[{"count":0,"href":"https:\/\/grandepremio.com\/es\/wp-json\/wp\/v2\/posts\/5730\/revisions"}],"wp:featuredmedia":[{"embeddable":true,"href":"https:\/\/grandepremio.com\/es\/wp-json\/wp\/v2\/media\/1010358676"}],"wp:attachment":[{"href":"https:\/\/grandepremio.com\/es\/wp-json\/wp\/v2\/media?parent=5730"}],"wp:term":[{"taxonomy":"category","embeddable":true,"href":"https:\/\/grandepremio.com\/es\/wp-json\/wp\/v2\/categories?post=5730"},{"taxonomy":"post_tag","embeddable":true,"href":"https:\/\/grandepremio.com\/es\/wp-json\/wp\/v2\/tags?post=5730"},{"taxonomy":"42wp_author","embeddable":true,"href":"https:\/\/grandepremio.com\/es\/wp-json\/wp\/v2\/42wp_author?post=5730"}],"curies":[{"name":"wp","href":"https:\/\/api.w.org\/{rel}","templated":true}]}}