{"id":5759,"date":"2025-08-18T09:38:09","date_gmt":"2025-08-18T12:38:09","guid":{"rendered":"https:\/\/grandepremio.com\/es\/2025\/08\/18\/montoya-dice-carrera-cambia-mucho-tener-padre-famoso\/"},"modified":"2025-08-18T09:38:57","modified_gmt":"2025-08-18T12:38:57","slug":"montoya-dice-carrera-cambia-mucho-tener-padre-famoso","status":"publish","type":"post","link":"https:\/\/grandepremio.com\/es\/f2\/montoya-dice-carrera-cambia-mucho-tener-padre-famoso\/","title":{"rendered":"Montoya dice que carrera \u00abcambia mucho\u00bb por tener padre famoso: \u00abDiferente para los otros\u00bb"},"content":{"rendered":"\n<p class=\"wp-block-paragraph\">En la familia <strong>Montoya<\/strong>, el automovilismo es un legado que se transmit\u00eda de padres a hijos. <strong>Sebasti\u00e1n Montoya<\/strong>, actualmente piloto de <strong>F\u00f3rmula 2<\/strong>, creci\u00f3 bajo la influencia de <strong>Juan Pablo<\/strong>, su padre y uno de los pilotos m\u00e1s populares del automovilismo internacional entre las d\u00e9cadas de <strong>1990<\/strong> y <strong>2000<\/strong>. Ahora, con 20 a\u00f1os, Sebasti\u00e1n sabe perfectamente que las cosas eran diferentes para \u00e9l que para la mayor\u00eda de la gente.<\/p>\n\n\n\n<p class=\"wp-block-paragraph\"><strong>Juan Pablo Montoya<\/strong> ha acumulado victorias en varios \u00e1mbitos del automovilismo. Piloto de F\u00f3rmula 1 entre <strong>2001<\/strong> y <strong>2006<\/strong>, logr\u00f3 siete pole positions, siete victorias y 23 podios en la categor\u00eda. Antes de eso, ya hab\u00eda hecho historia con el t\u00edtulo de <strong>Indy<\/strong> en <strong>1999<\/strong> y las <strong>500 Millas de Indian\u00e1polis<\/strong> en <strong>2000<\/strong>. Tras su paso por la F1, pas\u00f3 a\u00f1os en la <strong>NASCAR<\/strong>, donde cosech\u00f3 victorias, y regres\u00f3 a la IndyCar para ganar de nuevo en la <strong>Indy 500<\/strong>. Tambi\u00e9n triunf\u00f3 en las carreras de resistencia. Ahora, ve a su hijo ganar terreno en la F2.<\/p>\n\n\n\n<p class=\"wp-block-paragraph\">\u00abHablando de mi carrera, tenerlo como padre cambia mucho las cosas, pero al final, as\u00ed ha sido siempre [tener un padre famoso] en el automovilismo, y es a lo que estoy acostumbrado. As\u00ed son las cosas, y esa es mi experiencia. Es muy diferente a otros, siempre me han visto y hablado de forma diferente por mi padre y por ser hijo de una figura importante del deporte. Nunca le he visto el lado negativo, es a lo que estoy acostumbrado, pero para m\u00ed es una gran ventaja\u00bb, coment\u00f3 Sebasti\u00e1n.<\/p>\n\n\n\n<p class=\"wp-block-paragraph\">\ud83d\udfe5&nbsp;<strong><em>\u00a1Todas las novedades te esperan en el canal de&nbsp;<\/em><\/strong><a href=\"https:\/\/www.youtube.com\/@GrandePremioES\"><em>YouTube<\/em><\/a><strong><em>&nbsp;de Grande Pr\u00eamio en Espa\u00f1ol!<\/em><\/strong>&nbsp;\ud83d\udfe8<\/p>\n\n\n\n<figure class=\"wp-block-image size-full\"><img decoding=\"async\" src=\"https:\/\/grandepremio.com\/es\/wp-content\/uploads\/2024\/08\/Juan-Pablo-Montoya.jpg\" alt=\"\" class=\"wp-image-250471\"\/><figcaption class=\"wp-element-caption\">Sebasti\u00e1n Montoya destac\u00f3 la influencia de su padre Juan Pablo. (Foto: IndyCar)<\/figcaption><\/figure>\n\n\n\n<p class=\"wp-block-paragraph\">\u23e9\u00a0<em><strong>\u00a1Seguinos en redes por\u00a0<\/strong><\/em><a href=\"https:\/\/twitter.com\/grandepremioES\"><em><u>Twitter\u00a0<\/u><\/em><\/a><em><strong>e\u00a0<\/strong><\/em><a href=\"https:\/\/www.instagram.com\/grandepremioes\/\"><em><u>Instagram!<br><\/u><\/em><\/a>\u23e9\u00a0<em><strong>Adem\u00e1s, tenemos nuestro\u00a0<\/strong><\/em><a href=\"https:\/\/whatsapp.com\/channel\/0029VaDZ5zb0gcfDxuwxBM05\"><em><u>canal de Whatsapp<\/u><\/em><\/a><em><strong>\u00a0con toda la informaci\u00f3n al instante<\/strong><\/em>\u00a0\ud83c\udfc1<\/p>\n\n\n\n<p class=\"wp-block-paragraph\">\u00abTengo a mi padre como mentor, y el hecho de que sea uno de los mejores pilotos de la historia del automovilismo, no solo de la F1, hace que sea genial tenerlo cerca, apoy\u00e1ndome en todo momento\u00bb, a\u00f1adi\u00f3.<\/p>\n\n\n\n<p class=\"wp-block-paragraph\">\u00abDir\u00eda que el momento m\u00e1s destacado de su carrera fue en <strong>2003<\/strong>, cuando gan\u00f3 el <strong>Gran Premio de M\u00f3naco<\/strong>. A principios de este a\u00f1o, sub\u00ed al podio en M\u00f3naco en F\u00f3rmula 2 y, para ser sincero, no me di cuenta de que estaba all\u00ed hasta que son\u00f3 el himno. Fue entonces cuando lo entend\u00ed todo. Miras a esa multitud abajo y ese es el momento en que te das cuenta de lo incre\u00edble que es. M\u00f3naco es una pista donde siempre me he sentido r\u00e1pido, pero nunca he podido demostrarlo. Saber que mi padre hizo historia all\u00ed fue un momento realmente genial\u00bb, coment\u00f3.<\/p>\n\n\n\n<p class=\"wp-block-paragraph\">Sebasti\u00e1n es actualmente noveno en el campeonato de F2, con 72 puntos. Los momentos m\u00e1s destacados del piloto esta temporada han sido sus tres podios: el primero en la carrera sprint de M\u00f3naco, donde acab\u00f3 tercero, el segundo en la carrera principal en <strong>Espa\u00f1a<\/strong>, donde fue segundo, y en la sprint de <strong>Silverstone<\/strong>, donde tambi\u00e9n finaliz\u00f3 como escolta.<\/p>\n\n\n\n<p class=\"wp-block-paragraph\">Tras el receso de verano en&nbsp;<strong>Europa<\/strong>, la&nbsp;<strong>F\u00f3rmula 1<\/strong>&nbsp;regresar\u00e1 entre el 29 y el 31 de agosto para el&nbsp;<strong>Gran Premio de Pa\u00edses Bajos<\/strong>, 15\u00aa prueba de la&nbsp;<strong>temporada 2025<\/strong>.<\/p>\n\n\n\n<figure class=\"wp-block-embed is-type-rich is-provider-gestor-del-servicio wp-block-embed-gestor-del-servicio wp-embed-aspect-16-9 wp-has-aspect-ratio\"><div class=\"wp-block-embed__wrapper\">\nhttps:\/\/youtube.com\/watch?v=V3dWKWURqMI%3Fversion%3D3%26rel%3D1%26showsearch%3D0%26showinfo%3D1%26iv_load_policy%3D1%26fs%3D1%26hl%3Des-ES%26autohide%3D2%26wmode%3Dtransparent\n<\/div><\/figure>\n","protected":false},"excerpt":{"rendered":"<p>El piloto de F\u00f3rmula 2, Sebasti\u00e1n Montoya cont\u00f3 c\u00f3mo su padre, Juan Pablo Montoya, ex piloto de F\u00f3rmula 1, lo influenci\u00f3 en la pista y qu\u00e9 repercusi\u00f3n tiene su apellido.<\/p>\n","protected":false},"author":0,"featured_media":1010358452,"comment_status":"closed","ping_status":"closed","sticky":false,"template":"","format":"standard","meta":{"42wp_featured_image_caption":"","42wp_featured_image_credits":"","42wp_featured_video":"","42wp_featured_image_hidden":false,"42wp_authors_list":[],"footnotes":""},"categories":[3],"tags":[598,10319,179,211,1325,925,1350,926,3298],"42wp_author":[14240],"class_list":["post-5759","post","type-post","status-publish","format-standard","has-post-thumbnail","hentry","category-f2","tag-500-millas-de-indianapolis","tag-f2-2025","tag-formula-1","tag-formula-2","tag-gp-de-monaco","tag-indy","tag-juan-pablo-montoya","tag-nascar","tag-sebastian-montoya","42wp_author-ignacio-bogado"],"_links":{"self":[{"href":"https:\/\/grandepremio.com\/es\/wp-json\/wp\/v2\/posts\/5759","targetHints":{"allow":["GET"]}}],"collection":[{"href":"https:\/\/grandepremio.com\/es\/wp-json\/wp\/v2\/posts"}],"about":[{"href":"https:\/\/grandepremio.com\/es\/wp-json\/wp\/v2\/types\/post"}],"replies":[{"embeddable":true,"href":"https:\/\/grandepremio.com\/es\/wp-json\/wp\/v2\/comments?post=5759"}],"version-history":[{"count":0,"href":"https:\/\/grandepremio.com\/es\/wp-json\/wp\/v2\/posts\/5759\/revisions"}],"wp:featuredmedia":[{"embeddable":true,"href":"https:\/\/grandepremio.com\/es\/wp-json\/wp\/v2\/media\/1010358452"}],"wp:attachment":[{"href":"https:\/\/grandepremio.com\/es\/wp-json\/wp\/v2\/media?parent=5759"}],"wp:term":[{"taxonomy":"category","embeddable":true,"href":"https:\/\/grandepremio.com\/es\/wp-json\/wp\/v2\/categories?post=5759"},{"taxonomy":"post_tag","embeddable":true,"href":"https:\/\/grandepremio.com\/es\/wp-json\/wp\/v2\/tags?post=5759"},{"taxonomy":"42wp_author","embeddable":true,"href":"https:\/\/grandepremio.com\/es\/wp-json\/wp\/v2\/42wp_author?post=5759"}],"curies":[{"name":"wp","href":"https:\/\/api.w.org\/{rel}","templated":true}]}}