{"id":5784,"date":"2025-08-16T09:44:21","date_gmt":"2025-08-16T12:44:21","guid":{"rendered":"https:\/\/grandepremio.com\/es\/2025\/08\/16\/perrone-logra-primera-pole-moto3-2025-gp-austria\/"},"modified":"2025-08-16T09:44:25","modified_gmt":"2025-08-16T12:44:25","slug":"perrone-logra-primera-pole-moto3-2025-gp-austria","status":"publish","type":"post","link":"https:\/\/grandepremio.com\/es\/motogp\/perrone-logra-primera-pole-moto3-2025-gp-austria\/","title":{"rendered":"Perrone bate a Piqueras y logra su primera pole en Moto3 para el GP de Austria; Rueda es 8\u00b0"},"content":{"rendered":"\n<p class=\"wp-block-paragraph\">Sobre el final de la clasificaci\u00f3n de <strong>Moto3 <\/strong>en el <strong>Red Bull Ring<\/strong>, fue <strong>Valent\u00edn Perrone<\/strong> el que se qued\u00f3 con su primera pole en la especialidad al lograr un tiempo de 1:39.938, con el que super\u00f3 por 0.046s a<strong> \u00c1ngel Piqueras<\/strong>, que hab\u00eda dominado la jornada de viernes en los ensayos.<\/p>\n\n\n\n<p class=\"wp-block-paragraph\"><strong>Ryusei Yamanaka<\/strong> fue tercero, a poco m\u00e1s de una d\u00e9cima, en tanto que Dennis Foggia acab\u00f3 cuarto y <strong>M\u00e1ximo Quiles<\/strong> fue quinto, luego de que le borraran una vuelta por excederse en los l\u00edmites de la pista. Adri\u00e1n Fern\u00e1ndez, <strong>\u00c1lvaro Carpe<\/strong>, <strong>Jos\u00e9 Antonio Rueda<\/strong>, <strong>David Almansa<\/strong> y <strong>Joel Kelso<\/strong> completaron el top ten.<br><br>Moto3 volver\u00e1 ma\u00f1ana a pista desde las 6:00, hora de Brasilia y Buenos Aires, con la carrera del Gran Premio de Austria a 20 vueltas. GRANDE PR\u00caMIO ofrece cobertura completa del evento.<br><br>\u23e9 <em><strong>\u00a1Seguinos en redes por <\/strong><\/em><a href=\"https:\/\/twitter.com\/grandepremioES\"><em><u>Twitter <\/u><\/em><\/a><em><strong>e <\/strong><\/em><a href=\"https:\/\/www.instagram.com\/grandepremioes\/\"><em><u>Instagram!<br><\/u><\/em><\/a>\u23e9 <em><strong>Adem\u00e1s, tenemos nuestro <\/strong><\/em><a href=\"https:\/\/whatsapp.com\/channel\/0029VaDZ5zb0gcfDxuwxBM05\"><em><u>canal de Whatsapp<\/u><\/em><\/a><em><strong> con toda la informaci\u00f3n al instante<\/strong><\/em> \ud83c\udfc1<\/p>\n\n\n\n<figure class=\"wp-block-image size-full\"><img decoding=\"async\" src=\"https:\/\/grandepremio.com\/es\/wp-content\/uploads\/..\/gp_br_uploads\/2025\/08\/SI202507190218-scaled.jpg\" alt=\"\" class=\"wp-image-358127\"\/><figcaption class=\"wp-element-caption\">Valent\u00edn Perrone hizo la pole en Austria, en su mejor fin de semana hasta el momento en Moto3 (Foto: Red Bull Content Pool)<\/figcaption><\/figure>\n\n\n\n<p class=\"wp-block-paragraph\"><strong>As\u00ed fue la clasificaci\u00f3n para Moto3 en Austria:<\/strong><\/p>\n\n\n\n<p class=\"wp-block-paragraph\">El calor peg\u00f3 bien fuerte el s\u00e1bado en <strong>Spielberg<\/strong> para definir la pole de la categor\u00eda menor del <strong>Mundial de Motociclismo<\/strong>, con 24 grados de temperatura ambiente y de 35 en la pista, con 6 km\/h de viento y una humedad del 58%. Como es habitual, la Q1 entregaba cuatro puestos para la segunda parte de la sesi\u00f3n.<br><br>Algunos de los pilotos m\u00e1s destacados de la parrilla luchaban por un puesto, como Riccardo Rossi, Stefano Nepa, Noah Dettwiler y <strong>Jacob Roulstone<\/strong>. Tras las primeras vueltas, <strong>Marcos Uriarte<\/strong> se pon\u00eda de l\u00edder con su registro de 1:41.491, seguido de Roulston, Ruche Moodley, que regresaba de lesi\u00f3n, y Casey O&#8217;Gorman.<\/p>\n\n\n\n<p class=\"wp-block-paragraph\">Tras esto, Roulstone mejor\u00f3 todo a 1:40.952, pero fue Nicola Carraro el que se qued\u00f3 con lo mejor de la Q1 en 1:40.620. Adem\u00e1s del italiano y del australiano, Uriarte y Cormac Buchanan lograron los boletos para la Q2.<br><br>La Q2 vio luz verde para los 15 minutos de sesi\u00f3n y Piqueras repiti\u00f3 la actuaci\u00f3n de ayer siendo el \u00fanico en bajar el 1:40 para la vuelta con 1:39.984. Inicialmente, Perrone era tercero, aunque fue superado por Yamanaka y Foggia, cayendo hasta el quinto puesto en la tabla de tiempos.<\/p>\n\n\n\n<p class=\"wp-block-paragraph\">De cara a la \u00faltima salida a pista, el joven argentino mejor\u00f3 nuevamente su tiempo a 1:40.1, cerca de lo hecho en la FP del viernes por la tarde, pero habr\u00eda un poco m\u00e1s en el giro final, cuando nadie mejor\u00f3 y logr\u00f3 su primera pole en la categor\u00eda con 1:39.938, batiendo a Piqueras por 46 mil\u00e9simas.<\/p>\n\n\n\n<p class=\"wp-block-paragraph\">Yamanaka finaliz\u00f3 tercero, a 0.146s, seguido por Foggia a tan solo seis mil\u00e9simas del japon\u00e9s, en tanto que M\u00e1ximo Quiles fue quinto con la otra moto del equipo <strong>Aspar<\/strong>, pero no pudo mejorar su registro por exceso de los l\u00edmites de la pista. El l\u00edder del campeonato, Jos\u00e9 Antonio Rueda, fue octavo, a 0.463s de Perrone.<\/p>\n\n\n\n<h2 class=\"wp-block-heading\" id=\"h-moto3-2025-gp-da-austria-grid-de-largada\"><strong>Moto3 2025, GP de Austria, Grilla:<\/strong><\/h2>\n\n\n\n<figure class=\"wp-block-table\"><table class=\"has-fixed-layout\"><tbody><tr><td>POS<\/td><td>Piloto<\/td><td>Equipo<\/td><td>Tiempo<\/td><td>Dif<\/td><\/tr><tr><td>1<\/td><td>V PERRONE<\/td><td>Tech3 KTM<\/td><td>1:39.938<\/td><td>&nbsp;<\/td><\/tr><tr><td>2<\/td><td>A PIQUERAS<\/td><td>MSi KTM<\/td><td>1:39.984<\/td><td>+0.046<\/td><\/tr><tr><td>3<\/td><td>R YAMANAKA<\/td><td>MSi KTM<\/td><td>1:40.084<\/td><td>+0.146<\/td><\/tr><tr><td>4<\/td><td>D FOGGIA<\/td><td>Aspar Team<\/td><td>1:40.090<\/td><td>+0.152<\/td><\/tr><tr><td>5<\/td><td>M QUILES<\/td><td>Aspar Team<\/td><td>1:40.117<\/td><td>+0.179<\/td><\/tr><tr><td>6<\/td><td>A FERN\u00c1NDEZ<\/td><td>Leopard Racing Honda<\/td><td>1:40.264<\/td><td>+0.326<\/td><\/tr><tr><td>7<\/td><td>A CARPE<\/td><td>Red Bull KTM Ajo<\/td><td>1:40.353<\/td><td>+0.415<\/td><\/tr><tr><td>8<\/td><td>JA RUEDA<\/td><td>Red Bull KTM Ajo<\/td><td>1:40.401<\/td><td>+0.463<\/td><\/tr><tr><td>9<\/td><td>D ALMANSA<\/td><td>Leopard Racing Honda<\/td><td>1:40.448<\/td><td>+0.510<\/td><\/tr><tr><td>10<\/td><td>J KELSO<\/td><td>Level Up \u2013 MTA KTM<\/td><td>1:40.468<\/td><td>+0.530<\/td><\/tr><tr><td>11<\/td><td>G PINI<\/td><td>IntactGP Husqvarna<\/td><td>1:40.525<\/td><td>+0.587<\/td><\/tr><tr><td>12<\/td><td>J ROULSTONE<\/td><td>Tech3 KTM<\/td><td>1:40.590<\/td><td>+0.652<\/td><\/tr><tr><td>13<\/td><td>S OGDEN<\/td><td>CIP Green Power KTM<\/td><td>1:40.601<\/td><td>+0.663<\/td><\/tr><tr><td>14<\/td><td>D MU\u00d1OZ<\/td><td>IntactGP Husqvarna<\/td><td>1:40.650<\/td><td>+0.712<\/td><\/tr><tr><td>15<\/td><td>T FURUSATO<\/td><td>Honda Team Asia<\/td><td>1:40.666<\/td><td>+0.728<\/td><\/tr><tr><td>16<\/td><td>M URIARTE<\/td><td>Level Up \u2013 MTA KTM<\/td><td>1:40.739<\/td><td>+0.801<\/td><\/tr><tr><td>17<\/td><td>C BUCHANAN<\/td><td>Denssi Racing KTM<\/td><td>1:41.127<\/td><td>+1.189<\/td><\/tr><tr><td>18<\/td><td>N CARRARO<\/td><td>Rivacold Honda<\/td><td>1:41.634<\/td><td>+1.696<\/td><\/tr><tr><td>19<\/td><td>R MOODLEY<\/td><td>Bo\u00e9 KTM Motorsports<\/td><td>1:41.300<\/td><td>+1.362<\/td><\/tr><tr><td>20<\/td><td>C O\u2019GORMAN<\/td><td>Sic58 Squadra Corse Honda<\/td><td>1:41.414<\/td><td>+1.476<\/td><\/tr><tr><td>21<\/td><td>R ROSSI<\/td><td>Rivacold Honda<\/td><td>1:41.757<\/td><td>+1.819<\/td><\/tr><tr><td>22<\/td><td>S NEPA<\/td><td>Squadra Corse Honda<\/td><td>1:41.899<\/td><td>+1.961<\/td><\/tr><tr><td>23<\/td><td>E O\u2019SHEA<\/td><td>Mlav Racing Honda<\/td><td>1:42.348<\/td><td>+2.410<\/td><\/tr><tr><td>24<\/td><td>A ADITAMA<\/td><td>Honda Team Asia<\/td><td>1:42.471<\/td><td>+2.533<\/td><\/tr><tr><td>25<\/td><td>N DETTWILER<\/td><td>CIP Green Power KTM<\/td><td>1:43.144<\/td><td>+3.206<\/td><\/tr><tr><td>26<\/td><td>V P\u00c9REZ<\/td><td>Level Up MTA KTM<\/td><td>1:44.939<\/td><td>+5.001<\/td><\/tr><\/tbody><\/table><\/figure>\n","protected":false},"excerpt":{"rendered":"<p>Valent\u00edn Perrone se qued\u00f3 con el mejor tiempo en la clasificaci\u00f3n del Gran Premio de Austria para la categor\u00eda de Moto3 y logr\u00f3 su primera pole en la divisional, batiendo a \u00c1ngel Piqueras y a Ryusei Yamanaka, que lo acompa\u00f1ar\u00e1n ma\u00f1ana en la primera fila de partida. <\/p>\n","protected":false},"author":0,"featured_media":1010358134,"comment_status":"closed","ping_status":"closed","sticky":false,"template":"","format":"standard","meta":{"42wp_featured_image_caption":"","42wp_featured_image_credits":"","42wp_featured_video":"","42wp_featured_image_hidden":false,"42wp_authors_list":[],"footnotes":""},"categories":[8],"tags":[12069,11778,3582,12070,10851,12071,12068,12651,11777,1366,1764,243,12169,2421,10848],"42wp_author":[14237],"class_list":["post-5784","post","type-post","status-publish","format-standard","has-post-thumbnail","hentry","category-motogp","tag-alvaro-carpe","tag-angel-piqueras","tag-aspar","tag-david-almansa","tag-jacob-roulstone","tag-joel-kelso","tag-jose-antonio-rueda","tag-marcos-uriarte","tag-maximo-quiles","tag-moto3","tag-mundial-de-motociclismo","tag-red-bull-ring","tag-ryusei-yamanaka","tag-spielberg","tag-valentin-perrone","42wp_author-gabriel-garcia"],"_links":{"self":[{"href":"https:\/\/grandepremio.com\/es\/wp-json\/wp\/v2\/posts\/5784","targetHints":{"allow":["GET"]}}],"collection":[{"href":"https:\/\/grandepremio.com\/es\/wp-json\/wp\/v2\/posts"}],"about":[{"href":"https:\/\/grandepremio.com\/es\/wp-json\/wp\/v2\/types\/post"}],"replies":[{"embeddable":true,"href":"https:\/\/grandepremio.com\/es\/wp-json\/wp\/v2\/comments?post=5784"}],"version-history":[{"count":0,"href":"https:\/\/grandepremio.com\/es\/wp-json\/wp\/v2\/posts\/5784\/revisions"}],"wp:featuredmedia":[{"embeddable":true,"href":"https:\/\/grandepremio.com\/es\/wp-json\/wp\/v2\/media\/1010358134"}],"wp:attachment":[{"href":"https:\/\/grandepremio.com\/es\/wp-json\/wp\/v2\/media?parent=5784"}],"wp:term":[{"taxonomy":"category","embeddable":true,"href":"https:\/\/grandepremio.com\/es\/wp-json\/wp\/v2\/categories?post=5784"},{"taxonomy":"post_tag","embeddable":true,"href":"https:\/\/grandepremio.com\/es\/wp-json\/wp\/v2\/tags?post=5784"},{"taxonomy":"42wp_author","embeddable":true,"href":"https:\/\/grandepremio.com\/es\/wp-json\/wp\/v2\/42wp_author?post=5784"}],"curies":[{"name":"wp","href":"https:\/\/api.w.org\/{rel}","templated":true}]}}