{"id":5811,"date":"2025-08-14T09:41:03","date_gmt":"2025-08-14T12:41:03","guid":{"rendered":"https:\/\/grandepremio.com\/es\/2025\/08\/14\/sauber-jonathan-wheatley-rendimiento-temporada-2025-proyecto-audi-f1\/"},"modified":"2025-08-14T09:41:08","modified_gmt":"2025-08-14T12:41:08","slug":"sauber-jonathan-wheatley-rendimiento-temporada-2025-proyecto-audi-f1","status":"publish","type":"post","link":"https:\/\/grandepremio.com\/es\/f1\/sauber-jonathan-wheatley-rendimiento-temporada-2025-proyecto-audi-f1\/","title":{"rendered":"Wheatley destaca el trabajo con Binotto y ve una &#8220;evoluci\u00f3n&#8221; en el proyecto de Audi en F1"},"content":{"rendered":"\n<p class=\"wp-block-paragraph\">Elegido para asumir el cargo de jefe de equipo del proyecto de <strong>Audi <\/strong>en la <strong>F\u00f3rmula 1, Jonathan Wheatley<\/strong> habl\u00f3 sobre la colaboraci\u00f3n con <strong>Mattia Binotto<\/strong> y destac\u00f3 la confianza que <strong>Gernot D\u00f6llner<\/strong>, CEO del fabricante alem\u00e1n, deposit\u00f3 en el trabajo de ambos desde el primer momento. Adem\u00e1s, el comandante de <strong>Sauber <\/strong>explic\u00f3 el equilibrio que existe entre el proceso de contrataci\u00f3n de nuevos profesionales y el de formaci\u00f3n de las personas que ya est\u00e1n dentro de la propia f\u00e1brica.<\/p>\n\n\n\n<p class=\"wp-block-paragraph\">\ud83d\udfe5&nbsp;<strong><em>\u00a1Todas las novedades te esperan en el canal de&nbsp;<\/em><\/strong><a href=\"https:\/\/www.youtube.com\/@GrandePremioES\"><em>YouTube<\/em><\/a><strong><em>&nbsp;de Grande Pr\u00eamio en Espa\u00f1ol!<\/em><\/strong>&nbsp;\ud83d\udfe8<\/p>\n\n\n\n<p class=\"wp-block-paragraph\">Tras iniciar su carrera como jefe de mec\u00e1nicos de <strong>Benetton <\/strong>en la d\u00e9cada de 1990, el brit\u00e1nico desempe\u00f1\u00f3 el cargo de director deportivo de <strong>Red Bull<\/strong> durante 16 a\u00f1os. Debido a la crisis que se desat\u00f3 en la escuder\u00eda taurina por el caso que involucraba a <strong>Christian Horner<\/strong>, decidi\u00f3 abandonar <strong>Milton Keynes<\/strong> y acept\u00f3 la oferta de la marca b\u00e1vara, que, a su vez, acababa de despedir a <strong>Andreas Seidl<\/strong> y <strong>Oliver Hoffmann<\/strong> de sus cargos de CEO y presidente del consejo de administraci\u00f3n de la empresa, respectivamente.<\/p>\n\n\n\n<p class=\"wp-block-paragraph\">Como resultado, tuvo que mudarse a <strong>Suiza<\/strong>, ya que <strong>Sauber <\/strong>es uno de los tres equipos de la parrilla actual \u2014junto con <strong>Ferrari<\/strong> y <strong>Racing Bulls<\/strong>\u2014 que tiene su sede fuera del <strong>Reino Unido<\/strong>, por cuestiones operativas. El cambio de pa\u00eds puede haber sido un problema durante los primeros pasos en el nuevo trabajo, pero <strong>Wheatley <\/strong>ahora destaca que ya se adapt\u00f3.<\/p>\n\n\n\n<p class=\"wp-block-paragraph\">\u00abLa vida en <strong>Suiza <\/strong>ha sido una de las mayores sorpresas del trabajo. Me encanta\u00bb, dijo en una entrevista con la revista brit\u00e1nica <em>Autosport<\/em>. \u00abVivimos en <strong>Zug<\/strong>, que no est\u00e1 lejos de <strong>Z\u00farich<\/strong>. Tenemos esta incre\u00edble ciudad ah\u00ed mismo, y mi esposa y yo decimos: &#8216;Dios m\u00edo, esto no son vacaciones. Aqu\u00ed es donde vivimos&#8217;\u00bb, brome\u00f3.<\/p>\n\n\n\n<p class=\"wp-block-paragraph\">\u00abCreo que, cuando se me present\u00f3 la oportunidad de unirme al proyecto de <strong>Audi <\/strong>en la <strong>F1<\/strong>, estaba tan centrado en las carreras, tan centrado en el equipo y en c\u00f3mo ser\u00eda, que realmente no me par\u00e9 a pensar en c\u00f3mo ser\u00eda la vida en <strong>Suiza<\/strong>. Dir\u00eda que ha sido m\u00e1s que una grata sorpresa\u00bb, continu\u00f3.<\/p>\n\n\n\n<p class=\"wp-block-paragraph\">\u23e9\u00a0<strong><em>\u00a1Seguinos en redes por\u00a0<\/em><\/strong><a href=\"https:\/\/twitter.com\/grandepremioES\"><em>Twitter\u00a0<\/em><\/a><strong><em>e\u00a0<\/em><\/strong><a href=\"https:\/\/www.instagram.com\/grandepremioes\/\"><em>Instagram!<\/em><\/a><br>\u23e9\u00a0<strong><em>Adem\u00e1s, tenemos nuestro\u00a0<\/em><\/strong><a href=\"https:\/\/whatsapp.com\/channel\/0029VaDZ5zb0gcfDxuwxBM05\"><em>canal de Whatsapp<\/em><\/a><strong><em>\u00a0con toda la informaci\u00f3n al instante<\/em><\/strong>\u00a0\ud83c\udfc1<\/p>\n\n\n\n<figure class=\"wp-block-image size-large\"><img decoding=\"async\" src=\"https:\/\/grandepremio.com\/es\/wp-content\/uploads\/2025\/08\/d79e0ff2c009213c6b53afc3ee3ca76c14f4cc08-1024x684.jpg\" alt=\"\" class=\"wp-image-357861\"\/><figcaption class=\"wp-element-caption\">Jonathan Wheatley trabaja junto a Mattia Binotto en Sauber (Foto: Reproducci\u00f3n)<\/figcaption><\/figure>\n\n\n\n<p class=\"wp-block-paragraph\">Para evitar repetir el fracaso de <strong>Seidl <\/strong>y <strong>Hoffmann<\/strong>, responsables de gestionar el proyecto de <strong>Audi <\/strong>antes de la llegada de <strong>Binotto <\/strong>y <strong>Wheatley<\/strong>, el brit\u00e1nico reconoci\u00f3 que tuvo que comprender cada detalle del funcionamiento de los procesos dentro del equipo. En el pasado, otros fabricantes de autom\u00f3viles decidieron aventurarse en la categor\u00eda y acabaron fracasando estrepitosamente, como fue el caso de <strong>Toyota<\/strong>, por lo que el jefe de <strong>Sauber <\/strong>afirm\u00f3 que recibi\u00f3 la total confianza del director general de la marca desde el principio.<\/p>\n\n\n\n<p class=\"wp-block-paragraph\">\u00abPor supuesto, hay metodolog\u00edas que debemos adoptar. [<strong>Audi<\/strong>] nos est\u00e1 conociendo. Estamos empezando a entenderlos. Pero, al fin y al cabo, <strong>Gernot D\u00f6llner<\/strong> nos describi\u00f3 como un barco veloz, y aqu\u00ed estamos, haciendo <strong>F1<\/strong>, que es nuestra especialidad. Tenemos el apoyo total del consejo. Es fant\u00e1stico, debo decir. Y realmente me gusta c\u00f3mo estamos llevando a cabo nuestro trabajo en este momento\u00bb, subray\u00f3.<\/p>\n\n\n\n<p class=\"wp-block-paragraph\">\u00abSi piensas en por qu\u00e9 <strong>Mattia <\/strong>y yo estamos aqu\u00ed sentados ahora, puedes imaginar que hemos tenido todas estas conversaciones a lo largo del camino. Pero fue realmente ese enfoque inspirador que <strong>Gernot <\/strong>me present\u00f3 hace 12 meses lo que me trajo hasta aqu\u00ed\u00bb, record\u00f3. \u00abEstas personas son muy, muy inteligentes. Saben perfectamente que esta es un \u00e1rea en la que no se pueden aplicar todas las mismas filosof\u00edas que se utilizan en el resto del grupo\u00bb, continu\u00f3.<\/p>\n\n\n\n<p class=\"wp-block-paragraph\">\u00abPero a\u00fan as\u00ed representamos a la marca. Y lo m\u00e1s importante, y donde est\u00e1 la mayor colaboraci\u00f3n, es garantizar que nos comunicamos y representamos a la marca de la manera correcta\u00bb, complet\u00f3 <strong>Wheatley<\/strong>, a quien tambi\u00e9n se le pregunt\u00f3 sobre la importancia de formar a los talentos internos en lugar de invertir grandes cantidades en la contrataci\u00f3n de nuevos profesionales.<\/p>\n\n\n\n<figure class=\"wp-block-image size-large\"><img decoding=\"async\" src=\"https:\/\/grandepremio.com\/es\/wp-content\/uploads\/2025\/08\/JONATHAN-SAUBER-1200x800-1-1024x683.jpg\" alt=\"\" class=\"wp-image-357863\"\/><figcaption class=\"wp-element-caption\">Jonathan Wheatley habl\u00f3 sobre la importancia de formar a los profesionales de la propia Audi (Foto: Sauber)<\/figcaption><\/figure>\n\n\n\n<p class=\"wp-block-paragraph\">El jefe de <strong>McLaren, Andrea Stella<\/strong>, fue citado como ejemplo, ya que, aunque atrajo a nombres como <strong>Rob Marshall<\/strong>, que tuvo un enorme \u00e9xito en <strong>Red Bull<\/strong> durante 17 a\u00f1os, se centr\u00f3 principalmente en desarrollar a los profesionales que estaban en <strong>Woking <\/strong>y reubicarlos en sectores en los que pudieran adaptarse mejor y ofrecer resultados m\u00e1s prometedores al equipo.<\/p>\n\n\n\n<p class=\"wp-block-paragraph\">\u00abTiene que haber un equilibrio. Hay \u00e1reas en las que tenemos que tomar decisiones r\u00e1pidas y, tal vez, en las que sea necesario traer nuevos l\u00edderes. Hasta ahora, desde que llegu\u00e9, no ha habido muchas situaciones de este tipo. Y tambi\u00e9n hay que identificar los futuros talentos dentro de la organizaci\u00f3n y desarrollarlos. Porque realmente no s\u00e9 qu\u00e9 tipo de cultura estaremos creando si solo buscamos gente de fuera todo el tiempo\u00bb, advirti\u00f3.<\/p>\n\n\n\n<p class=\"wp-block-paragraph\">\u00abSi queremos ser un verdadero equipo de f\u00e1brica en la <strong>F1<\/strong>, con fuerza y profundidad en todas las \u00e1reas, tenemos que contratar desde el principio. Tenemos que formar a esas personas y ense\u00f1arles cu\u00e1l es el esp\u00edritu, la filosof\u00eda, del equipo <strong>Audi<\/strong>. Tenemos que formar nuestro propio talento, y ya estamos en el buen camino. <strong>Mattia <\/strong>ha llevado a cabo algunos programas de ingenier\u00eda muy interesantes para j\u00f3venes, y realmente siento que la organizaci\u00f3n est\u00e1 dando un giro\u00bb, concluy\u00f3.<\/p>\n\n\n\n<p class=\"wp-block-paragraph\">La&nbsp;<strong>F\u00f3rmula 1<\/strong>&nbsp;volver\u00e1 a las pistas entre el 29 y el 31 de agosto, tras el fin del receso de verano, para el&nbsp;<strong>Gran Premio de los Pa\u00edses Bajos<\/strong>, en&nbsp;<strong>Zandvoort<\/strong>.<\/p>\n\n\n\n<figure class=\"wp-block-embed is-type-video is-provider-youtube wp-block-embed-youtube wp-embed-aspect-16-9 wp-has-aspect-ratio\"><div class=\"wp-block-embed__wrapper\">\n<iframe loading=\"lazy\" title=\"\u00c1LEX PALOU Y LA F\u00d3RMULA DEL \u00c9XITO EN INDYCAR\" width=\"500\" height=\"281\" src=\"https:\/\/www.youtube.com\/embed\/g-9GDr5pvcQ?feature=oembed\" frameborder=\"0\" allow=\"accelerometer; autoplay; clipboard-write; encrypted-media; gyroscope; picture-in-picture; web-share\" referrerpolicy=\"strict-origin-when-cross-origin\" allowfullscreen><\/iframe>\n<\/div><\/figure>\n","protected":false},"excerpt":{"rendered":"<p>El jefe de equipo de Sauber, Jonathan Wheatley, habl\u00f3 sobre el trabajo que est\u00e1 realizando junto a Mattia Binotto para impulsar el proyecto de Audi en la F\u00f3rmula 1.<\/p>\n","protected":false},"author":0,"featured_media":1010333306,"comment_status":"closed","ping_status":"closed","sticky":false,"template":"","format":"standard","meta":{"42wp_featured_image_caption":"","42wp_featured_image_credits":"","42wp_featured_video":"","42wp_featured_image_hidden":false,"42wp_authors_list":[],"footnotes":""},"categories":[5],"tags":[612,181,1710,1680,179,8059,2429,4071,1488,2173,8588,497,9647,4010],"42wp_author":[14239],"class_list":["post-5811","post","type-post","status-publish","format-standard","has-post-thumbnail","hentry","category-f1","tag-audi","tag-f1","tag-f1-2025","tag-f1-2026","tag-formula-1","tag-formula-1-2025","tag-formula-1-2026","tag-gabriel-bortoleto","tag-grande-premio","tag-jonathan-wheatley","tag-nico-hlkenberg","tag-sauber","tag-temporada-2025-f1","tag-temporada-2026-f1","42wp_author-jp-otrosky"],"_links":{"self":[{"href":"https:\/\/grandepremio.com\/es\/wp-json\/wp\/v2\/posts\/5811","targetHints":{"allow":["GET"]}}],"collection":[{"href":"https:\/\/grandepremio.com\/es\/wp-json\/wp\/v2\/posts"}],"about":[{"href":"https:\/\/grandepremio.com\/es\/wp-json\/wp\/v2\/types\/post"}],"replies":[{"embeddable":true,"href":"https:\/\/grandepremio.com\/es\/wp-json\/wp\/v2\/comments?post=5811"}],"version-history":[{"count":0,"href":"https:\/\/grandepremio.com\/es\/wp-json\/wp\/v2\/posts\/5811\/revisions"}],"wp:featuredmedia":[{"embeddable":true,"href":"https:\/\/grandepremio.com\/es\/wp-json\/wp\/v2\/media\/1010333306"}],"wp:attachment":[{"href":"https:\/\/grandepremio.com\/es\/wp-json\/wp\/v2\/media?parent=5811"}],"wp:term":[{"taxonomy":"category","embeddable":true,"href":"https:\/\/grandepremio.com\/es\/wp-json\/wp\/v2\/categories?post=5811"},{"taxonomy":"post_tag","embeddable":true,"href":"https:\/\/grandepremio.com\/es\/wp-json\/wp\/v2\/tags?post=5811"},{"taxonomy":"42wp_author","embeddable":true,"href":"https:\/\/grandepremio.com\/es\/wp-json\/wp\/v2\/42wp_author?post=5811"}],"curies":[{"name":"wp","href":"https:\/\/api.w.org\/{rel}","templated":true}]}}