{"id":5854,"date":"2025-08-11T12:23:53","date_gmt":"2025-08-11T15:23:53","guid":{"rendered":"https:\/\/grandepremio.com\/es\/2025\/08\/11\/vinales-predica-calma-regreso-tras-lesion-motogp-2025\/"},"modified":"2025-08-11T12:23:56","modified_gmt":"2025-08-11T15:23:56","slug":"vinales-predica-calma-regreso-tras-lesion-motogp-2025","status":"publish","type":"post","link":"https:\/\/grandepremio.com\/es\/motogp\/vinales-predica-calma-regreso-tras-lesion-motogp-2025\/","title":{"rendered":"Vi\u00f1ales predica calma en regreso tras su lesi\u00f3n: &#8220;Llevo un mes sin subirme a una moto&#8221;"},"content":{"rendered":"\n<p class=\"wp-block-paragraph\">Se han acabado las vacaciones de verano en Europa para<strong> MotoGP<\/strong> y el <strong>GP de Austria<\/strong> ser\u00e1 la cita con la que el campeonato se reanude el fin de semana que viene, que ver\u00e1 el retorno a la pista de <strong>Maverick Vi\u00f1ales<\/strong> tras su lesi\u00f3n en la Q2 del <strong>GP de Alemania<\/strong> que se disput\u00f3 bajo la lluvia.<\/p>\n\n\n\n<p class=\"wp-block-paragraph\">\ud83d\udfe5&nbsp;<strong><em>\u00a1Todas las novedades te esperan en el canal de&nbsp;<\/em><\/strong><a href=\"https:\/\/www.youtube.com\/@GrandePremioES\"><em>YouTube<\/em><\/a><strong><em>&nbsp;de Grande Pr\u00eamio en Espa\u00f1ol!<\/em><\/strong>&nbsp;\ud83d\udfe8<\/p>\n\n\n\n<p class=\"wp-block-paragraph\">Vi\u00f1ales ya fue operado y tiene el alta m\u00e9dica, pero deber\u00e1 esperar la revisi\u00f3n de los m\u00e9dicos de la categor\u00eda el jueves para saber si est\u00e1 apto para competir. <strong>&#8220;La lesi\u00f3n en Sachsenring fue una l\u00e1stima, pero trabajamos muy duro con todos los que me rodean para poder viajar a Austria tan solo un mes despu\u00e9s de mi accidente en Alemania&#8221;<\/strong>, declar\u00f3 Vi\u00f1ales.<\/p>\n\n\n\n<p class=\"wp-block-paragraph\"><strong>&#8220;Pude volver a entrenar la semana pasada y hemos estado haciendo mucha fisioterapia para que mi hombro se recupere m\u00e1s r\u00e1pido y est\u00e9 m\u00e1s fuerte. Llevo un mes sin subirme a una moto, as\u00ed que tendremos que esperar hasta el viernes para evaluar nuestro estado de forma y ver si podemos ser competitivos. Ser\u00e1 importante ir paso a paso&#8221;<\/strong>, se\u00f1al\u00f3 el piloto de <strong>Tech3<\/strong>. <\/p>\n\n\n\n<figure class=\"wp-block-embed is-type-video is-provider-youtube wp-block-embed-youtube wp-embed-aspect-16-9 wp-has-aspect-ratio\"><div class=\"wp-block-embed__wrapper\">\n<iframe loading=\"lazy\" title=\"FRANCO COLAPINTO: Los 5 problemas de ALPINE que lo perjudican\" width=\"500\" height=\"281\" src=\"https:\/\/www.youtube.com\/embed\/_OVmSCs9F5c?feature=oembed\" frameborder=\"0\" allow=\"accelerometer; autoplay; clipboard-write; encrypted-media; gyroscope; picture-in-picture; web-share\" referrerpolicy=\"strict-origin-when-cross-origin\" allowfullscreen><\/iframe>\n<\/div><\/figure>\n\n\n\n<p class=\"wp-block-paragraph\">A pesar del reciente rev\u00e9s, Vi\u00f1ales estaba entusiasmado con la carrera del fin de semana, ya que es la carrera de casa de <strong>KTM<\/strong>: <strong>&#8220;Estoy s\u00faper contento de poder asistir al GP de Austria; es la carrera de casa de KTM, y es important\u00edsimo estar en Spielberg defendiendo nuestros colores&#8221;.<\/strong><\/p>\n\n\n\n<p class=\"wp-block-paragraph\"><strong>&#8220;La pista est\u00e1 realmente bien, as\u00ed que estoy muy emocionado de reunirme con el equipo y retomar el ritmo donde lo dejamos. Hicieron un trabajo excelente con Pol [Espargar\u00f3] en Brno durante mi ausencia, y quiero agradecerle especialmente a Pol por su trabajo con el equipo&#8221;<\/strong>, concluy\u00f3.<\/p>\n\n\n\n<p class=\"wp-block-paragraph\">\u23e9 <em><strong>\u00a1Seguinos en redes por <\/strong><\/em><a href=\"https:\/\/twitter.com\/grandepremioES\"><em><u>Twitter <\/u><\/em><\/a><em><strong>e <\/strong><\/em><a href=\"https:\/\/www.instagram.com\/grandepremioes\/\"><em><u>Instagram!<br><\/u><\/em><\/a>\u23e9 <em><strong>Adem\u00e1s, tenemos nuestro <\/strong><\/em><a href=\"https:\/\/whatsapp.com\/channel\/0029VaDZ5zb0gcfDxuwxBM05\"><em><u>canal de Whatsapp<\/u><\/em><\/a><em><strong> con toda la informaci\u00f3n al instante<\/strong><\/em> \ud83c\udfc1<br><br>MotoGP regresa de su descanso este fin de semana y acelera del 15 al 17 de agosto con el GP de Austria, en directo desde Spielberg, la 13.\u00aa prueba de la temporada 2025. GRANDE PR\u00caMIO ofrece cobertura completa del evento.<\/p>\n","protected":false},"excerpt":{"rendered":"<p>Maverick Vi\u00f1ales confirm\u00f3 su regreso a MotoGP para el GP de Austria a disputarse el fin de semana venidero, luego de su fractura en el hombro izquierdo por una ca\u00edda en Sachsenring y admiti\u00f3 que ir\u00e1 con calma, ya que no se ha subido a una moto en un mes.<\/p>\n","protected":false},"author":0,"featured_media":1010357542,"comment_status":"closed","ping_status":"closed","sticky":false,"template":"","format":"standard","meta":{"42wp_featured_image_caption":"","42wp_featured_image_credits":"","42wp_featured_video":"","42wp_featured_image_hidden":false,"42wp_authors_list":[],"footnotes":""},"categories":[8],"tags":[1424,329,1381,1391,1293,1430,1528],"42wp_author":[14237],"class_list":["post-5854","post","type-post","status-publish","format-standard","has-post-thumbnail","hentry","category-motogp","tag-gp-de-alemania","tag-gp-de-austria","tag-ktm","tag-maverick-vinales","tag-motogp","tag-sachsenring","tag-tech3","42wp_author-gabriel-garcia"],"_links":{"self":[{"href":"https:\/\/grandepremio.com\/es\/wp-json\/wp\/v2\/posts\/5854","targetHints":{"allow":["GET"]}}],"collection":[{"href":"https:\/\/grandepremio.com\/es\/wp-json\/wp\/v2\/posts"}],"about":[{"href":"https:\/\/grandepremio.com\/es\/wp-json\/wp\/v2\/types\/post"}],"replies":[{"embeddable":true,"href":"https:\/\/grandepremio.com\/es\/wp-json\/wp\/v2\/comments?post=5854"}],"version-history":[{"count":0,"href":"https:\/\/grandepremio.com\/es\/wp-json\/wp\/v2\/posts\/5854\/revisions"}],"wp:featuredmedia":[{"embeddable":true,"href":"https:\/\/grandepremio.com\/es\/wp-json\/wp\/v2\/media\/1010357542"}],"wp:attachment":[{"href":"https:\/\/grandepremio.com\/es\/wp-json\/wp\/v2\/media?parent=5854"}],"wp:term":[{"taxonomy":"category","embeddable":true,"href":"https:\/\/grandepremio.com\/es\/wp-json\/wp\/v2\/categories?post=5854"},{"taxonomy":"post_tag","embeddable":true,"href":"https:\/\/grandepremio.com\/es\/wp-json\/wp\/v2\/tags?post=5854"},{"taxonomy":"42wp_author","embeddable":true,"href":"https:\/\/grandepremio.com\/es\/wp-json\/wp\/v2\/42wp_author?post=5854"}],"curies":[{"name":"wp","href":"https:\/\/api.w.org\/{rel}","templated":true}]}}