{"id":5866,"date":"2025-08-10T12:43:06","date_gmt":"2025-08-10T15:43:06","guid":{"rendered":"https:\/\/grandepremio.com\/es\/2025\/08\/10\/mercedes-culpa-coche-problemas-antonelli-f1-2025\/"},"modified":"2025-08-10T12:43:10","modified_gmt":"2025-08-10T15:43:10","slug":"mercedes-culpa-coche-problemas-antonelli-f1-2025","status":"publish","type":"post","link":"https:\/\/grandepremio.com\/es\/f1\/mercedes-culpa-coche-problemas-antonelli-f1-2025\/","title":{"rendered":"Mercedes culpa al coche de los problemas de Antonelli en la F1 2025: &#8220;No es consistente&#8221;"},"content":{"rendered":"\n<p class=\"wp-block-paragraph\"><strong>Toto Wolff<\/strong> sorprendi\u00f3 a todos el a\u00f1o pasado cuando decidi\u00f3 contratar a <strong>Andrea Kimi Antonelli<\/strong> en lugar de <strong>Lewis Hamilton<\/strong> que se march\u00f3 a <strong>Ferrari <\/strong>y el prometedor piloto italiano ya logr\u00f3 un podio en la primera parte de la <strong>F\u00f3rmula 1<\/strong> en el<strong> GP de Canad\u00e1<\/strong>, pero analiz\u00f3 su inconsistencia y le ech\u00f3 la culpa al auto.<\/p>\n\n\n\n<p class=\"wp-block-paragraph\">\ud83d\udfe5&nbsp;<strong><em>\u00a1Todas las novedades te esperan en el canal de&nbsp;<\/em><\/strong><a href=\"https:\/\/www.youtube.com\/@GrandePremioES\"><em>YouTube<\/em><\/a><strong><em>&nbsp;de Grande Pr\u00eamio en Espa\u00f1ol!<\/em><\/strong>&nbsp;\ud83d\udfe8<\/p>\n\n\n\n<p class=\"wp-block-paragraph\">Para Wolff, los altibajos en los resultados de Antonelli se deben a la irregularidad en el rendimiento del coche de este a\u00f1o. Actualmente, el italiano se ubica s\u00e9ptimo en el campeonato de pilotos de 2025 con 67 puntos. Por otro lado, el joven piloto se ha retirado cuatro veces, dos de ellas por accidentes, y ha quedado fuera de la zona de puntos en tres de las carreras que ha completado.<br><br>En una entrevista con <em>La Gazzetta dello Sport<\/em>, Wolff expres\u00f3 su confianza en el crecimiento de Antonelli en la F1: <strong>&#8220;Como dije desde el principio, va a cometer errores. Lo sabemos, no lo habr\u00edamos fichado si no lo hubi\u00e9ramos hecho. Desafortunadamente, nuestro coche no es muy consistente, y eso le dificulta la adaptaci\u00f3n&#8221;.<\/strong><\/p>\n\n\n\n<figure class=\"wp-block-embed is-type-video is-provider-youtube wp-block-embed-youtube wp-embed-aspect-16-9 wp-has-aspect-ratio\"><div class=\"wp-block-embed__wrapper\">\n<iframe loading=\"lazy\" title=\"FRANCO COLAPINTO: Los 5 problemas de ALPINE que lo perjudican\" width=\"500\" height=\"281\" src=\"https:\/\/www.youtube.com\/embed\/_OVmSCs9F5c?feature=oembed\" frameborder=\"0\" allow=\"accelerometer; autoplay; clipboard-write; encrypted-media; gyroscope; picture-in-picture; web-share\" referrerpolicy=\"strict-origin-when-cross-origin\" allowfullscreen><\/iframe>\n<\/div><\/figure>\n\n\n\n<p class=\"wp-block-paragraph\">Seg\u00fan el locuaz director del equipo de<strong> Brackley<\/strong>, Kimi es joven y por eso tiene tiempo para crecer y superar los problemas que tiene con el auto: <strong>&#8220;Pero superar estas dificultades tambi\u00e9n forma parte del proceso de convertirse en campe\u00f3n. Kimi tiene un gran talento, es r\u00e1pido e inteligente, pero a\u00fan es muy joven&#8221;.<\/strong><\/p>\n\n\n\n<p class=\"wp-block-paragraph\"><strong>&#8220;Nunca hab\u00edamos tenido a alguien tan joven en nuestro equipo. Y la F\u00f3rmula 1, en general, nunca hab\u00eda tenido a un joven de 18 a\u00f1os en un equipo de \u00e9lite. Estamos intentando trabajar juntos, tambi\u00e9n con su familia, para crear un entorno en el que Kimi pueda rendir al m\u00e1ximo en la pista&#8221;<\/strong>, concluy\u00f3 Toto.<\/p>\n\n\n\n<p class=\"wp-block-paragraph\">\u23e9 <em><strong>\u00a1Seguinos en redes por <\/strong><\/em><a href=\"https:\/\/twitter.com\/grandepremioES\"><em><u>Twitter <\/u><\/em><\/a><em><strong>e <\/strong><\/em><a href=\"https:\/\/www.instagram.com\/grandepremioes\/\"><em><u>Instagram!<br><\/u><\/em><\/a>\u23e9 <em><strong>Adem\u00e1s, tenemos nuestro <\/strong><\/em><a href=\"https:\/\/whatsapp.com\/channel\/0029VaDZ5zb0gcfDxuwxBM05\"><em><u>canal de Whatsapp<\/u><\/em><\/a><em><strong> con toda la informaci\u00f3n al instante<\/strong><\/em> \ud83c\udfc1<br><br>Tras del GP de Hungr\u00eda, la F\u00f3rmula 1 volver\u00e1 a la pista reci\u00e9n despu\u00e9s del par\u00f3n del verano europeo, entre el 29 y el 31 de agosto, para el GP de los Pa\u00edses Bajos, en <strong>Zandvoort<\/strong>.<\/p>\n","protected":false},"excerpt":{"rendered":"<p>El director del equipo Mercedes, Toto Wolff, afirm\u00f3 que ve a Andrea Kimi Antonelli como un futuro campe\u00f3n de F\u00f3rmula 1, pero admiti\u00f3 que la inconsistencia en el rendimiento del coche le ha causado problemas al joven italiano.<\/p>\n","protected":false},"author":0,"featured_media":1010357417,"comment_status":"closed","ping_status":"closed","sticky":false,"template":"","format":"standard","meta":{"42wp_featured_image_caption":"","42wp_featured_image_credits":"","42wp_featured_video":"","42wp_featured_image_hidden":false,"42wp_authors_list":[],"footnotes":""},"categories":[5],"tags":[6800,399,185,179,1298,199,569,808],"42wp_author":[14237],"class_list":["post-5866","post","type-post","status-publish","format-standard","has-post-thumbnail","hentry","category-f1","tag-andrea-kimi-antonelli","tag-brackley","tag-ferrari","tag-formula-1","tag-gp-de-canada","tag-lewis-hamilton","tag-toto-wolff","tag-zandvoort","42wp_author-gabriel-garcia"],"_links":{"self":[{"href":"https:\/\/grandepremio.com\/es\/wp-json\/wp\/v2\/posts\/5866","targetHints":{"allow":["GET"]}}],"collection":[{"href":"https:\/\/grandepremio.com\/es\/wp-json\/wp\/v2\/posts"}],"about":[{"href":"https:\/\/grandepremio.com\/es\/wp-json\/wp\/v2\/types\/post"}],"replies":[{"embeddable":true,"href":"https:\/\/grandepremio.com\/es\/wp-json\/wp\/v2\/comments?post=5866"}],"version-history":[{"count":0,"href":"https:\/\/grandepremio.com\/es\/wp-json\/wp\/v2\/posts\/5866\/revisions"}],"wp:featuredmedia":[{"embeddable":true,"href":"https:\/\/grandepremio.com\/es\/wp-json\/wp\/v2\/media\/1010357417"}],"wp:attachment":[{"href":"https:\/\/grandepremio.com\/es\/wp-json\/wp\/v2\/media?parent=5866"}],"wp:term":[{"taxonomy":"category","embeddable":true,"href":"https:\/\/grandepremio.com\/es\/wp-json\/wp\/v2\/categories?post=5866"},{"taxonomy":"post_tag","embeddable":true,"href":"https:\/\/grandepremio.com\/es\/wp-json\/wp\/v2\/tags?post=5866"},{"taxonomy":"42wp_author","embeddable":true,"href":"https:\/\/grandepremio.com\/es\/wp-json\/wp\/v2\/42wp_author?post=5866"}],"curies":[{"name":"wp","href":"https:\/\/api.w.org\/{rel}","templated":true}]}}