{"id":5886,"date":"2025-08-08T20:16:40","date_gmt":"2025-08-08T23:16:40","guid":{"rendered":"https:\/\/grandepremio.com\/es\/2025\/08\/08\/lundgaard-bate-palou-fp1-gp-portland-oward\/"},"modified":"2025-08-08T20:30:47","modified_gmt":"2025-08-08T23:30:47","slug":"lundgaard-bate-palou-fp1-gp-portland-oward","status":"publish","type":"post","link":"https:\/\/grandepremio.com\/es\/indy\/lundgaard-bate-palou-fp1-gp-portland-oward\/","title":{"rendered":"Lundgaard bate a Palou por seis mil\u00e9simas en la FP1 del GP de Portland de Indy; O&#8217;Ward, 9\u00b0"},"content":{"rendered":"\n<p class=\"wp-block-paragraph\">Se desarroll\u00f3 la FP1 de la<strong> IndyCar <\/strong>en el circuito de <strong>Portland<\/strong>, que marca la 15\u00b0 fecha del campeonato 2025, que vio a <strong>Christian Lundgaard<\/strong> como el m\u00e1s r\u00e1pido con un registro de 58.532s con el <strong>McLaren <\/strong>y bati\u00f3 por seis mil\u00e9simas al l\u00edder del certamen, <strong>\u00c1lex Palou<\/strong>. Ambos pilotos dominaron cada grupo del ensayo.<\/p>\n\n\n\n<p class=\"wp-block-paragraph\"><strong>Felix Rosenqvist <\/strong>termin\u00f3 tercero con el Shank a poco m\u00e1s de una d\u00e9cima, seguido por <strong>Graham Rahal<\/strong>, ubicado cuarto, delante de <strong>Josef Newgarden<\/strong>, con el mejor de los <strong>Penske <\/strong>en quinto. <strong>David Malukas<\/strong>, Marcus Armstrong, Kyle Kirkwood, <strong>Patricio O\u2019Ward<\/strong> y Louis Foster completaron los diez mejores colocados.<\/p>\n\n\n\n<p class=\"wp-block-paragraph\">La Indy volver\u00e1 a pista ma\u00f1ana, desde las 13:00, hora de Brasilia y Buenos Aires, con la FP2, seguida por la clasificaci\u00f3n, desde las 15:30. Cobertura completa de GRANDE PR\u00caMIO en Espa\u00f1ol.<\/p>\n\n\n\n<p class=\"wp-block-paragraph\">\u23e9 <em><strong>\u00a1Seguinos en redes por <\/strong><\/em><a href=\"https:\/\/twitter.com\/grandepremioES\"><em><u>Twitter <\/u><\/em><\/a><em><strong>e <\/strong><\/em><a href=\"https:\/\/www.instagram.com\/grandepremioes\/\"><em><u>Instagram!<br><\/u><\/em><\/a>\u23e9 <em><strong>Adem\u00e1s, tenemos nuestro <\/strong><\/em><a href=\"https:\/\/whatsapp.com\/channel\/0029VaDZ5zb0gcfDxuwxBM05\"><em><u>canal de Whatsapp<\/u><\/em><\/a><em><strong> con toda la informaci\u00f3n al instante<\/strong><\/em> \ud83c\udfc1<\/p>\n\n\n\n<figure class=\"wp-block-image size-large\"><img decoding=\"async\" src=\"https:\/\/grandepremio.com\/cdn-cgi\/image\/width=893,height=558,fit=contain,gravity=0.5x0.5,quality=75,format=webp\/es\/wp-content\/uploads\/2025\/08\/image-13-819x1024.png\" alt=\"\" class=\"wp-image-357152\"\/><figcaption class=\"wp-element-caption\">David Malukas present\u00f3 una decoraci\u00f3n para este fin de semana que aument\u00f3 los rumores de su llegada a Penske. (Foto: Indy)<\/figcaption><\/figure>\n\n\n\n<p class=\"wp-block-paragraph\"><strong>As\u00ed se desarroll\u00f3 la FP1 del GP de Portland de la IndyCar<\/strong>:<\/p>\n\n\n\n<p class=\"wp-block-paragraph\">Como es habitual en la IndyCar, todos los autos salieron para la primera parte del entrenamiento del viernes por 40 minutos con un cielo totalmente soleado en Portland, sede de la 15\u00b0 fecha del campeonato. Luego de la parte <em>\u201cgeneral\u201d <\/em>de la tanda, la misma se dividi\u00f3 en dos grupos por espacio de 12 minutos.<\/p>\n\n\n\n<p class=\"wp-block-paragraph\">Tras una vuelta de instalaci\u00f3n, <strong>Kyffin Simpson<\/strong> fue el primero en salir para abrir los tiempos de la tanda. <strong>Alexander Rossi<\/strong> puso minutos despu\u00e9s la primera marca importante en 59s937, seguido por <strong>Will Power<\/strong> y por el piloto de <strong>Ganassi<\/strong>, en tanto que Nolan Siegel estaba en boxes por problemas mec\u00e1nicos que McLaren intentaba resolver.<\/p>\n\n\n\n<p class=\"wp-block-paragraph\">Ya con muchos autos en pista, los tiempos se bajaron a 59s419 por parte de Christian Lundgaard, seguido por Kyle Kirkwood y Rossi, que segu\u00eda mejorando sus registros. McLaren se puso r\u00e1pidamente 1-2 con 25 minutos para el final de la primera parte del entrenaniento, ya que el dan\u00e9s baj\u00f3 su tiempo a 59s219, Patricio O&#8217;Ward era segundo a una d\u00e9cima, seguido muy de cerca por el piloto de <strong>Andretti<\/strong>.<\/p>\n\n\n\n<figure class=\"wp-block-embed is-type-video is-provider-youtube wp-block-embed-youtube wp-embed-aspect-16-9 wp-has-aspect-ratio\"><div class=\"wp-block-embed__wrapper\">\n<iframe loading=\"lazy\" title=\"FRANCO COLAPINTO: Los 5 problemas de ALPINE que lo perjudican\" width=\"500\" height=\"281\" src=\"https:\/\/www.youtube.com\/embed\/_OVmSCs9F5c?feature=oembed\" frameborder=\"0\" allow=\"accelerometer; autoplay; clipboard-write; encrypted-media; gyroscope; picture-in-picture; web-share\" referrerpolicy=\"strict-origin-when-cross-origin\" allowfullscreen><\/iframe>\n<\/div><\/figure>\n\n\n\n<p class=\"wp-block-paragraph\">Una breve bandera roja se coloc\u00f3 para quitar el escape que se hab\u00eda salido del coche de <strong>Christian Rasmussen<\/strong>. Quedaban poco m\u00e1s de 20 minutos para el cierre del primer segmento. Debi\u00f3 interrumpirse la sesi\u00f3n por segunda vez por el auto parado de <strong>Scott Dixon<\/strong> despu\u00e9s de un fuera de pista en la \u00faltima curva. El neozeland\u00e9s fue remolcado por las asistencias y pocos instantes m\u00e1s tarde se vio nuevamente la bandera verde.<\/p>\n\n\n\n<p class=\"wp-block-paragraph\">Para los \u00faltimos minutos, Lundgaard segu\u00eda al tope de la tabla de tiempos con 59s103, seguido a una d\u00e9cima por Alex Palou y por <strong>Marcus Armstrong<\/strong>. Finalmente, los registros no se modificaron y el piloto de McLaren super\u00f3 a los dos Ganassi, luego se ubicaron hasta el d\u00e9cimo: Rosenqvist, Newgarden, O&#8217;Ward, Kirkwood, Herta, Rinus Veekay y Power entre los diez primeros.<\/p>\n\n\n\n<p class=\"wp-block-paragraph\"><strong>Lundgaard, al tope del primer grupo<\/strong><\/p>\n\n\n\n<p class=\"wp-block-paragraph\">El primer grupo de autos puso las gomas blandas por primera vez este fin de semana y Lundgaard mejor\u00f3 su tiempo a 58s532, demostrando su velocidad este viernes. Conor Daly trepaba al segundoo puesto, delante de Simpson. Graham Rahal se puso segundo, a una d\u00e9cima y media del dan\u00e9s. Poco despu\u00e9s, Rosenqvist subi\u00f3 hasta el segundo puesto, ya con las gomas m\u00e1s suaves.<\/p>\n\n\n\n<p class=\"wp-block-paragraph\">Al cabo de los 12 minutos, Lundgaard, Rosenqvist, Rahal, Newgarden, Dixon, Daly, Herta, Power, Rossi y De Francesco eran los diez primeros colocados. Para cerrar la jornada, el segundo grupo sali\u00f3 a pista, casi de la misma manera que el anterior: algunos pusieron goma dura, otros la blanda, para marcar el mejor tiempo posible.<\/p>\n\n\n\n<figure class=\"wp-block-image size-full\"><img decoding=\"async\" src=\"https:\/\/grandepremio.com\/es\/wp-content\/uploads\/..\/gp_br_uploads\/2025\/07\/Alex-Palou-Java-House-Grand-Prix-of-Monterey-By_-Travis-Hinkle_Ref-Image-Without-Watermark_m138811.jpg\" alt=\"\" class=\"wp-image-354309\"\/><figcaption class=\"wp-element-caption\">\u00c1lex Palou fue segundo en la FP1 de Portland, a seis mil\u00e9simas de Lundgaard (Foto: Indycar)<\/figcaption><\/figure>\n\n\n\n<p class=\"wp-block-paragraph\"><strong>Palou domina el segundo grupo<\/strong><\/p>\n\n\n\n<p class=\"wp-block-paragraph\">String Ray Robb estableci\u00f3 el primer tiempo por encima del 1:03, pero r\u00e1pidamente lo mejor\u00f3 Kirkwood, aunque Palou ten\u00eda otros planes y se puso como el mejor del segundo grupo de autos con 1:00.050. Poco despu\u00e9s, el #27 lograba 59s266, pero O&#8217;Ward se lo mejor\u00f3 todav\u00eda m\u00e1s a 59s174. Siegel apareci\u00f3 por primera vez en el d\u00eda en tercer puesto, detr\u00e1s del Andretti.<\/p>\n\n\n\n<p class=\"wp-block-paragraph\">Con ese tiempo, el mexicano estaba sexto en la general, ya que nadie hab\u00eda bajado los 59 segundos. Dicho esto, Kirkwood se acerc\u00f3 a Lundgaard en la general con 58s764, para dominar el segundo grupo y ser quinto en el acumulado total. O&#8217;Ward y Siegel mejoraban sus tiempos, pero no era suficiente para bajar de la mejor posici\u00f3n a Kyle. Palou apenas era octavo, con 59s999, pero ten\u00eda un mejor tiempo que lo ubicaba 16\u00b0 en la general.<\/p>\n\n\n\n<p class=\"wp-block-paragraph\">Palou apareci\u00f3 con un gran tiempo de 58s538, con el que se puso primero del grupo y a seis mil\u00e9simas del registro de Lundgaard. Los segundos finales de la tanda ten\u00edan a todos los pilotos intentando mejorar los tiempos para probar el ritmo a una vuelta en un circuito que estaba por encima de los 30 grados de temperatura.<\/p>\n\n\n\n<p class=\"wp-block-paragraph\">David Malukas baj\u00f3 su tiempo y acab\u00f3 segundo en el grupo, pero nadie bati\u00f3 al l\u00edder del campeonato de la IndyCar 2025 y que se puede coronar campe\u00f3n en esta fecha. Armstrong, Kirkwood y O&#8217;Ward completaron los cinco primeros de esta parte de los autos.<\/p>\n\n\n\n<p class=\"wp-block-paragraph\">\ud83d\udfe5&nbsp;<strong><em>\u00a1Todas las novedades te esperan en el canal de&nbsp;<\/em><\/strong><a href=\"https:\/\/www.youtube.com\/@GrandePremioES\"><em>YouTube<\/em><\/a><strong><em>&nbsp;de Grande Pr\u00eamio en Espa\u00f1ol!<\/em><\/strong>&nbsp;\ud83d\udfe8<\/p>\n\n\n\n<p class=\"wp-block-paragraph\">En la general de los tiempos de todo el ensayo, Lundgaard fue el m\u00e1s r\u00e1pudo, seguido por Palou, a seis mil\u00e9simas, mientras que Rosenqvist qued\u00f3 a 12 cent\u00e9simas en tercer puesto. Graham Rahal finaliz\u00f3 este viernes en la cuarta plaza, Newgarden, Malukas, Armstrong, Kirkwood, O&#8217;Ward y Foster para completar los diez primeros.<\/p>\n\n\n\n<p class=\"wp-block-paragraph\"><strong>NDY 2025, GP DE PORTLAND, FP1<\/strong><\/p>\n\n\n\n<figure class=\"wp-block-table\"><table class=\"has-fixed-layout\"><tbody><tr><td>POS<\/td><td>PILOTO<\/td><td>EQUIPO<\/td><td>TIEMPO<\/td><td>DIF<\/td><td>VTAS<\/td><\/tr><tr><td><strong>1<\/strong><\/td><td>C LUNDGAARD<\/td><td>Ganassi Honda<\/td><td>0:58.532<\/td><td>&nbsp;<\/td><td>16<\/td><\/tr><tr><td><strong>2<\/strong><\/td><td>A PALOU<\/td><td>McLaren Chevrolet<\/td><td>0:58.538<\/td><td>+0.006<\/td><td>23<\/td><\/tr><tr><td><strong>3<\/strong><\/td><td>F ROSENQVIST<\/td><td>Ganassi Honda<\/td><td>0:58.658<\/td><td>+0.126<\/td><td>24<\/td><\/tr><tr><td><strong>4<\/strong><\/td><td>G RAHAL<\/td><td>McLaren Chevrolet<\/td><td>0:58.687<\/td><td>+0.155<\/td><td>24<\/td><\/tr><tr><td><strong>5<\/strong><\/td><td>J NEWGARDEN<\/td><td>Andretti Honda<\/td><td>0:58.712<\/td><td>+0.180<\/td><td>17<\/td><\/tr><tr><td><strong>6<\/strong><\/td><td>D MALUKAS<\/td><td>RLL Honda<\/td><td>0:58.749<\/td><td>+0.217<\/td><td>23<\/td><\/tr><tr><td><strong>7<\/strong><\/td><td>M ARMSTRONG<\/td><td>Andretti Honda<\/td><td>0:58.757<\/td><td>+0.225<\/td><td>24<\/td><\/tr><tr><td><strong>8<\/strong><\/td><td>K KIRKWOOD<\/td><td>Meyer Shank Honda<\/td><td>0:58.764<\/td><td>+0.232<\/td><td>19<\/td><\/tr><tr><td><strong>9<\/strong><\/td><td>P O\u2019WARD<\/td><td>Ganassi Honda<\/td><td>0:58.798<\/td><td>+0.266<\/td><td>21<\/td><\/tr><tr><td><strong>10<\/strong><\/td><td>L FOSTER<\/td><td>Andretti Honda<\/td><td>0:58.846<\/td><td>+0.314<\/td><td>29<\/td><\/tr><tr><td><strong>11<\/strong><\/td><td>S DIXON<\/td><td>Carpenter Chevrolet<\/td><td>0:58.850<\/td><td>+0.318<\/td><td>19<\/td><\/tr><tr><td><strong>12<\/strong><\/td><td>C DALY<\/td><td>Juncos Chevrolet<\/td><td>0:58.884<\/td><td>+0.352<\/td><td>19<\/td><\/tr><tr><td><strong>13<\/strong><\/td><td>C HERTA<\/td><td>Foyt Chevrolet<\/td><td>0:58.888<\/td><td>+0.356<\/td><td>13<\/td><\/tr><tr><td><strong>14<\/strong><\/td><td>W POWER<\/td><td>McLaren Chevrolet<\/td><td>0:58.945<\/td><td>+0.413<\/td><td>24<\/td><\/tr><tr><td><strong>15<\/strong><\/td><td>A ROSSI<\/td><td>Meyer Shank Honda<\/td><td>0:58.960<\/td><td>+0.428<\/td><td>26<\/td><\/tr><tr><td><strong>16<\/strong><\/td><td>M ERICSSON<\/td><td>Carpenter Chevrolet<\/td><td>0:58.988<\/td><td>+0.456<\/td><td>24<\/td><\/tr><tr><td><strong>17<\/strong><\/td><td>C RASMUSSEN<\/td><td>Foyt Chevrolet<\/td><td>0:59.000<\/td><td>+0.468<\/td><td>26<\/td><\/tr><tr><td><strong>18<\/strong><\/td><td>N SIEGEL<\/td><td>Penske Chevrolet<\/td><td>0:59.007<\/td><td>+0.475<\/td><td>20<\/td><\/tr><tr><td><strong>19<\/strong><\/td><td>S McLAUGHLIN<\/td><td>Juncos Chevrolet<\/td><td>0:59.129<\/td><td>+0.597<\/td><td>27<\/td><\/tr><tr><td><strong>20<\/strong><\/td><td>R VEEKAY<\/td><td>RLL Honda<\/td><td>0:59.140<\/td><td>+0.608<\/td><td>23<\/td><\/tr><tr><td><strong>21<\/strong><\/td><td>D DEFRANCESCO<\/td><td>Penske Chevrolet<\/td><td>0:59.148<\/td><td>+0.616<\/td><td>24<\/td><\/tr><tr><td><strong>22<\/strong><\/td><td>K SIMPSON<\/td><td>Penske Chevrolet<\/td><td>0:59.159<\/td><td>+0.627<\/td><td>20<\/td><\/tr><tr><td><strong>23<\/strong><\/td><td>S FERRUCCI<\/td><td>RLL Honda<\/td><td>0:59.213<\/td><td>+0.681<\/td><td>22<\/td><\/tr><tr><td><strong>24<\/strong><\/td><td>R SHWARTZMAN<\/td><td>Prema Chevrolet<\/td><td>0:59.216<\/td><td>+0.684<\/td><td>31<\/td><\/tr><tr><td><strong>25<\/strong><\/td><td>S ROBB<\/td><td>Dale Coyne Honda<\/td><td>0:59.255<\/td><td>+0.723<\/td><td>23<\/td><\/tr><tr><td><strong>26<\/strong><\/td><td>J ABEL<\/td><td>Dale Coyne Honda<\/td><td>0:59.265<\/td><td>+0.733<\/td><td>34<\/td><\/tr><tr><td><strong>27<\/strong><\/td><td>C ILOTT<\/td><td>Prema Chevrolet<\/td><td>1:00.116<\/td><td>+1.584<\/td><td>14<\/td><\/tr><\/tbody><\/table><\/figure>\n","protected":false},"excerpt":{"rendered":"<p>Christian Lundgaard marc\u00f3 el mejor tiempo en el arranque de la actividad para la IndyCar en Portland, que puede ver campe\u00f3n a \u00c1lex Palou, ubicado segundo este viernes. Patricio O&#8217;Ward finaliz\u00f3 noveno. <\/p>\n","protected":false},"author":0,"featured_media":1010357146,"comment_status":"closed","ping_status":"closed","sticky":false,"template":"","format":"standard","meta":{"42wp_featured_image_caption":"","42wp_featured_image_credits":"","42wp_featured_video":"","42wp_featured_image_hidden":false,"42wp_authors_list":[],"footnotes":""},"categories":[7],"tags":[1667,1607,597,372,7522,2829,2373,987,1420,310,866,7804,258,269,7300,1108,4356,973,735],"42wp_author":[14237],"class_list":["post-5886","post","type-post","status-publish","format-standard","has-post-thumbnail","hentry","category-indy","tag-alex-palou-2","tag-alexander-rossi","tag-andretti","tag-christian-lundgaard","tag-christian-rasmussen","tag-david-malukas","tag-felix-rosenqvist","tag-ganassi","tag-graham-rahal","tag-indycar","tag-josef-newgarden","tag-kyffin-simpson","tag-marcus-armstrong","tag-mclaren","tag-patricio-oward-2","tag-penske","tag-portland","tag-scott-dixon","tag-will-power","42wp_author-gabriel-garcia"],"_links":{"self":[{"href":"https:\/\/grandepremio.com\/es\/wp-json\/wp\/v2\/posts\/5886","targetHints":{"allow":["GET"]}}],"collection":[{"href":"https:\/\/grandepremio.com\/es\/wp-json\/wp\/v2\/posts"}],"about":[{"href":"https:\/\/grandepremio.com\/es\/wp-json\/wp\/v2\/types\/post"}],"replies":[{"embeddable":true,"href":"https:\/\/grandepremio.com\/es\/wp-json\/wp\/v2\/comments?post=5886"}],"version-history":[{"count":0,"href":"https:\/\/grandepremio.com\/es\/wp-json\/wp\/v2\/posts\/5886\/revisions"}],"wp:featuredmedia":[{"embeddable":true,"href":"https:\/\/grandepremio.com\/es\/wp-json\/wp\/v2\/media\/1010357146"}],"wp:attachment":[{"href":"https:\/\/grandepremio.com\/es\/wp-json\/wp\/v2\/media?parent=5886"}],"wp:term":[{"taxonomy":"category","embeddable":true,"href":"https:\/\/grandepremio.com\/es\/wp-json\/wp\/v2\/categories?post=5886"},{"taxonomy":"post_tag","embeddable":true,"href":"https:\/\/grandepremio.com\/es\/wp-json\/wp\/v2\/tags?post=5886"},{"taxonomy":"42wp_author","embeddable":true,"href":"https:\/\/grandepremio.com\/es\/wp-json\/wp\/v2\/42wp_author?post=5886"}],"curies":[{"name":"wp","href":"https:\/\/api.w.org\/{rel}","templated":true}]}}