{"id":5910,"date":"2025-08-07T12:44:05","date_gmt":"2025-08-07T15:44:05","guid":{"rendered":"https:\/\/grandepremio.com\/es\/2025\/08\/07\/horarios-indy-2025-portland-palou-oward\/"},"modified":"2025-08-21T12:16:42","modified_gmt":"2025-08-21T15:16:42","slug":"horarios-indy-2025-portland-palou-oward","status":"publish","type":"post","link":"https:\/\/grandepremio.com\/es\/indy\/horarios-indy-2025-portland-palou-oward\/","title":{"rendered":"\u00bfA qu\u00e9 hora corren Palou y O&#8217;Ward? Horarios de la fecha de la Indy 2025 en Portland"},"content":{"rendered":"\n<p class=\"wp-block-paragraph\">Luego del descanso de dos semanas, la <strong>IndyCar<\/strong> vuelve a competir para las \u00faltimas tres carreras de su temporada 2025 y <strong>Alex Palou<\/strong>, que domin\u00f3 a voluntad en la prueba de <strong>Laguna Seca<\/strong>, se acerca a su cuarto t\u00edtulo en cinco a\u00f1os en la categor\u00eda. <\/p>\n\n\n\n<p class=\"wp-block-paragraph\">El piloto de <strong>Ganassi,<\/strong> que gan\u00f3 8 carreras sobre las 14 disputadas, le lleva a su escolta, <strong>Patricio O&#8217;Ward<\/strong>, 121 puntos y el piloto de <strong>McLaren<\/strong> est\u00e1 obligado a ganar para estirar la definici\u00f3n a la competencia en <strong>Milwaukee<\/strong>, que ser\u00e1 en dos semanas. <strong>Scott Dixon<\/strong> es tercero, a 198 puntos, seguido por <strong>Kyle Kirkwood<\/strong> y <strong>Christian Lundgaard<\/strong> en el top cinco. <\/p>\n\n\n\n<p class=\"wp-block-paragraph\">Para esta ronda en el estado de <strong>Oregon<\/strong>, la Indy tendr\u00e1 el primer entrenamiento el viernes, mientras que el s\u00e1bado se desarrollar\u00e1 la FP2, la clasificaci\u00f3n y el <em>Warm Up<\/em> a \u00faltima hora del d\u00eda. El domingo se disputar\u00e1 la carrera, a 110 vueltas. <\/p>\n\n\n\n<figure class=\"wp-block-embed is-type-video is-provider-youtube wp-block-embed-youtube wp-embed-aspect-16-9 wp-has-aspect-ratio\"><div class=\"wp-block-embed__wrapper\">\n<iframe loading=\"lazy\" title=\"FRANCO COLAPINTO: Los 5 problemas de ALPINE que lo perjudican\" width=\"500\" height=\"281\" src=\"https:\/\/www.youtube.com\/embed\/_OVmSCs9F5c?feature=oembed\" frameborder=\"0\" allow=\"accelerometer; autoplay; clipboard-write; encrypted-media; gyroscope; picture-in-picture; web-share\" referrerpolicy=\"strict-origin-when-cross-origin\" allowfullscreen><\/iframe>\n<\/div><\/figure>\n\n\n\n<p class=\"wp-block-paragraph\"><strong>Para no perderse nada de la actividad en la ronda de Indy en Portland,\u00a0estos son los horarios y las transmisiones del fin de semana para Am\u00e9rica y Espa\u00f1a:<\/strong><\/p>\n\n\n\n<figure class=\"wp-block-table\"><table class=\"has-fixed-layout\"><tbody><tr><td>PA\u00cdS<\/td><td>FP1 \u2013 8\/8<\/td><td>FP2\u2013 9\/8<\/td><td>QUALY \u2013 9\/8<\/td><td>WARM UP \u2013 9\/8<\/td><td>CARRERA \u2013 10\/8<\/td><td>TV<\/td><\/tr><tr><td>CR\/HON\/ESA\/MEX<\/td><td>15:30<\/td><td>10:00<\/td><td>12:30<\/td><td>18:30<\/td><td>13:00<\/td><td>Disney+, ESPN3<\/td><\/tr><tr><td>COL\/PER\/ECU<\/td><td>16:30<\/td><td>11:00<\/td><td>13:30<\/td><td>19:30<\/td><td>14:00<\/td><td>Disney+<\/td><\/tr><tr><td>VEN\/BOL\/CHI<\/td><td>17:30<\/td><td>12:00<\/td><td>14:30<\/td><td>20:30<\/td><td>15:00<\/td><td>Disney+<\/td><\/tr><tr><td>ARG\/PAR\/URU<\/td><td>18:30<\/td><td>13:00<\/td><td>15:30<\/td><td>21:30<\/td><td>16:00<\/td><td>Disney+, ESPN<\/td><\/tr><tr><td>ESP<\/td><td>23:30<\/td><td>18:00<\/td><td>20:30<\/td><td>02:30 (10\/08)<\/td><td>21:00<\/td><td>Movistar+<\/td><\/tr><\/tbody><\/table><\/figure>\n","protected":false},"excerpt":{"rendered":"<p>Tras dos semanas sin carreras, la IndyCar regresa a las pistas para el Gran Premio de Portland, donde \u00c1lex Palou se puede consagrar campe\u00f3n. Te contamos en esta nota los horarios para Am\u00e9rica Latina y Espa\u00f1a. <\/p>\n","protected":false},"author":0,"featured_media":1010356979,"comment_status":"closed","ping_status":"closed","sticky":false,"template":"","format":"standard","meta":{"42wp_featured_image_caption":"","42wp_featured_image_credits":"","42wp_featured_video":"","42wp_featured_image_hidden":false,"42wp_authors_list":[],"footnotes":""},"categories":[7],"tags":[393,372,987,310,2297,1591,269,8941,1310,973],"42wp_author":[14237],"class_list":["post-5910","post","type-post","status-publish","format-standard","has-post-thumbnail","hentry","category-indy","tag-alex-palou","tag-christian-lundgaard","tag-ganassi","tag-indycar","tag-kyle-kirkwood","tag-laguna-seca","tag-mclaren","tag-milwaukee","tag-patricio-oward","tag-scott-dixon","42wp_author-gabriel-garcia"],"_links":{"self":[{"href":"https:\/\/grandepremio.com\/es\/wp-json\/wp\/v2\/posts\/5910","targetHints":{"allow":["GET"]}}],"collection":[{"href":"https:\/\/grandepremio.com\/es\/wp-json\/wp\/v2\/posts"}],"about":[{"href":"https:\/\/grandepremio.com\/es\/wp-json\/wp\/v2\/types\/post"}],"replies":[{"embeddable":true,"href":"https:\/\/grandepremio.com\/es\/wp-json\/wp\/v2\/comments?post=5910"}],"version-history":[{"count":0,"href":"https:\/\/grandepremio.com\/es\/wp-json\/wp\/v2\/posts\/5910\/revisions"}],"wp:featuredmedia":[{"embeddable":true,"href":"https:\/\/grandepremio.com\/es\/wp-json\/wp\/v2\/media\/1010356979"}],"wp:attachment":[{"href":"https:\/\/grandepremio.com\/es\/wp-json\/wp\/v2\/media?parent=5910"}],"wp:term":[{"taxonomy":"category","embeddable":true,"href":"https:\/\/grandepremio.com\/es\/wp-json\/wp\/v2\/categories?post=5910"},{"taxonomy":"post_tag","embeddable":true,"href":"https:\/\/grandepremio.com\/es\/wp-json\/wp\/v2\/tags?post=5910"},{"taxonomy":"42wp_author","embeddable":true,"href":"https:\/\/grandepremio.com\/es\/wp-json\/wp\/v2\/42wp_author?post=5910"}],"curies":[{"name":"wp","href":"https:\/\/api.w.org\/{rel}","templated":true}]}}