{"id":5917,"date":"2025-08-07T08:33:20","date_gmt":"2025-08-07T11:33:20","guid":{"rendered":"https:\/\/grandepremio.com\/es\/2025\/08\/07\/franco-colapinto-alpine-accidente-test-hungria-pirelli-mario-isola-neumaticos\/"},"modified":"2025-08-07T08:33:23","modified_gmt":"2025-08-07T11:33:23","slug":"franco-colapinto-alpine-accidente-test-hungria-pirelli-mario-isola-neumaticos","status":"publish","type":"post","link":"https:\/\/grandepremio.com\/es\/f1\/franco-colapinto-alpine-accidente-test-hungria-pirelli-mario-isola-neumaticos\/","title":{"rendered":"Pirelli niega que los neum\u00e1ticos hayan causado el accidente de Colapinto en Hungr\u00eda"},"content":{"rendered":"\n<p class=\"wp-block-paragraph\"><strong>Franco Colapinto<\/strong> choc\u00f3 en el segundo d\u00eda de pruebas de neum\u00e1ticos de la temporada 2026 de <strong>F\u00f3rmula 1<\/strong> en <strong>Hungr\u00eda <\/strong>y comprometi\u00f3 parte de la recopilaci\u00f3n de datos que hab\u00eda programado <strong>Pirelli<\/strong>, ya que <strong>Alpine <\/strong>no pudo recuperar el coche. <strong>Mario Isola<\/strong>, director del fabricante italiano, explic\u00f3 que el accidente del argentino no fue provocado por los neum\u00e1ticos.<\/p>\n\n\n\n<p class=\"wp-block-paragraph\">\ud83d\udfe5&nbsp;<strong><em>\u00a1Todas las novedades te esperan en el canal de&nbsp;<\/em><\/strong><a href=\"https:\/\/www.youtube.com\/@GrandePremioES\"><em>YouTube<\/em><\/a><strong><em>&nbsp;de Grande Pr\u00eamio en Espa\u00f1ol!<\/em><\/strong>&nbsp;\ud83d\udfe8<\/p>\n\n\n\n<p class=\"wp-block-paragraph\"><strong>Franco <\/strong>choc\u00f3 en la curva 11 y sali\u00f3 ileso, pero <strong>Alpine <\/strong>no revel\u00f3 si la causa del accidente fue culpa del piloto o un fallo del coche. Solo complet\u00f3 25 vueltas y marc\u00f3 1:20:270 como vuelta m\u00e1s r\u00e1pida.<\/p>\n\n\n\n<p class=\"wp-block-paragraph\">El segundo d\u00eda de pruebas de los neum\u00e1ticos de 2026 comenz\u00f3 la ma\u00f1ana del pasado mi\u00e9rcoles (6) y el programa contaba con <strong>Colapinto, Charles Leclerc<\/strong> y <strong>Pierre Gasly<\/strong>. El franc\u00e9s no pudo participar debido a los da\u00f1os en el coche causados por el accidente del argentino.<\/p>\n\n\n\n<p class=\"wp-block-paragraph\">\u00abHan sido dos d\u00edas \u00fatiles para continuar con el desarrollo de los compuestos para el pr\u00f3ximo a\u00f1o, ya que ahora nos estamos acercando a la recta final\u00bb, comenz\u00f3 diciendo el director de <strong>Pirelli<\/strong>. \u00abEl <strong>Hungaroring <\/strong>es un circuito exigente debido a las numerosas curvas lentas y a la carga de energ\u00eda a la que se someten los neum\u00e1ticos en una vuelta relativamente corta\u00bb, continu\u00f3.<\/p>\n\n\n\n<p class=\"wp-block-paragraph\">\u23e9&nbsp;<strong><em>\u00a1Seguinos en redes por&nbsp;<\/em><\/strong><a href=\"https:\/\/twitter.com\/grandepremioES\"><em>Twitter&nbsp;<\/em><\/a><strong><em>e&nbsp;<\/em><\/strong><a href=\"https:\/\/www.instagram.com\/grandepremioes\/\"><em>Instagram!<\/em><\/a><br>\u23e9&nbsp;<strong><em>Adem\u00e1s, tenemos nuestro&nbsp;<\/em><\/strong><a href=\"https:\/\/whatsapp.com\/channel\/0029VaDZ5zb0gcfDxuwxBM05\"><em>canal de Whatsapp<\/em><\/a><strong><em>&nbsp;con toda la informaci\u00f3n al instante<\/em><\/strong>&nbsp;\ud83c\udfc1<\/p>\n\n\n\n<figure class=\"wp-block-image size-full\"><img decoding=\"async\" src=\"https:\/\/grandepremio.com\/es\/wp-content\/uploads\/..\/gp_br_uploads\/2025\/08\/Acidente-Franco-Colapinto-Hungaroring-testes-Pirelli-Foto-Reproducao-Karol-Cyrk.jpg\" alt=\"\" class=\"wp-image-356795\"\/><figcaption class=\"wp-element-caption\">Colapinto se estrell\u00f3 en la curva 11 del Hungaroring (Foto: Reproducci\u00f3n \/ Karol Cyrk)<\/figcaption><\/figure>\n\n\n\n<p class=\"wp-block-paragraph\">\u00abEs una prueba especialmente dif\u00edcil para los compuestos intermedios de la gama 2026, que ir\u00e1 de C1 a C6, como este a\u00f1o\u00bb, se\u00f1al\u00f3.<\/p>\n\n\n\n<p class=\"wp-block-paragraph\">\u00abHemos recopilado muchos datos, es una pena los kil\u00f3metros perdidos hoy por la salida de pista de <strong>Colapinto<\/strong>, que, por cierto, no tuvo nada que ver con los neum\u00e1ticos\u00bb, aclar\u00f3.<\/p>\n\n\n\n<p class=\"wp-block-paragraph\">La&nbsp;<strong>F1&nbsp;<\/strong>se encuentra en el receso de verano europeo y vuelve a la acci\u00f3n entre el 29 y 31 de agosto con el&nbsp;<strong>GP de los Pa\u00edses Bajos<\/strong>, decimoquinta fecha de la temporada 2025.<\/p>\n\n\n\n<figure class=\"wp-block-embed is-type-video is-provider-youtube wp-block-embed-youtube wp-embed-aspect-16-9 wp-has-aspect-ratio\"><div class=\"wp-block-embed__wrapper\">\n<iframe loading=\"lazy\" title=\"NORRIS GANA Y ALPINE SE DESMORONA EN HUNGR\u00cdA I Briefing\" width=\"500\" height=\"281\" src=\"https:\/\/www.youtube.com\/embed\/vL5Cprh8lLs?feature=oembed\" frameborder=\"0\" allow=\"accelerometer; autoplay; clipboard-write; encrypted-media; gyroscope; picture-in-picture; web-share\" referrerpolicy=\"strict-origin-when-cross-origin\" allowfullscreen><\/iframe>\n<\/div><\/figure>\n","protected":false},"excerpt":{"rendered":"<p>Mario Isola, director de Pirelli, enfatiz\u00f3 que el accidente de Franco Colapinto en los tests con los compuestos de 2026 en Hungr\u00eda no fue provocado por los neum\u00e1ticos.<\/p>\n","protected":false},"author":0,"featured_media":1010356932,"comment_status":"closed","ping_status":"closed","sticky":false,"template":"","format":"standard","meta":{"42wp_featured_image_caption":"","42wp_featured_image_credits":"","42wp_featured_video":"","42wp_featured_image_hidden":false,"42wp_authors_list":[],"footnotes":""},"categories":[5],"tags":[678,181,1710,179,8059,814,1488,1074,520,9647],"42wp_author":[14239],"class_list":["post-5917","post","type-post","status-publish","format-standard","has-post-thumbnail","hentry","category-f1","tag-alpine","tag-f1","tag-f1-2025","tag-formula-1","tag-formula-1-2025","tag-franco-colapinto","tag-grande-premio","tag-mario-isola","tag-pirelli","tag-temporada-2025-f1","42wp_author-jp-otrosky"],"_links":{"self":[{"href":"https:\/\/grandepremio.com\/es\/wp-json\/wp\/v2\/posts\/5917","targetHints":{"allow":["GET"]}}],"collection":[{"href":"https:\/\/grandepremio.com\/es\/wp-json\/wp\/v2\/posts"}],"about":[{"href":"https:\/\/grandepremio.com\/es\/wp-json\/wp\/v2\/types\/post"}],"replies":[{"embeddable":true,"href":"https:\/\/grandepremio.com\/es\/wp-json\/wp\/v2\/comments?post=5917"}],"version-history":[{"count":0,"href":"https:\/\/grandepremio.com\/es\/wp-json\/wp\/v2\/posts\/5917\/revisions"}],"wp:featuredmedia":[{"embeddable":true,"href":"https:\/\/grandepremio.com\/es\/wp-json\/wp\/v2\/media\/1010356932"}],"wp:attachment":[{"href":"https:\/\/grandepremio.com\/es\/wp-json\/wp\/v2\/media?parent=5917"}],"wp:term":[{"taxonomy":"category","embeddable":true,"href":"https:\/\/grandepremio.com\/es\/wp-json\/wp\/v2\/categories?post=5917"},{"taxonomy":"post_tag","embeddable":true,"href":"https:\/\/grandepremio.com\/es\/wp-json\/wp\/v2\/tags?post=5917"},{"taxonomy":"42wp_author","embeddable":true,"href":"https:\/\/grandepremio.com\/es\/wp-json\/wp\/v2\/42wp_author?post=5917"}],"curies":[{"name":"wp","href":"https:\/\/api.w.org\/{rel}","templated":true}]}}