{"id":5932,"date":"2025-08-06T09:48:57","date_gmt":"2025-08-06T12:48:57","guid":{"rendered":"https:\/\/grandepremio.com\/es\/2025\/08\/06\/tech3-niega-venta-equipo-steiner-ex-jefe-haas-f1\/"},"modified":"2025-08-06T09:49:01","modified_gmt":"2025-08-06T12:49:01","slug":"tech3-niega-venta-equipo-steiner-ex-jefe-haas-f1","status":"publish","type":"post","link":"https:\/\/grandepremio.com\/es\/motogp\/tech3-niega-venta-equipo-steiner-ex-jefe-haas-f1\/","title":{"rendered":"Tech3 niega venta del equipo a Steiner, ex jefe de Haas en F1: \u00abSolo rumores, nada m\u00e1s\u00bb"},"content":{"rendered":"\n<p class=\"wp-block-paragraph\"><strong>Tech3<\/strong> ha desestimado los rumores que indican que <strong>Guenther Steiner<\/strong> est\u00e1 cerca de un acuerdo para comprar el equipo de <strong>Herv\u00e9 Poncharal<\/strong>. Contactado por <strong>GRANDE PR\u00caMIO<\/strong>, el portavoz del equipo franc\u00e9s enfatiz\u00f3 que \u00abno hay nada m\u00e1s por el momento\u00bb.<\/p>\n\n\n\n<p class=\"wp-block-paragraph\">La semana pasada, la revista inglesa <em>Autosport<\/em> inform\u00f3 que el <a href=\"https:\/\/grandepremio.com\/es\/motogp\/guenther-steiner-haas-f1-adquisicion-tech3-motogp-2025\/\">exjefe de <strong>Haas<\/strong>  en la <strong>F\u00f3rmula 1<\/strong> estaba en negociaciones avanzadas para completar la compra del equipo de <strong>MotoGP<\/strong><\/a>, en el que actualmente pilotan <strong>Enea Bastianini<\/strong> y <strong>Maverick Vi\u00f1ales<\/strong>, por unos <strong>20 millones de euros<\/strong>. Sin embargo, en el sitio web italiano <em>GPOne<\/em>, Poncharal calific\u00f3 las informaciones de \u00abtotalmente falsas\u00bb.<\/p>\n\n\n\n<p class=\"wp-block-paragraph\">\u00abEstamos en conversaciones, como saben. Pero no se ha firmado nada. Nunca he ocultado que estamos en conversaciones\u00bb, record\u00f3 el directivo. \u00abPero me preocupan mucho estos rumores y especulaciones. No quiero entrar en detalles, ya que no hay nada que informar\u00bb, a\u00f1adi\u00f3.<\/p>\n\n\n\n<p class=\"wp-block-paragraph\">\ud83d\udfe5&nbsp;<strong><em>\u00a1Todas las novedades te esperan en el canal de&nbsp;<\/em><\/strong><a href=\"https:\/\/www.youtube.com\/@GrandePremioES\"><em>YouTube<\/em><\/a><strong><em>&nbsp;de Grande Pr\u00eamio en Espa\u00f1ol!<\/em><\/strong>&nbsp;\ud83d\udfe8<\/p>\n\n\n\n<figure class=\"wp-block-image size-full\"><img decoding=\"async\" src=\"https:\/\/grandepremio.com\/es\/wp-content\/uploads\/..\/gp_br_uploads\/2025\/07\/HERVE-PONCHARAL-TECH3-3-scaled.jpg\" alt=\"\" class=\"wp-image-350289\"\/><figcaption class=\"wp-element-caption\">Herv\u00e9 Poncharal neg\u00f3 los rumores sobre venta del equipo a Guenther Steiner. (Foto: Tech3)<\/figcaption><\/figure>\n\n\n\n<p class=\"wp-block-paragraph\">\u23e9\u00a0<strong><em>\u00a1Seguinos en redes por\u00a0<\/em><\/strong><a href=\"https:\/\/twitter.com\/grandepremioES\"><em>Twitter\u00a0<\/em><\/a><strong><em>e\u00a0<\/em><\/strong><a href=\"https:\/\/www.instagram.com\/grandepremioes\/\"><em>Instagram!<\/em><\/a><br>\u23e9\u00a0<strong><em>Adem\u00e1s, tenemos nuestro\u00a0<\/em><\/strong><a href=\"https:\/\/whatsapp.com\/channel\/0029VaDZ5zb0gcfDxuwxBM05\"><em>canal de Whatsapp<\/em><\/a><strong><em>\u00a0con toda la informaci\u00f3n al instante<\/em><\/strong>\u00a0\ud83c\udfc1<\/p>\n\n\n\n<p class=\"wp-block-paragraph\">A principios de junio, Poncharal admiti\u00f3 haber mantenido conversaciones con Steiner, las cuales describi\u00f3 como \u00abiniciales\u00bb. \u00abCada uno presenta su propia visi\u00f3n e ideas sobre lo que se podr\u00eda hacer\u00bb, declar\u00f3 entonces al sitio web brit\u00e1nico <em>Crash.net<\/em>.<\/p>\n\n\n\n<p class=\"wp-block-paragraph\">Seg\u00fan Herv\u00e9, la discusi\u00f3n de propuestas surge de la incertidumbre en torno al futuro de la colaboraci\u00f3n con <strong>KTM<\/strong>, ya que la continuidad de la marca <strong>Mattighofen<\/strong> en el deporte m\u00e1s all\u00e1 del acuerdo de participaci\u00f3n actual a\u00fan es incierta. Sin embargo, las opciones sobre la mesa var\u00edan, desde una participaci\u00f3n minoritaria hasta la venta del equipo, manteniendo al piloto.<\/p>\n\n\n\n<p class=\"wp-block-paragraph\">Al ser preguntado por <strong>GRANDE PR\u00caMIO<\/strong> sobre la noticia de la venta del equipo a Steiner, Tech3 respondi\u00f3: \u00abSon solo rumores, nada m\u00e1s por el momento\u00bb.<\/p>\n\n\n\n<p class=\"wp-block-paragraph\"><strong>MotoGP<\/strong>&nbsp;est\u00e1 de vacaciones de verano y vuelve a la acci\u00f3n entre el 15 y el 17 de agosto con el&nbsp;<strong>GP de Austria<\/strong>, en&nbsp;<strong>Spielberg<\/strong>, la 13\u00aa ronda de la&nbsp;<strong>temporada 2025<\/strong>.<\/p>\n\n\n\n<figure class=\"wp-block-embed is-type-rich is-provider-gestor-del-servicio wp-block-embed-gestor-del-servicio wp-embed-aspect-16-9 wp-has-aspect-ratio\"><div class=\"wp-block-embed__wrapper\">\nhttps:\/\/youtube.com\/watch?v=vL5Cprh8lLs%3Fversion%3D3%26rel%3D1%26showsearch%3D0%26showinfo%3D1%26iv_load_policy%3D1%26fs%3D1%26hl%3Des-ES%26autohide%3D2%26wmode%3Dtransparent\n<\/div><\/figure>\n","protected":false},"excerpt":{"rendered":"<p>A GRANDE PR\u00caMIO, Tech3 clasific\u00f3 como \u00absolo rumores\u00bb la noticia que apunta a la compra del equipo de Herv\u00e9 Poncharal por parte de Guenther Steiner.<\/p>\n","protected":false},"author":0,"featured_media":1010313155,"comment_status":"closed","ping_status":"closed","sticky":false,"template":"","format":"standard","meta":{"42wp_featured_image_caption":"","42wp_featured_image_credits":"","42wp_featured_video":"","42wp_featured_image_hidden":false,"42wp_authors_list":[],"footnotes":""},"categories":[8],"tags":[179,1469,414,7244,1381,1293,9621,1528],"42wp_author":[14240],"class_list":["post-5932","post","type-post","status-publish","format-standard","has-post-thumbnail","hentry","category-motogp","tag-formula-1","tag-guenther-steiner","tag-haas","tag-herve-poncharal","tag-ktm","tag-motogp","tag-motogp-2025","tag-tech3","42wp_author-ignacio-bogado"],"_links":{"self":[{"href":"https:\/\/grandepremio.com\/es\/wp-json\/wp\/v2\/posts\/5932","targetHints":{"allow":["GET"]}}],"collection":[{"href":"https:\/\/grandepremio.com\/es\/wp-json\/wp\/v2\/posts"}],"about":[{"href":"https:\/\/grandepremio.com\/es\/wp-json\/wp\/v2\/types\/post"}],"replies":[{"embeddable":true,"href":"https:\/\/grandepremio.com\/es\/wp-json\/wp\/v2\/comments?post=5932"}],"version-history":[{"count":0,"href":"https:\/\/grandepremio.com\/es\/wp-json\/wp\/v2\/posts\/5932\/revisions"}],"wp:featuredmedia":[{"embeddable":true,"href":"https:\/\/grandepremio.com\/es\/wp-json\/wp\/v2\/media\/1010313155"}],"wp:attachment":[{"href":"https:\/\/grandepremio.com\/es\/wp-json\/wp\/v2\/media?parent=5932"}],"wp:term":[{"taxonomy":"category","embeddable":true,"href":"https:\/\/grandepremio.com\/es\/wp-json\/wp\/v2\/categories?post=5932"},{"taxonomy":"post_tag","embeddable":true,"href":"https:\/\/grandepremio.com\/es\/wp-json\/wp\/v2\/tags?post=5932"},{"taxonomy":"42wp_author","embeddable":true,"href":"https:\/\/grandepremio.com\/es\/wp-json\/wp\/v2\/42wp_author?post=5932"}],"curies":[{"name":"wp","href":"https:\/\/api.w.org\/{rel}","templated":true}]}}