{"id":5945,"date":"2025-08-05T12:19:49","date_gmt":"2025-08-05T15:19:49","guid":{"rendered":"https:\/\/grandepremio.com\/es\/2025\/08\/05\/red-bull-dice-emocionado-continuidad-verstappen-f1-2026\/"},"modified":"2025-08-05T12:19:53","modified_gmt":"2025-08-05T15:19:53","slug":"red-bull-dice-emocionado-continuidad-verstappen-f1-2026","status":"publish","type":"post","link":"https:\/\/grandepremio.com\/es\/f1\/red-bull-dice-emocionado-continuidad-verstappen-f1-2026\/","title":{"rendered":"Red Bull dice que est\u00e1 &#8220;emocionado&#8221; por la continuidad de Verstappen en F1 2026"},"content":{"rendered":"\n<p class=\"wp-block-paragraph\">La decisi\u00f3n de <strong>Max Verstappen<\/strong> de quedarse en el equipo <strong>Red Bull<\/strong> para la temporada 2026 de la <strong>F\u00f3rmula 1<\/strong> fue algo muy celebrado internamente, seg\u00fan dijo <strong>Helmut Marko<\/strong>, el asesor deportivo, antes del parate de verano europeo para la categor\u00eda, que reci\u00e9n volver\u00e1 a competir a fines de mes en <strong>Zandvoort<\/strong>.<\/p>\n\n\n\n<p class=\"wp-block-paragraph\">\ud83d\udfe5&nbsp;<strong><em>\u00a1Todas las novedades te esperan en el canal de&nbsp;<\/em><\/strong><a href=\"https:\/\/www.youtube.com\/@GrandePremioES\"><em>YouTube<\/em><\/a><strong><em>&nbsp;de Grande Pr\u00eamio en Espa\u00f1ol!<\/em><\/strong>&nbsp;\ud83d\udfe8<\/p>\n\n\n\n<p class=\"wp-block-paragraph\">Si bien Verstappen se vio tentado por el equipo <strong>Mercedes<\/strong>, sobre todo por el hecho de que<strong> George Russell<\/strong> no ha firmado la renovaci\u00f3n de su contrato, opt\u00f3 por quedarse con los de <strong>Milton Keynes<\/strong> para el a\u00f1o que viene, cuando se iniciar\u00e1 una nueva era de motores en la categor\u00eda.<\/p>\n\n\n\n<p class=\"wp-block-paragraph\">Incluso, Russell y <strong>Toto Wolff<\/strong>, jefe de equipo de la casa alemana, llegaron a declarar que estaban estancadas las negociaciones del contrato y que esto motiv\u00f3 el inicio de las conversaciones con Red Bull y con Verstappen. En cambio, Max dijo en el <strong>GP de Hungr\u00eda<\/strong> que <em>\u201csiempre lo he tenido muy claro\u201d<\/em> con respecto a su continuidad con el equipo. El campe\u00f3n del mundo tiene v\u00ednculo hasta 2028 con los de las bebidas energizantes.<\/p>\n\n\n\n<p class=\"wp-block-paragraph\"><strong>&#8220;Es un gran alivio. Todo el equipo est\u00e1 muy ilusionado con construir un coche mejor para \u00e9l el a\u00f1o que viene&#8221;,<\/strong> declar\u00f3 Marko en una entrevista con el sitio web holand\u00e9s <em>GPblog <\/em>tras la ronda de <strong>Hungaroring<\/strong>.<\/p>\n\n\n\n<figure class=\"wp-block-embed is-type-video is-provider-youtube wp-block-embed-youtube wp-embed-aspect-16-9 wp-has-aspect-ratio\"><div class=\"wp-block-embed__wrapper\">\n<iframe loading=\"lazy\" title=\"NORRIS GANA Y ALPINE SE DESMORONA EN HUNGR\u00cdA I Briefing\" width=\"500\" height=\"281\" src=\"https:\/\/www.youtube.com\/embed\/vL5Cprh8lLs?feature=oembed\" frameborder=\"0\" allow=\"accelerometer; autoplay; clipboard-write; encrypted-media; gyroscope; picture-in-picture; web-share\" referrerpolicy=\"strict-origin-when-cross-origin\" allowfullscreen><\/iframe>\n<\/div><\/figure>\n\n\n\n<p class=\"wp-block-paragraph\">A su vez, aun existen dudas sobre el segundo piloto del equipo, ya que <strong>Yuki Tsunoda<\/strong> no est\u00e1 pudiendo obtener los resultados que se esperaban. Marko dijo que el japon\u00e9s est\u00e1 mejorando carrera a carrera y coment\u00f3 sobre los cambios en el motor que lo hicieron largar desde boxes en Budapest.<br><br><strong>\u201cQuiz\u00e1s habr\u00eda tenido que cambiar en Monza o Zandvoort, y creo que, debido a la posici\u00f3n de salida, era estrat\u00e9gicamente mejor hacerlo aqu\u00ed. (En Hungr\u00eda) Estaba m\u00e1s cerca que nunca. Estaba a 1 segundo de [Verstappen]. Desafortunadamente, qued\u00f3 eliminado en la Q1. As\u00ed que est\u00e1 mejorando\u201d<\/strong>, concluy\u00f3.<\/p>\n\n\n\n<p class=\"wp-block-paragraph\">\u23e9 <em><strong>\u00a1Seguinos en redes por <\/strong><\/em><a href=\"https:\/\/twitter.com\/grandepremioES\"><em><u>Twitter <\/u><\/em><\/a><em><strong>e <\/strong><\/em><a href=\"https:\/\/www.instagram.com\/grandepremioes\/\"><em><u>Instagram!<br><\/u><\/em><\/a>\u23e9 <em><strong>Adem\u00e1s, tenemos nuestro <\/strong><\/em><a href=\"https:\/\/whatsapp.com\/channel\/0029VaDZ5zb0gcfDxuwxBM05\"><em><u>canal de Whatsapp<\/u><\/em><\/a><em><strong> con toda la informaci\u00f3n al instante<\/strong><\/em> \ud83c\udfc1<br><br>Tras del GP de Hungr\u00eda, la F\u00f3rmula 1 volver\u00e1 a la pista reci\u00e9n despu\u00e9s del par\u00f3n del verano europeo, entre el 29 y el 31 de agosto, para el GP de los Pa\u00edses Bajos, en Zandvoort.<\/p>\n","protected":false},"excerpt":{"rendered":"<p>El consultor de Red Bull, Helmut Marko, afirm\u00f3 que la decisi\u00f3n de Max Verstappen de quedarse en el equipo sirvi\u00f3 como incentivo para que todos trabajaran a\u00fan m\u00e1s duro de cara a la temporada 2026.<\/p>\n","protected":false},"author":0,"featured_media":1010356717,"comment_status":"closed","ping_status":"closed","sticky":false,"template":"","format":"standard","meta":{"42wp_featured_image_caption":"","42wp_featured_image_credits":"","42wp_featured_video":"","42wp_featured_image_hidden":false,"42wp_authors_list":[],"footnotes":""},"categories":[5],"tags":[179,253,421,1358,378,249,197,2648,206,569,368,808],"42wp_author":[14237],"class_list":["post-5945","post","type-post","status-publish","format-standard","has-post-thumbnail","hentry","category-f1","tag-formula-1","tag-george-russell","tag-gp-de-hungria","tag-helmut-marko","tag-hungaroring","tag-max-verstappen","tag-mercedes","tag-milton-keynes","tag-red-bull","tag-toto-wolff","tag-yuki-tsunoda","tag-zandvoort","42wp_author-gabriel-garcia"],"_links":{"self":[{"href":"https:\/\/grandepremio.com\/es\/wp-json\/wp\/v2\/posts\/5945","targetHints":{"allow":["GET"]}}],"collection":[{"href":"https:\/\/grandepremio.com\/es\/wp-json\/wp\/v2\/posts"}],"about":[{"href":"https:\/\/grandepremio.com\/es\/wp-json\/wp\/v2\/types\/post"}],"replies":[{"embeddable":true,"href":"https:\/\/grandepremio.com\/es\/wp-json\/wp\/v2\/comments?post=5945"}],"version-history":[{"count":0,"href":"https:\/\/grandepremio.com\/es\/wp-json\/wp\/v2\/posts\/5945\/revisions"}],"wp:featuredmedia":[{"embeddable":true,"href":"https:\/\/grandepremio.com\/es\/wp-json\/wp\/v2\/media\/1010356717"}],"wp:attachment":[{"href":"https:\/\/grandepremio.com\/es\/wp-json\/wp\/v2\/media?parent=5945"}],"wp:term":[{"taxonomy":"category","embeddable":true,"href":"https:\/\/grandepremio.com\/es\/wp-json\/wp\/v2\/categories?post=5945"},{"taxonomy":"post_tag","embeddable":true,"href":"https:\/\/grandepremio.com\/es\/wp-json\/wp\/v2\/tags?post=5945"},{"taxonomy":"42wp_author","embeddable":true,"href":"https:\/\/grandepremio.com\/es\/wp-json\/wp\/v2\/42wp_author?post=5945"}],"curies":[{"name":"wp","href":"https:\/\/api.w.org\/{rel}","templated":true}]}}