{"id":5956,"date":"2025-08-05T08:59:23","date_gmt":"2025-08-05T11:59:23","guid":{"rendered":"https:\/\/grandepremio.com\/es\/2025\/08\/05\/racing-bulls-alan-permane-resultado-gp-hungria-hadjar-lawson-f1-2025\/"},"modified":"2025-08-05T09:00:13","modified_gmt":"2025-08-05T12:00:13","slug":"racing-bulls-alan-permane-resultado-gp-hungria-hadjar-lawson-f1-2025","status":"publish","type":"post","link":"https:\/\/grandepremio.com\/es\/f1\/racing-bulls-alan-permane-resultado-gp-hungria-hadjar-lawson-f1-2025\/","title":{"rendered":"Racing Bulls lamenta la ca\u00edda en Constructores, pero afirma: &#8220;Tenemos un buen coche&#8221;"},"content":{"rendered":"\n<p class=\"wp-block-paragraph\"><strong>Racing Bulls<\/strong> logr\u00f3 sumar puntos en el <strong>Gran Premio de Hungr\u00eda<\/strong> del pasado fin de semana, con el octavo puesto de <strong>Liam Lawson. Isack Hadjar<\/strong>, por su parte, se vio atrapado en el tr\u00e1fico y no pudo pasar del und\u00e9cimo puesto.<\/p>\n\n\n\n<p class=\"wp-block-paragraph\">\ud83d\udfe5&nbsp;<strong><em>\u00a1Todas las novedades te esperan en el canal de&nbsp;<\/em><\/strong><a href=\"https:\/\/www.youtube.com\/@GrandePremioES\"><em>YouTube<\/em><\/a><strong><em>&nbsp;de Grande Pr\u00eamio en Espa\u00f1ol!<\/em><\/strong>&nbsp;\ud83d\udfe8<\/p>\n\n\n\n<p class=\"wp-block-paragraph\"><strong>Alan Permane<\/strong>, jefe del equipo italiano, elogi\u00f3 el rendimiento del neozeland\u00e9s y lament\u00f3 la posici\u00f3n perdida frente a <strong>Aston Martin<\/strong> en el <strong>Mundial de Constructores<\/strong>.<\/p>\n\n\n\n<p class=\"wp-block-paragraph\">\u00abUna carrera muy s\u00f3lida de <strong>Liam<\/strong>, tanto el coche como la estrategia de una parada funcionaron muy bien\u00bb, comenz\u00f3 <strong>Permane<\/strong>. \u00abHizo que los neum\u00e1ticos duraran bien y consigui\u00f3 otro octavo puesto\u00bb, continu\u00f3.<\/p>\n\n\n\n<p class=\"wp-block-paragraph\">\u00abFue una pena para <strong>Isack<\/strong>, \u00e9l sent\u00eda que pod\u00eda haber clasificado mejor y, al final, en esta pista, dos o tres posiciones en la clasificaci\u00f3n son muy dif\u00edciles de recuperar en la carrera\u00bb, se\u00f1al\u00f3.<\/p>\n\n\n\n<p class=\"wp-block-paragraph\">\u23e9\u00a0<strong><em>\u00a1Seguinos en redes por\u00a0<\/em><\/strong><a href=\"https:\/\/twitter.com\/grandepremioES\"><em>Twitter\u00a0<\/em><\/a><strong><em>e\u00a0<\/em><\/strong><a href=\"https:\/\/www.instagram.com\/grandepremioes\/\"><em>Instagram!<\/em><\/a><br>\u23e9\u00a0<strong><em>Adem\u00e1s, tenemos nuestro\u00a0<\/em><\/strong><a href=\"https:\/\/whatsapp.com\/channel\/0029VaDZ5zb0gcfDxuwxBM05\"><em>canal de Whatsapp<\/em><\/a><strong><em>\u00a0con toda la informaci\u00f3n al instante<\/em><\/strong>\u00a0\ud83c\udfc1<\/p>\n\n\n\n<figure class=\"wp-block-image size-large\"><img decoding=\"async\" src=\"https:\/\/grandepremio.com\/es\/wp-content\/uploads\/2025\/08\/SI202507060563-1200x800-1-1024x683.jpg\" alt=\"\" class=\"wp-image-356658\"\/><figcaption class=\"wp-element-caption\">Alan Permane, jefe de Racing Bulls, lament\u00f3 la p\u00e9rdida de posiciones en el Mundial de Constructores (Foto: Rudy Carezzevoli \/ Getty Images)<\/figcaption><\/figure>\n\n\n\n<p class=\"wp-block-paragraph\">\u00abPerdimos una posici\u00f3n frente a [<strong>Oliver<\/strong>] <strong>Bearman <\/strong>en la salida, lo que nos hizo perder mucho tiempo detr\u00e1s de \u00e9l y eso comprometi\u00f3 totalmente la carrera de <strong>Hadjar<\/strong>\u00bb, lament\u00f3.<\/p>\n\n\n\n<p class=\"wp-block-paragraph\">\u00abSin embargo, en general, el <strong>VCARB-02<\/strong> estuvo decente, con ambos pilotos en la Q3 en las dos \u00faltimas carreras. Desgraciadamente, hemos perdido una posici\u00f3n en el campeonato, pero todo est\u00e1 muy re\u00f1ido en la mitad de la parrilla y tenemos un buen coche, as\u00ed que estamos deseando que llegue la segunda mitad de la temporada y estoy seguro de que recuperaremos algunas posiciones\u00bb, analiz\u00f3.<\/p>\n\n\n\n<p class=\"wp-block-paragraph\">\u00abMe gustar\u00eda dar las gracias a los pilotos y a todos nuestros equipos en <strong>Faenza <\/strong>y <strong>Milton Keynes<\/strong>. Ahora podemos tomarnos un respiro antes de las vacaciones y volveremos con mucha fuerza en <strong>Zandvoort<\/strong>\u00bb, concluy\u00f3 el jefe de <strong>Racing Bulls<\/strong>.<\/p>\n\n\n\n<p class=\"wp-block-paragraph\">La <strong>F1 <\/strong>entra en el receso de verano y vuelve a la acci\u00f3n entre el 29 y 31 de agosto con el\u00a0<strong>GP de los Pa\u00edses Bajos<\/strong>, decimoquinta fecha de la temporada 2025.<\/p>\n\n\n\n<figure class=\"wp-block-embed is-type-video is-provider-youtube wp-block-embed-youtube wp-embed-aspect-16-9 wp-has-aspect-ratio\"><div class=\"wp-block-embed__wrapper\">\n<iframe loading=\"lazy\" title=\"NORRIS GANA Y ALPINE SE DESMORONA EN HUNGR\u00cdA I Briefing\" width=\"500\" height=\"281\" src=\"https:\/\/www.youtube.com\/embed\/vL5Cprh8lLs?feature=oembed\" frameborder=\"0\" allow=\"accelerometer; autoplay; clipboard-write; encrypted-media; gyroscope; picture-in-picture; web-share\" referrerpolicy=\"strict-origin-when-cross-origin\" allowfullscreen><\/iframe>\n<\/div><\/figure>\n","protected":false},"excerpt":{"rendered":"<p>Alan Permane, director de Racing Bulls, elogi\u00f3 el octavo puesto de Liam Lawson en el Gran Premio de Hungr\u00eda, pero lament\u00f3 la posici\u00f3n perdida frente a Aston Martin en el Campeonato Mundial de Constructores.<\/p>\n","protected":false},"author":0,"featured_media":1010356308,"comment_status":"closed","ping_status":"closed","sticky":false,"template":"","format":"standard","meta":{"42wp_featured_image_caption":"","42wp_featured_image_credits":"","42wp_featured_video":"","42wp_featured_image_hidden":false,"42wp_authors_list":[],"footnotes":""},"categories":[5],"tags":[1514,181,1710,179,8059,12661,1488,2300,279,9812,9647],"42wp_author":[14239],"class_list":["post-5956","post","type-post","status-publish","format-standard","has-post-thumbnail","hentry","category-f1","tag-alan-permane","tag-f1","tag-f1-2025","tag-formula-1","tag-formula-1-2025","tag-gp-de-hungria-2025","tag-grande-premio","tag-isack-hadjar","tag-liam-lawson","tag-racing-bulls","tag-temporada-2025-f1","42wp_author-jp-otrosky"],"_links":{"self":[{"href":"https:\/\/grandepremio.com\/es\/wp-json\/wp\/v2\/posts\/5956","targetHints":{"allow":["GET"]}}],"collection":[{"href":"https:\/\/grandepremio.com\/es\/wp-json\/wp\/v2\/posts"}],"about":[{"href":"https:\/\/grandepremio.com\/es\/wp-json\/wp\/v2\/types\/post"}],"replies":[{"embeddable":true,"href":"https:\/\/grandepremio.com\/es\/wp-json\/wp\/v2\/comments?post=5956"}],"version-history":[{"count":0,"href":"https:\/\/grandepremio.com\/es\/wp-json\/wp\/v2\/posts\/5956\/revisions"}],"wp:featuredmedia":[{"embeddable":true,"href":"https:\/\/grandepremio.com\/es\/wp-json\/wp\/v2\/media\/1010356308"}],"wp:attachment":[{"href":"https:\/\/grandepremio.com\/es\/wp-json\/wp\/v2\/media?parent=5956"}],"wp:term":[{"taxonomy":"category","embeddable":true,"href":"https:\/\/grandepremio.com\/es\/wp-json\/wp\/v2\/categories?post=5956"},{"taxonomy":"post_tag","embeddable":true,"href":"https:\/\/grandepremio.com\/es\/wp-json\/wp\/v2\/tags?post=5956"},{"taxonomy":"42wp_author","embeddable":true,"href":"https:\/\/grandepremio.com\/es\/wp-json\/wp\/v2\/42wp_author?post=5956"}],"curies":[{"name":"wp","href":"https:\/\/api.w.org\/{rel}","templated":true}]}}