{"id":5977,"date":"2025-08-03T16:43:46","date_gmt":"2025-08-03T19:43:46","guid":{"rendered":"https:\/\/grandepremio.com\/es\/2025\/08\/03\/red-bull-cita-rendimiento-extrano-hungria-ve-titulo-imposible-verstappen\/"},"modified":"2025-08-03T16:43:50","modified_gmt":"2025-08-03T19:43:50","slug":"red-bull-cita-rendimiento-extrano-hungria-ve-titulo-imposible-verstappen","status":"publish","type":"post","link":"https:\/\/grandepremio.com\/es\/f1\/red-bull-cita-rendimiento-extrano-hungria-ve-titulo-imposible-verstappen\/","title":{"rendered":"Red Bull cita \u00abrendimiento extra\u00f1o\u00bb en Hungr\u00eda y ve t\u00edtulo \u00abimposible\u00bb de Verstappen"},"content":{"rendered":"\n<p class=\"wp-block-paragraph\">Tras ver a <strong>Max Verstappen<\/strong> luchar contra la incapacidad de <strong>Red Bull<\/strong> para competir contra sus principales rivales en el <strong>Gran Premio de Hungr\u00eda<\/strong> de este domingo, la 1.\u00aa prueba de la <strong>temporada 2025<\/strong> de <strong>F\u00f3rmula 1<\/strong>, <strong>Helmut Marko<\/strong> se rindi\u00f3 y dej\u00f3 claro que &#8220;es imposible&#8221; que el neerland\u00e9s luche por el t\u00edtulo. El asesor no revel\u00f3 el motivo de su falta de ritmo en <strong>Budapest<\/strong>, limit\u00e1ndose a afirmar que la estrategia adoptada podr\u00eda haber sido diferente.<\/p>\n\n\n\n<p class=\"wp-block-paragraph\">Octavo en la parrilla de salida, el tetracampe\u00f3n cedi\u00f3 una posici\u00f3n ante <strong>Liam Lawson<\/strong> en los primeros metros, pero se recuper\u00f3 e incluso lleg\u00f3 a batirse en duelo con el brasile\u00f1o <strong>Gabriel Bortoleto<\/strong>. Finalmente, tras dos paradas para cambiar neum\u00e1ticos, no pudo remontar posiciones y cruz\u00f3 la meta en noveno lugar.<\/p>\n\n\n\n<p class=\"wp-block-paragraph\">\ud83d\udfe5&nbsp;<strong><em>\u00a1Todas las novedades te esperan en el canal de&nbsp;<\/em><\/strong><a href=\"https:\/\/www.youtube.com\/@GrandePremioES\"><em>YouTube<\/em><\/a><strong><em>&nbsp;de Grande Pr\u00eamio en Espa\u00f1ol!<\/em><\/strong>&nbsp;\ud83d\udfe8<\/p>\n\n\n\n<figure class=\"wp-block-image size-full\"><img decoding=\"async\" src=\"https:\/\/grandepremio.com\/es\/wp-content\/uploads\/..\/gp_br_uploads\/2025\/08\/hungria-2025-f1-classificacao-red-bull-max-verstappen-02.jpg\" alt=\"\" class=\"wp-image-356030\"\/><figcaption class=\"wp-element-caption\">Helmut Marko habl\u00f3 de un \u00abrendimiento extra\u00f1o\u00bb del RB21 en Hungr\u00eda. (Foto: Red Bull Content Pool)<\/figcaption><\/figure>\n\n\n\n<p class=\"wp-block-paragraph\">\u23e9\u00a0<strong><em>\u00a1Seguinos en redes por\u00a0<\/em><\/strong><a href=\"https:\/\/twitter.com\/grandepremioES\"><em>Twitter\u00a0<\/em><\/a><strong><em>e\u00a0<\/em><\/strong><a href=\"https:\/\/www.instagram.com\/grandepremioes\/\"><em>Instagram!<\/em><\/a><br>\u23e9\u00a0<strong><em>Adem\u00e1s, tenemos nuestro\u00a0<\/em><\/strong><a href=\"https:\/\/whatsapp.com\/channel\/0029VaDZ5zb0gcfDxuwxBM05\"><em>canal de Whatsapp<\/em><\/a><strong><em>\u00a0con toda la informaci\u00f3n al instante<\/em><\/strong>\u00a0\ud83c\udfc1<\/p>\n\n\n\n<p class=\"wp-block-paragraph\">&#8220;Una estrategia de una sola parada habr\u00eda sido mejor, ya que adelantar era muy dif\u00edcil. Un quinto o sexto puesto habr\u00eda sido posible, pero el rendimiento fue un poco extra\u00f1o&#8221;, declar\u00f3 Marko en una entrevista con el sitio web neerland\u00e9s <em>GPblog<\/em>. &#8220;Estaba marcando tiempos similares a los de los l\u00edderes, pero creo que sabemos d\u00f3nde fall\u00f3&#8221;, continu\u00f3.<\/p>\n\n\n\n<p class=\"wp-block-paragraph\">Con 187 puntos en la clasificaci\u00f3n del <strong>Campeonato Mundial<\/strong>, Verstappen vio c\u00f3mo su desventaja respecto a <strong>Oscar Piastri<\/strong> aumentaba a 97 puntos tras la carrera de <strong>Hungaroring<\/strong>. Aunque el propio piloto se hab\u00eda retirado hac\u00eda tiempo de la lucha, el asesor austr\u00edaco siempre expres\u00f3 su confianza en la posibilidad de revertir la situaci\u00f3n contra el d\u00fao de McLaren.<\/p>\n\n\n\n<p class=\"wp-block-paragraph\">Ahora, al ser preguntado de nuevo sobre la posibilidad real de que Max termine <strong>2025<\/strong> con su quinto campeonato, su respuesta fue concisa: &#8220;Es imposible, eso est\u00e1 claro&#8221;, concluy\u00f3.<\/p>\n\n\n\n<p class=\"wp-block-paragraph\">La&nbsp;<strong>F\u00f3rmula 1<\/strong>&nbsp;entra en el receso de verano en&nbsp;<strong>Europa<\/strong>&nbsp;y vuelve entre el 29 y 31 de agosto en&nbsp;<strong>Zandvoort<\/strong>&nbsp;para el&nbsp;<strong>Gran Premio de Pa\u00edses Bajos<\/strong>.<\/p>\n\n\n\n<figure class=\"wp-block-embed is-type-rich is-provider-gestor-del-servicio wp-block-embed-gestor-del-servicio wp-embed-aspect-16-9 wp-has-aspect-ratio\"><div class=\"wp-block-embed__wrapper\">\nhttps:\/\/youtube.com\/watch?v=vL5Cprh8lLs%3Fversion%3D3%26rel%3D1%26showsearch%3D0%26showinfo%3D1%26iv_load_policy%3D1%26fs%3D1%26hl%3Des-ES%26autohide%3D2%26wmode%3Dtransparent\n<\/div><\/figure>\n","protected":false},"excerpt":{"rendered":"<p>El asesor de Red Bull, Helmut Marko, finalmente cedi\u00f3 y reconoci\u00f3 que Max Verstappen no podr\u00e1 alcanzar a Oscar Piastri y Lando Norris en la lucha por el campeonato.<\/p>\n","protected":false},"author":0,"featured_media":1010353471,"comment_status":"closed","ping_status":"closed","sticky":false,"template":"","format":"standard","meta":{"42wp_featured_image_caption":"","42wp_featured_image_credits":"","42wp_featured_video":"","42wp_featured_image_hidden":false,"42wp_authors_list":[],"footnotes":""},"categories":[5],"tags":[3099,1710,179,421,1358,378,249,11072,206],"42wp_author":[14240],"class_list":["post-5977","post","type-post","status-publish","format-standard","has-post-thumbnail","hentry","category-f1","tag-budapest","tag-f1-2025","tag-formula-1","tag-gp-de-hungria","tag-helmut-marko","tag-hungaroring","tag-max-verstappen","tag-rb21","tag-red-bull","42wp_author-ignacio-bogado"],"_links":{"self":[{"href":"https:\/\/grandepremio.com\/es\/wp-json\/wp\/v2\/posts\/5977","targetHints":{"allow":["GET"]}}],"collection":[{"href":"https:\/\/grandepremio.com\/es\/wp-json\/wp\/v2\/posts"}],"about":[{"href":"https:\/\/grandepremio.com\/es\/wp-json\/wp\/v2\/types\/post"}],"replies":[{"embeddable":true,"href":"https:\/\/grandepremio.com\/es\/wp-json\/wp\/v2\/comments?post=5977"}],"version-history":[{"count":0,"href":"https:\/\/grandepremio.com\/es\/wp-json\/wp\/v2\/posts\/5977\/revisions"}],"wp:featuredmedia":[{"embeddable":true,"href":"https:\/\/grandepremio.com\/es\/wp-json\/wp\/v2\/media\/1010353471"}],"wp:attachment":[{"href":"https:\/\/grandepremio.com\/es\/wp-json\/wp\/v2\/media?parent=5977"}],"wp:term":[{"taxonomy":"category","embeddable":true,"href":"https:\/\/grandepremio.com\/es\/wp-json\/wp\/v2\/categories?post=5977"},{"taxonomy":"post_tag","embeddable":true,"href":"https:\/\/grandepremio.com\/es\/wp-json\/wp\/v2\/tags?post=5977"},{"taxonomy":"42wp_author","embeddable":true,"href":"https:\/\/grandepremio.com\/es\/wp-json\/wp\/v2\/42wp_author?post=5977"}],"curies":[{"name":"wp","href":"https:\/\/api.w.org\/{rel}","templated":true}]}}