{"id":5978,"date":"2025-08-03T16:21:55","date_gmt":"2025-08-03T19:21:55","guid":{"rendered":"https:\/\/grandepremio.com\/es\/2025\/08\/03\/ferrari-explica-problemas-leclerc-hungria-f1-2025\/"},"modified":"2025-08-03T16:21:59","modified_gmt":"2025-08-03T19:21:59","slug":"ferrari-explica-problemas-leclerc-hungria-f1-2025","status":"publish","type":"post","link":"https:\/\/grandepremio.com\/es\/f1\/ferrari-explica-problemas-leclerc-hungria-f1-2025\/","title":{"rendered":"Chasis y presi\u00f3n de neum\u00e1ticos: Ferrari explica problemas de Leclerc en Hungr\u00eda"},"content":{"rendered":"\n<p class=\"wp-block-paragraph\"><strong>Ferrari<\/strong> so\u00f1aba con su primera victoria de la <strong>temporada 2025<\/strong> en el <strong>Gran Premio de Hungr\u00eda<\/strong> este domingo. <strong>Charles Leclerc<\/strong> parti\u00f3 desde la pole position y lider\u00f3 la primera parte de la carrera, pero de repente perdi\u00f3 ritmo y ni siquiera logr\u00f3 subir al podio. <strong>Fr\u00e9d\u00e9ric Vasseur<\/strong>, director del equipo italiano, afirm\u00f3 que problemas de chasis y presi\u00f3n de los neum\u00e1ticos provocaron la p\u00e9rdida de ritmo del piloto monegasco.<\/p>\n\n\n\n<p class=\"wp-block-paragraph\">Al ser preguntado si la ca\u00edda del rendimiento de Leclerc se deb\u00eda a la presi\u00f3n de los neum\u00e1ticos, Vasseur respondi\u00f3: &#8220;Probablemente&#8221;. Tambi\u00e9n cit\u00f3 el mismo problema que el piloto del #16, quien afirm\u00f3 tener un problema de chasis. &#8220;S\u00ed, tuvimos un problema a partir de la vuelta 40, pero luego ocurri\u00f3 algo porque perdimos 2 segundos. Tenemos que investigarlo&#8221;, declar\u00f3.<\/p>\n\n\n\n<p class=\"wp-block-paragraph\">&#8220;En la primera parte de la carrera, lo ten\u00eda todo bajo control. La diferencia no era tan grande. Perdimos ritmo por completo, pero Charles tuvo un excelente primer stint&#8221;, analiz\u00f3. Antes de la primera parada, el piloto monegasco logr\u00f3 mantenerse por delante de <strong>Oscar Piastri<\/strong>. Entonces, <strong>McLaren<\/strong> par\u00f3 primero y Ferrari tuvo que reaccionar. A partir de entonces, todo fue cuesta abajo para el equipo de <strong>Maranello<\/strong>.<\/p>\n\n\n\n<p class=\"wp-block-paragraph\">\ud83d\udfe5&nbsp;<strong><em>\u00a1Todas las novedades te esperan en el canal de&nbsp;<\/em><\/strong><a href=\"https:\/\/www.youtube.com\/@GrandePremioES\"><em>YouTube<\/em><\/a><strong><em>&nbsp;de Grande Pr\u00eamio en Espa\u00f1ol!<\/em><\/strong>&nbsp;\ud83d\udfe8<\/p>\n\n\n\n<figure class=\"wp-block-image size-full\"><img decoding=\"async\" src=\"https:\/\/grandepremio.com\/es\/wp-content\/uploads\/2025\/07\/240008-ferrari-gp-monaco-2024-prove-libere_e436e101-18b5-4395-8085-7d1ef6ed7979.webp\" alt=\"\" class=\"wp-image-355120\"\/><figcaption class=\"wp-element-caption\">Fr\u00e9d\u00e9ric Vasseur explic\u00f3 los problemas que tuvo Leclerc en la SF-25 en Hungr\u00eda. (Foto: Ferrari)<\/figcaption><\/figure>\n\n\n\n<p class=\"wp-block-paragraph\">\u23e9\u00a0<strong><em>\u00a1Seguinos en redes por\u00a0<\/em><\/strong><a href=\"https:\/\/twitter.com\/grandepremioES\"><em>Twitter\u00a0<\/em><\/a><strong><em>e\u00a0<\/em><\/strong><a href=\"https:\/\/www.instagram.com\/grandepremioes\/\"><em>Instagram!<\/em><\/a><br>\u23e9\u00a0<strong><em>Adem\u00e1s, tenemos nuestro\u00a0<\/em><\/strong><a href=\"https:\/\/whatsapp.com\/channel\/0029VaDZ5zb0gcfDxuwxBM05\"><em>canal de Whatsapp<\/em><\/a><strong><em>\u00a0con toda la informaci\u00f3n al instante<\/em><\/strong>\u00a0\ud83c\udfc1<\/p>\n\n\n\n<p class=\"wp-block-paragraph\"><strong>Lewis Hamilton<\/strong> tuvo otro fin de semana decepcionante, terminando en tan solo 12\u00b0 lugar. &#8220;Al principio, el neum\u00e1tico duro le cost\u00f3 dos posiciones, y a partir de ah\u00ed, se qued\u00f3 atascado en el tren del DRS, y poco pudimos hacer. Ten\u00edamos buen ritmo, pero no pudimos adelantar&#8221;, admiti\u00f3 Fr\u00e9d\u00e9ric.<\/p>\n\n\n\n<p class=\"wp-block-paragraph\">A pesar de la derrota, el director de la escuder\u00eda italiana vio algunos aspectos positivos en Hungr\u00eda: &#8220;Es la primera vez que igualamos el ritmo de McLaren en una carrera, e incluso llegamos a tener 15 segundos de ventaja en un momento dado. Si pierdes 2 segundos de rendimiento, simplemente tienes que sobrevivir&#8221;.<\/p>\n\n\n\n<p class=\"wp-block-paragraph\">Leclerc tambi\u00e9n se quej\u00f3 por radio sobre el uso del mapeo del motor. &#8220;S\u00ed, pero son cosas que dan o quitan una d\u00e9cima, no tiene nada que ver&#8221;, concluy\u00f3 Vasseur.<\/p>\n\n\n\n<p class=\"wp-block-paragraph\">La&nbsp;<strong>F\u00f3rmula 1<\/strong>&nbsp;entra en el receso de verano en&nbsp;<strong>Europa<\/strong>&nbsp;y vuelve entre el 29 y 31 de agosto en&nbsp;<strong>Zandvoort<\/strong>&nbsp;para el&nbsp;<strong>Gran Premio de Pa\u00edses Bajos<\/strong>.<\/p>\n\n\n\n<figure class=\"wp-block-embed is-type-rich is-provider-gestor-del-servicio wp-block-embed-gestor-del-servicio wp-embed-aspect-16-9 wp-has-aspect-ratio\"><div class=\"wp-block-embed__wrapper\">\nhttps:\/\/youtube.com\/watch?v=vL5Cprh8lLs%3Fversion%3D3%26rel%3D1%26showsearch%3D0%26showinfo%3D1%26iv_load_policy%3D1%26fs%3D1%26hl%3Des-ES%26autohide%3D2%26wmode%3Dtransparent\n<\/div><\/figure>\n","protected":false},"excerpt":{"rendered":"<p>El jefe de Ferrari, Fr\u00e9d\u00e9ric Vasseur, coment\u00f3 que los problemas de chasis y presi\u00f3n de los neum\u00e1ticos hicieron que Charles Leclerc perdiera mucho rendimiento en el GP de Hungr\u00eda este domingo.<\/p>\n","protected":false},"author":0,"featured_media":1010356325,"comment_status":"closed","ping_status":"closed","sticky":false,"template":"","format":"standard","meta":{"42wp_featured_image_caption":"","42wp_featured_image_credits":"","42wp_featured_video":"","42wp_featured_image_hidden":false,"42wp_authors_list":[],"footnotes":""},"categories":[5],"tags":[3099,247,1710,185,179,1892,421,378,199,11776],"42wp_author":[14240],"class_list":["post-5978","post","type-post","status-publish","format-standard","has-post-thumbnail","hentry","category-f1","tag-budapest","tag-charles-leclerc","tag-f1-2025","tag-ferrari","tag-formula-1","tag-frederic-vasseur-3","tag-gp-de-hungria","tag-hungaroring","tag-lewis-hamilton","tag-sf-25","42wp_author-ignacio-bogado"],"_links":{"self":[{"href":"https:\/\/grandepremio.com\/es\/wp-json\/wp\/v2\/posts\/5978","targetHints":{"allow":["GET"]}}],"collection":[{"href":"https:\/\/grandepremio.com\/es\/wp-json\/wp\/v2\/posts"}],"about":[{"href":"https:\/\/grandepremio.com\/es\/wp-json\/wp\/v2\/types\/post"}],"replies":[{"embeddable":true,"href":"https:\/\/grandepremio.com\/es\/wp-json\/wp\/v2\/comments?post=5978"}],"version-history":[{"count":0,"href":"https:\/\/grandepremio.com\/es\/wp-json\/wp\/v2\/posts\/5978\/revisions"}],"wp:featuredmedia":[{"embeddable":true,"href":"https:\/\/grandepremio.com\/es\/wp-json\/wp\/v2\/media\/1010356325"}],"wp:attachment":[{"href":"https:\/\/grandepremio.com\/es\/wp-json\/wp\/v2\/media?parent=5978"}],"wp:term":[{"taxonomy":"category","embeddable":true,"href":"https:\/\/grandepremio.com\/es\/wp-json\/wp\/v2\/categories?post=5978"},{"taxonomy":"post_tag","embeddable":true,"href":"https:\/\/grandepremio.com\/es\/wp-json\/wp\/v2\/tags?post=5978"},{"taxonomy":"42wp_author","embeddable":true,"href":"https:\/\/grandepremio.com\/es\/wp-json\/wp\/v2\/42wp_author?post=5978"}],"curies":[{"name":"wp","href":"https:\/\/api.w.org\/{rel}","templated":true}]}}