{"id":5981,"date":"2025-08-03T15:50:12","date_gmt":"2025-08-03T18:50:12","guid":{"rendered":"https:\/\/grandepremio.com\/es\/2025\/08\/03\/mclaren-ve-gp-hungria-casi-perfecto-con-estrategias\/"},"modified":"2025-08-03T15:50:30","modified_gmt":"2025-08-03T18:50:30","slug":"mclaren-ve-gp-hungria-casi-perfecto-con-estrategias","status":"publish","type":"post","link":"https:\/\/grandepremio.com\/es\/f1\/mclaren-ve-gp-hungria-casi-perfecto-con-estrategias\/","title":{"rendered":"\u00abNorris y Piastri est\u00e1n felices\u00bb: McLaren ve GP de Hungr\u00eda \u00abcasi perfecto\u00bb con estrategias"},"content":{"rendered":"\n<p class=\"wp-block-paragraph\">El director ejecutivo de <strong>McLaren<\/strong>, <strong>Zak Brown<\/strong>, elogi\u00f3 a <strong>Lando Norris<\/strong> y <strong>Oscar Piastri<\/strong> despu\u00e9s de que el equipo papaya <a href=\"https:\/\/grandepremio.com\/es\/f1\/lando-norris-victoria-mclaren-franco-colapinto-formula-1-2025\/\">lograra un doblete en el <strong>Gran Premio de Hungr\u00eda<\/strong> este domingo<\/a>, la decimocuarta ronda de la <strong>temporada 2025<\/strong> de <strong>F\u00f3rmula 1<\/strong>. El ejecutivo tambi\u00e9n rest\u00f3 importancia a las diferentes estrategias adoptadas por los pilotos y asegur\u00f3 que todos est\u00e1n satisfechos con la gesti\u00f3n de la carrera por parte del equipo.<\/p>\n\n\n\n<p class=\"wp-block-paragraph\">Si bien el australiano entr\u00f3 en boxes dos veces a lo largo de las 70 vueltas, inicialmente para intentar desplazar a <strong>Charles Leclerc<\/strong>, el brit\u00e1nico termin\u00f3 realizando solo un cambio de neum\u00e1ticos y se benefici\u00f3. Al final, el piloto del <strong>MCL39<\/strong> #4 cruz\u00f3 la meta <strong>0s698<\/strong> por delante de su compa\u00f1ero de equipo, reduciendo la diferencia entre ellos en la clasificaci\u00f3n del <strong>Campeonato Mundial<\/strong>.<\/p>\n\n\n\n<p class=\"wp-block-paragraph\">\ud83d\udfe5&nbsp;<strong><em>\u00a1Todas las novedades te esperan en el canal de&nbsp;<\/em><\/strong><a href=\"https:\/\/www.youtube.com\/@GrandePremioES\"><em>YouTube<\/em><\/a><strong><em>&nbsp;de Grande Pr\u00eamio en Espa\u00f1ol!<\/em><\/strong>&nbsp;\ud83d\udfe8<\/p>\n\n\n\n<figure class=\"wp-block-embed is-type-rich is-provider-gestor-del-servicio wp-block-embed-gestor-del-servicio wp-embed-aspect-16-9 wp-has-aspect-ratio\"><div class=\"wp-block-embed__wrapper\">\nhttps:\/\/youtube.com\/watch?v=vL5Cprh8lLs%3Fversion%3D3%26rel%3D1%26showsearch%3D0%26showinfo%3D1%26iv_load_policy%3D1%26fs%3D1%26hl%3Des-ES%26autohide%3D2%26wmode%3Dtransparent\n<\/div><\/figure>\n\n\n\n<p class=\"wp-block-paragraph\">&#8220;Todos dormir\u00e1n bien esta noche. Una excelente manera de comenzar las vacaciones de verano&#8221;, declar\u00f3 Brown en una entrevista con <em>Sky Sports<\/em>. &#8220;Nunca somos perfectos en una carrera, pero creo que esta fue la vez que m\u00e1s cerca hemos estado de la perfecci\u00f3n. Los pilotos estuvieron incre\u00edbles, las paradas en boxes fueron sensacionales, la estrategia fue excelente para poner a Lando al frente y Oscar condujo de maravilla. No podr\u00eda estar m\u00e1s orgulloso de este equipo&#8221;, continu\u00f3.<\/p>\n\n\n\n<p class=\"wp-block-paragraph\">&#8220;Todo estaba bajo control. Tuve buenas conversaciones con <strong>Andrea<\/strong> [<strong>Stella<\/strong>, jefe de equipo] durante la carrera, fue muy emocionante. Fue una gran carrera&#8221;, a\u00f1adi\u00f3 el estadounidense, quien luego ofreci\u00f3 m\u00e1s explicaciones sobre la t\u00e1ctica empleada por McLaren en <strong>Budapest<\/strong>.<\/p>\n\n\n\n<p class=\"wp-block-paragraph\">&#8220;Con la primera vuelta de Lando, no plane\u00e1bamos una estrategia de una sola parada. No sab\u00edamos si ser\u00eda posible, pero lleg\u00f3 un momento en que decidimos intentarlo. Sab\u00edamos que todo saldr\u00eda bien en las \u00faltimas cinco vueltas, y fue fant\u00e1stico verlos correr con fuerza y limpieza, y ahora ambos est\u00e1n contentos&#8221;, enfatiz\u00f3.<\/p>\n\n\n\n<figure class=\"wp-block-image size-full\"><img decoding=\"async\" src=\"https:\/\/grandepremio.com\/es\/wp-content\/uploads\/..\/gp_br_uploads\/2025\/08\/hungria-2025-f1-corrida-mclaren-oscar-piastri-06.jpg\" alt=\"\" class=\"wp-image-356292\"\/><figcaption class=\"wp-element-caption\">Oscar Piastri finaliz\u00f3 segundo en el GP de Hungr\u00eda (Foto: McLaren)<\/figcaption><\/figure>\n\n\n\n<p class=\"wp-block-paragraph\">\u23e9\u00a0<strong><em>\u00a1Seguinos en redes por\u00a0<\/em><\/strong><a href=\"https:\/\/twitter.com\/grandepremioES\"><em>Twitter\u00a0<\/em><\/a><strong><em>e\u00a0<\/em><\/strong><a href=\"https:\/\/www.instagram.com\/grandepremioes\/\"><em>Instagram!<\/em><\/a><br>\u23e9\u00a0<strong><em>Adem\u00e1s, tenemos nuestro\u00a0<\/em><\/strong><a href=\"https:\/\/whatsapp.com\/channel\/0029VaDZ5zb0gcfDxuwxBM05\"><em>canal de Whatsapp<\/em><\/a><strong><em>\u00a0con toda la informaci\u00f3n al instante<\/em><\/strong>\u00a0\ud83c\udfc1<\/p>\n\n\n\n<p class=\"wp-block-paragraph\">&#8220;Habl\u00e1bamos con Oscar por radio, pregunt\u00e1ndole si quer\u00eda pelear por la posici\u00f3n con Lando o con Charles. Quer\u00eda pelear con Lando, lo cual es comprensible&#8221;, record\u00f3. &#8220;Fueron dos estrategias diferentes las que terminaron chocando, y la cosa no pudo haber estado m\u00e1s re\u00f1ida. Oscar fue m\u00e1s r\u00e1pido al final, pero simplemente no pudo adelantar&#8221;, se\u00f1al\u00f3.<\/p>\n\n\n\n<p class=\"wp-block-paragraph\">&#8220;A diferencia de <strong>Silverstone<\/strong>, donde Oscar estaba claramente decepcionado por no ganar, creo que aqu\u00ed entiende que todos dieron lo mejor de s\u00ed mismos&#8221;, concluy\u00f3.<\/p>\n\n\n\n<p class=\"wp-block-paragraph\">La&nbsp;<strong>F\u00f3rmula 1<\/strong>&nbsp;entra en el receso de verano en&nbsp;<strong>Europa<\/strong>&nbsp;y vuelve entre el 29 y 31 de agosto en&nbsp;<strong>Zandvoort<\/strong>&nbsp;para el&nbsp;<strong>Gran Premio de Pa\u00edses Bajos<\/strong>.<\/p>\n","protected":false},"excerpt":{"rendered":"<p>Pese a las diferentes estrategias de los pilotos, Zak Brown, CEO de McLaren, asegur\u00f3 que todos est\u00e1n satisfechos con el resultado conseguido en Budapest.<\/p>\n","protected":false},"author":0,"featured_media":1010356347,"comment_status":"closed","ping_status":"closed","sticky":false,"template":"","format":"standard","meta":{"42wp_featured_image_caption":"","42wp_featured_image_credits":"","42wp_featured_video":"","42wp_featured_image_hidden":false,"42wp_authors_list":[],"footnotes":""},"categories":[5],"tags":[4497,3099,1710,179,421,378,268,11737,269,278,328],"42wp_author":[14240],"class_list":["post-5981","post","type-post","status-publish","format-standard","has-post-thumbnail","hentry","category-f1","tag-andrea-stella","tag-budapest","tag-f1-2025","tag-formula-1","tag-gp-de-hungria","tag-hungaroring","tag-lando-norris","tag-mcl39","tag-mclaren","tag-oscar-piastri","tag-zak-brown","42wp_author-ignacio-bogado"],"_links":{"self":[{"href":"https:\/\/grandepremio.com\/es\/wp-json\/wp\/v2\/posts\/5981","targetHints":{"allow":["GET"]}}],"collection":[{"href":"https:\/\/grandepremio.com\/es\/wp-json\/wp\/v2\/posts"}],"about":[{"href":"https:\/\/grandepremio.com\/es\/wp-json\/wp\/v2\/types\/post"}],"replies":[{"embeddable":true,"href":"https:\/\/grandepremio.com\/es\/wp-json\/wp\/v2\/comments?post=5981"}],"version-history":[{"count":0,"href":"https:\/\/grandepremio.com\/es\/wp-json\/wp\/v2\/posts\/5981\/revisions"}],"wp:featuredmedia":[{"embeddable":true,"href":"https:\/\/grandepremio.com\/es\/wp-json\/wp\/v2\/media\/1010356347"}],"wp:attachment":[{"href":"https:\/\/grandepremio.com\/es\/wp-json\/wp\/v2\/media?parent=5981"}],"wp:term":[{"taxonomy":"category","embeddable":true,"href":"https:\/\/grandepremio.com\/es\/wp-json\/wp\/v2\/categories?post=5981"},{"taxonomy":"post_tag","embeddable":true,"href":"https:\/\/grandepremio.com\/es\/wp-json\/wp\/v2\/tags?post=5981"},{"taxonomy":"42wp_author","embeddable":true,"href":"https:\/\/grandepremio.com\/es\/wp-json\/wp\/v2\/42wp_author?post=5981"}],"curies":[{"name":"wp","href":"https:\/\/api.w.org\/{rel}","templated":true}]}}