{"id":5985,"date":"2025-08-03T14:37:01","date_gmt":"2025-08-03T17:37:01","guid":{"rendered":"https:\/\/grandepremio.com\/es\/2025\/08\/03\/leclerc-se-disculpa-enojo-estrategia-ferrari-hungria\/"},"modified":"2025-08-03T14:37:04","modified_gmt":"2025-08-03T17:37:04","slug":"leclerc-se-disculpa-enojo-estrategia-ferrari-hungria","status":"publish","type":"post","link":"https:\/\/grandepremio.com\/es\/f1\/leclerc-se-disculpa-enojo-estrategia-ferrari-hungria\/","title":{"rendered":"Leclerc se disculpa por enojo con estrategia de Ferrari en Hungr\u00eda: \u00abEl problema fue el chasis\u00bb"},"content":{"rendered":"\n<p class=\"wp-block-paragraph\"><strong>Charles Leclerc<\/strong> vio c\u00f3mo su lucha por la victoria se reduc\u00eda al cuarto puesto en el <strong>Gran Premio de Hungr\u00eda<\/strong>, celebrado este domingo. El piloto monegasco descendi\u00f3 en la clasificaci\u00f3n y arremeti\u00f3 contra <strong>Ferrari<\/strong>, creyendo que la ca\u00edda de rendimiento se deb\u00eda a la estrategia. Sin embargo, tras la carrera, el piloto #16 se disculp\u00f3 con el equipo al descubrir que el problema estaba en el chasis de la <strong>SF-25<\/strong>.<\/p>\n\n\n\n<p class=\"wp-block-paragraph\"><a href=\"https:\/\/grandepremio.com\/es\/f1\/charles-leclerc-pole-hungria-formula-1-2025\/\">Leclerc consigui\u00f3 la pole position el s\u00e1bado<\/a> y fue un aspirante a la victoria durante gran parte del Gran Premio de Hungr\u00eda. Manteni\u00e9ndose por delante de <strong>Oscar Piastri<\/strong>, Ferrari adopt\u00f3 una estrategia conservadora de dos paradas. <strong>Lando Norris<\/strong>, que no ten\u00eda mucho que perder, <a href=\"https:\/\/grandepremio.com\/es\/f1\/lando-norris-victoria-mclaren-franco-colapinto-formula-1-2025\/\">solo entr\u00f3 en boxes una vez y gan\u00f3 la carrera<\/a>.<\/p>\n\n\n\n<p class=\"wp-block-paragraph\">Tras la segunda parada en boxes, el monegasco perdi\u00f3 ritmo y fue superado f\u00e1cilmente por Piastri y <strong>George Russell<\/strong>. Leclerc cuestion\u00f3 la postura del equipo y expres\u00f3 su descontento por radio, calificando la situaci\u00f3n de &#8220;frustrante&#8221; y afirmando que Ferrari deber\u00eda escuchar m\u00e1s a sus pilotos.<\/p>\n\n\n\n<p class=\"wp-block-paragraph\">Inicialmente, se crey\u00f3 que las cr\u00edticas se dirig\u00edan a la estrategia de dos paradas. Sin embargo, la queja se centr\u00f3 en un &#8220;ajuste agresivo&#8221; del aler\u00f3n delantero durante la parada en boxes.<\/p>\n\n\n\n<p class=\"wp-block-paragraph\">\ud83d\udfe5&nbsp;<strong><em>\u00a1Todas las novedades te esperan en el canal de&nbsp;<\/em><\/strong><a href=\"https:\/\/www.youtube.com\/@GrandePremioES\"><em>YouTube<\/em><\/a><strong><em>&nbsp;de Grande Pr\u00eamio en Espa\u00f1ol!<\/em><\/strong>&nbsp;\ud83d\udfe8<\/p>\n\n\n\n<figure class=\"wp-block-image size-full\"><img decoding=\"async\" src=\"https:\/\/grandepremio.com\/es\/wp-content\/uploads\/..\/gp_br_uploads\/2025\/08\/hungria-2025-f1-corrida-ferrari-charles-leclerc-03.jpg\" alt=\"\" class=\"wp-image-356281\"\/><figcaption class=\"wp-element-caption\">Charles Leclerc se disculp\u00f3 con Ferrari tras criticar la estrategia en Hungr\u00eda. (Foto: Reproducci\u00f3n\/F1)<\/figcaption><\/figure>\n\n\n\n<p class=\"wp-block-paragraph\">\u23e9\u00a0<strong><em>\u00a1Seguinos en redes por\u00a0<\/em><\/strong><a href=\"https:\/\/twitter.com\/grandepremioES\"><em>Twitter\u00a0<\/em><\/a><strong><em>e\u00a0<\/em><\/strong><a href=\"https:\/\/www.instagram.com\/grandepremioes\/\"><em>Instagram!<\/em><\/a><br>\u23e9\u00a0<strong><em>Adem\u00e1s, tenemos nuestro\u00a0<\/em><\/strong><a href=\"https:\/\/whatsapp.com\/channel\/0029VaDZ5zb0gcfDxuwxBM05\"><em>canal de Whatsapp<\/em><\/a><strong><em>\u00a0con toda la informaci\u00f3n al instante<\/em><\/strong>\u00a0\ud83c\udfc1<\/p>\n\n\n\n<p class=\"wp-block-paragraph\">Al salir del coche, Leclerc descubri\u00f3 que la ca\u00edda de rendimiento no se deb\u00eda al ajuste del aler\u00f3n delantero, sino a un problema con el chasis del monoplaza.<\/p>\n\n\n\n<p class=\"wp-block-paragraph\">&#8220;Critiqu\u00e9 al equipo demasiado pronto, pero despu\u00e9s de la carrera comprend\u00ed un poco mejor lo sucedido. Pens\u00e9 que la ca\u00edda de rendimiento estaba relacionada con algo que ya hab\u00edamos hablado, pero lamentablemente se debi\u00f3 a un problema de chasis. As\u00ed que vamos a investigar la causa para que esto no vuelva a suceder&#8221;, declar\u00f3.<\/p>\n\n\n\n<p class=\"wp-block-paragraph\">&#8220;Pero eso no me tranquiliza. Necesitamos analizarlo para que no vuelva a ocurrir, porque el coche estaba inmanejable. Fue un incidente aislado y no creo que vuelva a ocurrir, pero hay que investigarlo. Tuvimos el problema en la vuelta 40 y fue a peor. Es muy frustrante tenerlo todo bajo control, tener el ritmo en el coche para ganar, y luego no llegar a ninguna parte&#8221; concluy\u00f3.<\/p>\n\n\n\n<p class=\"wp-block-paragraph\">La&nbsp;<strong>F\u00f3rmula 1<\/strong>&nbsp;entra en el receso de verano en&nbsp;<strong>Europa<\/strong>&nbsp;y vuelve entre el 29 y 31 de agosto en&nbsp;<strong>Zandvoort<\/strong>&nbsp;para el&nbsp;<strong>Gran Premio de Pa\u00edses Bajos<\/strong>.<\/p>\n\n\n\n<figure class=\"wp-block-embed is-type-video is-provider-youtube wp-block-embed-youtube wp-embed-aspect-16-9 wp-has-aspect-ratio\"><div class=\"wp-block-embed__wrapper\">\n<iframe loading=\"lazy\" title=\"NORRIS GANA Y ALPINE SE DESMORONA EN HUNGR\u00cdA I Briefing\" width=\"500\" height=\"281\" src=\"https:\/\/www.youtube.com\/embed\/vL5Cprh8lLs?feature=oembed\" frameborder=\"0\" allow=\"accelerometer; autoplay; clipboard-write; encrypted-media; gyroscope; picture-in-picture; web-share\" referrerpolicy=\"strict-origin-when-cross-origin\" allowfullscreen><\/iframe>\n<\/div><\/figure>\n","protected":false},"excerpt":{"rendered":"<p>Charles Leclerc luch\u00f3 por la victoria durante gran parte del GP de Hungr\u00eda, pero vio c\u00f3mo su SF-25 perd\u00eda rendimiento en las \u00faltimas vueltas debido a un problema de chasis.<\/p>\n","protected":false},"author":0,"featured_media":1010356040,"comment_status":"closed","ping_status":"closed","sticky":false,"template":"","format":"standard","meta":{"42wp_featured_image_caption":"","42wp_featured_image_credits":"","42wp_featured_video":"","42wp_featured_image_hidden":false,"42wp_authors_list":[],"footnotes":""},"categories":[5],"tags":[3099,247,1710,185,179,253,421,378,269,197,278],"42wp_author":[14240],"class_list":["post-5985","post","type-post","status-publish","format-standard","has-post-thumbnail","hentry","category-f1","tag-budapest","tag-charles-leclerc","tag-f1-2025","tag-ferrari","tag-formula-1","tag-george-russell","tag-gp-de-hungria","tag-hungaroring","tag-mclaren","tag-mercedes","tag-oscar-piastri","42wp_author-ignacio-bogado"],"_links":{"self":[{"href":"https:\/\/grandepremio.com\/es\/wp-json\/wp\/v2\/posts\/5985","targetHints":{"allow":["GET"]}}],"collection":[{"href":"https:\/\/grandepremio.com\/es\/wp-json\/wp\/v2\/posts"}],"about":[{"href":"https:\/\/grandepremio.com\/es\/wp-json\/wp\/v2\/types\/post"}],"replies":[{"embeddable":true,"href":"https:\/\/grandepremio.com\/es\/wp-json\/wp\/v2\/comments?post=5985"}],"version-history":[{"count":0,"href":"https:\/\/grandepremio.com\/es\/wp-json\/wp\/v2\/posts\/5985\/revisions"}],"wp:featuredmedia":[{"embeddable":true,"href":"https:\/\/grandepremio.com\/es\/wp-json\/wp\/v2\/media\/1010356040"}],"wp:attachment":[{"href":"https:\/\/grandepremio.com\/es\/wp-json\/wp\/v2\/media?parent=5985"}],"wp:term":[{"taxonomy":"category","embeddable":true,"href":"https:\/\/grandepremio.com\/es\/wp-json\/wp\/v2\/categories?post=5985"},{"taxonomy":"post_tag","embeddable":true,"href":"https:\/\/grandepremio.com\/es\/wp-json\/wp\/v2\/tags?post=5985"},{"taxonomy":"42wp_author","embeddable":true,"href":"https:\/\/grandepremio.com\/es\/wp-json\/wp\/v2\/42wp_author?post=5985"}],"curies":[{"name":"wp","href":"https:\/\/api.w.org\/{rel}","templated":true}]}}