{"id":5996,"date":"2025-08-02T17:39:36","date_gmt":"2025-08-02T20:39:36","guid":{"rendered":"https:\/\/grandepremio.com\/es\/2025\/08\/02\/alpine-felicita-colapinto-14-lugar-largada-hungria-f1-2025\/"},"modified":"2025-08-02T17:39:41","modified_gmt":"2025-08-02T20:39:41","slug":"alpine-felicita-colapinto-14-lugar-largada-hungria-f1-2025","status":"publish","type":"post","link":"https:\/\/grandepremio.com\/es\/f1\/alpine-felicita-colapinto-14-lugar-largada-hungria-f1-2025\/","title":{"rendered":"Alpine felicita a Colapinto por 14\u00b0 lugar de largada en Hungr\u00eda: \u00abGran paso adelante\u00bb"},"content":{"rendered":"\n<p class=\"wp-block-paragraph\"><strong>Alpine<\/strong> mostr\u00f3 un destello de recuperaci\u00f3n el s\u00e1bado en la clasificaci\u00f3n del <strong>Gran Premio de Hungr\u00eda<\/strong> de <strong>F\u00f3rmula 1<\/strong>. Aunque <strong>Pierre Gasly<\/strong> qued\u00f3 eliminado en la Q1, <strong>Franco Colapinto<\/strong> logr\u00f3 avanzar a la Q2 y finalizar 14\u00b0 para la carrera en <strong>Budapest<\/strong>. El jefe interino, <strong>Flavio Briatore<\/strong>, destac\u00f3 al argentino y espera lluvia el domingo para intentar avanzar.<\/p>\n\n\n\n<p class=\"wp-block-paragraph\">El pilarense venci\u00f3 por segunda vez en la <strong>temporada 2025<\/strong> a su compa\u00f1ero en clasificaci\u00f3n en el <strong>Hungaroring<\/strong> y la eliminaci\u00f3n del franc\u00e9s en el primer corte clasificatorio tom\u00f3 por sorpresa al directivo.<\/p>\n\n\n\n<p class=\"wp-block-paragraph\">\u00abUna sesi\u00f3n dif\u00edcil hoy, con un auto por debajo de nuestras expectativas. Ambos pilotos tuvieron dificultades similares, y no es com\u00fan ver a Pierre quedar eliminado en Q1\u00bb, declar\u00f3 Briatore en el reporte oficial de la escuder\u00eda de <strong>Enstone<\/strong>.<\/p>\n\n\n\n<p class=\"wp-block-paragraph\">De todas formas, reconoci\u00f3 el trabajo de Colapinto para llevar al <strong>A525<\/strong> al decimocuarto lugar de partida en el circuito h\u00fangaro, en donde la posici\u00f3n de largada cobra importancia debido a la dificultad de adelantar en pista.<\/p>\n\n\n\n<p class=\"wp-block-paragraph\">\ud83d\udfe5&nbsp;<strong><em>\u00a1Todas las novedades te esperan en el canal de&nbsp;<\/em><\/strong><a href=\"https:\/\/www.youtube.com\/@GrandePremioES\"><em>YouTube<\/em><\/a><strong><em>&nbsp;de Grande Pr\u00eamio en Espa\u00f1ol!<\/em><\/strong>&nbsp;\ud83d\udfe8<\/p>\n\n\n\n<figure class=\"wp-block-image size-large\"><img decoding=\"async\" src=\"https:\/\/grandepremio.com\/es\/wp-content\/uploads\/2025\/08\/GxV4HRYWAAAxvqe-1024x683.jpeg\" alt=\"\" class=\"wp-image-356191\"\/><figcaption class=\"wp-element-caption\">Flavio Briatore dijo que Colapinto \u00abdio un gran paso adelante\u00bb en la clasificaci\u00f3n de Hungr\u00eda. (Foto: Alpine)<\/figcaption><\/figure>\n\n\n\n<p class=\"wp-block-paragraph\">\u23e9\u00a0<strong><em>\u00a1Seguinos en redes por\u00a0<\/em><\/strong><a href=\"https:\/\/twitter.com\/grandepremioES\"><em>Twitter\u00a0<\/em><\/a><strong><em>e\u00a0<\/em><\/strong><a href=\"https:\/\/www.instagram.com\/grandepremioes\/\"><em>Instagram!<\/em><\/a><br>\u23e9\u00a0<strong><em>Adem\u00e1s, tenemos nuestro\u00a0<\/em><\/strong><a href=\"https:\/\/whatsapp.com\/channel\/0029VaDZ5zb0gcfDxuwxBM05\"><em>canal de Whatsapp<\/em><\/a><strong><em>\u00a0con toda la informaci\u00f3n al instante<\/em><\/strong>\u00a0\ud83c\udfc1<\/p>\n\n\n\n<p class=\"wp-block-paragraph\">\u00abFelicitaciones a Franco, que dio un gran paso adelante en cuanto a rendimiento, logrando esta vez meterse en Q2\u00bb, coment\u00f3.<\/p>\n\n\n\n<p class=\"wp-block-paragraph\">\u00abTenemos que seguir haciendo m\u00e1s con el paquete que tenemos si queremos tener una oportunidad de pelear regularmente por los puntos\u00bb, enfatiz\u00f3 Flavio, dados los problemas del monoplaza en todo tipo de pistas, sin importar las caracter\u00edsticas de los circuitos.<\/p>\n\n\n\n<p class=\"wp-block-paragraph\">Finalmente, el directivo remarc\u00f3 la dificultad de lograr un buen resultado en el cerrado circuito de Hungr\u00eda, pero la previsi\u00f3n de lluvia podr\u00eda traer incidencias que favorezcan al equipo.<\/p>\n\n\n\n<p class=\"wp-block-paragraph\">\u00abObviamente va a ser complicado ma\u00f1ana largando desde el 14\u00b0 y 17\u00b0 lugar, y veremos c\u00f3mo se desarrolla todo. El pron\u00f3stico del clima para el domingo es incierto. Estaremos preparados para todos los escenarios, pero un poco de lluvia podr\u00eda ayudarnos\u00bb, finaliz\u00f3.<\/p>\n\n\n\n<p class=\"wp-block-paragraph\">La&nbsp;<strong>F\u00f3rmula 1<\/strong>&nbsp;disputa este fin de semana el&nbsp;<strong>Gran Premio de Hungr\u00eda<\/strong>, el 14\u00b0 de la&nbsp;<strong>temporada 2025<\/strong>, en el&nbsp;<strong>Hungaroring<\/strong>.<\/p>\n\n\n\n<figure class=\"wp-block-embed is-type-rich is-provider-gestor-del-servicio wp-block-embed-gestor-del-servicio wp-embed-aspect-16-9 wp-has-aspect-ratio\"><div class=\"wp-block-embed__wrapper\">\nhttps:\/\/youtube.com\/watch?v=sO3bV8QZiWE%3Fversion%3D3%26rel%3D1%26showsearch%3D0%26showinfo%3D1%26iv_load_policy%3D1%26fs%3D1%26hl%3Des-ES%26autohide%3D2%26wmode%3Dtransparent\n<\/div><\/figure>\n","protected":false},"excerpt":{"rendered":"<p>Flavio Briatore, asesor y jefe interino de Alpine, remarc\u00f3 el trabajo de Franco Colapinto para avanzar a la Q2 y lograr el 14\u00b0 puesto. Por otro lado, se mostr\u00f3 sorprendido por la eliminaci\u00f3n de Pierre Gasly en Q1 en Budapest.<\/p>\n","protected":false},"author":0,"featured_media":1010356192,"comment_status":"closed","ping_status":"closed","sticky":false,"template":"","format":"standard","meta":{"42wp_featured_image_caption":"","42wp_featured_image_credits":"","42wp_featured_video":"","42wp_featured_image_hidden":false,"42wp_authors_list":[],"footnotes":""},"categories":[5],"tags":[11783,678,3099,1710,2326,179,814,421,378,427],"42wp_author":[14240],"class_list":["post-5996","post","type-post","status-publish","format-standard","has-post-thumbnail","hentry","category-f1","tag-a525","tag-alpine","tag-budapest","tag-f1-2025","tag-flavio-briatore","tag-formula-1","tag-franco-colapinto","tag-gp-de-hungria","tag-hungaroring","tag-pierre-gasly","42wp_author-ignacio-bogado"],"_links":{"self":[{"href":"https:\/\/grandepremio.com\/es\/wp-json\/wp\/v2\/posts\/5996","targetHints":{"allow":["GET"]}}],"collection":[{"href":"https:\/\/grandepremio.com\/es\/wp-json\/wp\/v2\/posts"}],"about":[{"href":"https:\/\/grandepremio.com\/es\/wp-json\/wp\/v2\/types\/post"}],"replies":[{"embeddable":true,"href":"https:\/\/grandepremio.com\/es\/wp-json\/wp\/v2\/comments?post=5996"}],"version-history":[{"count":0,"href":"https:\/\/grandepremio.com\/es\/wp-json\/wp\/v2\/posts\/5996\/revisions"}],"wp:featuredmedia":[{"embeddable":true,"href":"https:\/\/grandepremio.com\/es\/wp-json\/wp\/v2\/media\/1010356192"}],"wp:attachment":[{"href":"https:\/\/grandepremio.com\/es\/wp-json\/wp\/v2\/media?parent=5996"}],"wp:term":[{"taxonomy":"category","embeddable":true,"href":"https:\/\/grandepremio.com\/es\/wp-json\/wp\/v2\/categories?post=5996"},{"taxonomy":"post_tag","embeddable":true,"href":"https:\/\/grandepremio.com\/es\/wp-json\/wp\/v2\/tags?post=5996"},{"taxonomy":"42wp_author","embeddable":true,"href":"https:\/\/grandepremio.com\/es\/wp-json\/wp\/v2\/42wp_author?post=5996"}],"curies":[{"name":"wp","href":"https:\/\/api.w.org\/{rel}","templated":true}]}}