{"id":6005,"date":"2025-08-02T14:39:34","date_gmt":"2025-08-02T17:39:34","guid":{"rendered":"https:\/\/grandepremio.com\/es\/2025\/08\/02\/verstappen-lamenta-red-bull-sin-ritmo-hungria-dice-estar-feliz-llegar-q3\/"},"modified":"2025-08-02T14:39:37","modified_gmt":"2025-08-02T17:39:37","slug":"verstappen-lamenta-red-bull-sin-ritmo-hungria-dice-estar-feliz-llegar-q3","status":"publish","type":"post","link":"https:\/\/grandepremio.com\/es\/f1\/verstappen-lamenta-red-bull-sin-ritmo-hungria-dice-estar-feliz-llegar-q3\/","title":{"rendered":"Verstappen lamenta Red Bull \u00absin ritmo\u00bb en Hungr\u00eda, pero dice estar \u00abfeliz de llegar a Q3\u00bb"},"content":{"rendered":"\n<p class=\"wp-block-paragraph\"><strong>Red Bull<\/strong> tuvo dificultades para encontrar su ritmo en <strong>Hungr\u00eda<\/strong> durante todo el fin de semana, y <strong>Max Verstappen<\/strong> solo logr\u00f3 el octavo mejor tiempo en la clasificaci\u00f3n del s\u00e1bado. El cuatro veces campe\u00f3n del mundo enfatiz\u00f3 que su coche sigue sufriendo los mismos problemas que el viernes: falta de ritmo, agarre y equilibrio. Pero se mostr\u00f3 contento de estar en la Q3, tras haber tenido dificultades para llegar al top 10.<\/p>\n\n\n\n<p class=\"wp-block-paragraph\">El neerland\u00e9s qued\u00f3 a 0s4 del tiempo de la <a href=\"https:\/\/grandepremio.com\/es\/f1\/charles-leclerc-pole-hungria-formula-1-2025\/\">pole position de <strong>Charles Leclerc<\/strong><\/a> y saldr\u00e1 en la misma fila que <strong>Gabriel Bortoleto<\/strong>, quien logr\u00f3 la mejor posici\u00f3n de salida de su carrera con un s\u00e9ptimo puesto en <strong>Hungaroring<\/strong>.<\/p>\n\n\n\n<p class=\"wp-block-paragraph\">\ud83d\udfe5&nbsp;<strong><em>\u00a1Todas las novedades te esperan en el canal de&nbsp;<\/em><\/strong><a href=\"https:\/\/www.youtube.com\/@GrandePremioES\"><em>YouTube<\/em><\/a><strong><em>&nbsp;de Grande Pr\u00eamio en Espa\u00f1ol!<\/em><\/strong>&nbsp;\ud83d\udfe8<\/p>\n\n\n\n<figure class=\"wp-block-image size-full\"><img decoding=\"async\" src=\"https:\/\/grandepremio.com\/es\/wp-content\/uploads\/..\/gp_br_uploads\/2025\/08\/hungria-2025-f1-classificacao-red-bull-max-verstappen-03.jpg\" alt=\"\" class=\"wp-image-356076\"\/><figcaption class=\"wp-element-caption\">Max Verstappen lament\u00f3 la falta de ritmo del RB21 en Hungr\u00eda. (Foto: Red Bull Content Pool)<\/figcaption><\/figure>\n\n\n\n<p class=\"wp-block-paragraph\">\u23e9\u00a0<strong><em>\u00a1Seguinos en redes por\u00a0<\/em><\/strong><a href=\"https:\/\/twitter.com\/grandepremioES\"><em>Twitter\u00a0<\/em><\/a><strong><em>e\u00a0<\/em><\/strong><a href=\"https:\/\/www.instagram.com\/grandepremioes\/\"><em>Instagram!<\/em><\/a><br>\u23e9\u00a0<strong><em>Adem\u00e1s, tenemos nuestro\u00a0<\/em><\/strong><a href=\"https:\/\/whatsapp.com\/channel\/0029VaDZ5zb0gcfDxuwxBM05\"><em>canal de Whatsapp<\/em><\/a><strong><em>\u00a0con toda la informaci\u00f3n al instante<\/em><\/strong>\u00a0\ud83c\udfc1<\/p>\n\n\n\n<p class=\"wp-block-paragraph\">&#8220;Es como ayer; no tengo ritmo, ni agarre, ni equilibrio, y no hubo una vuelta en la que me sintiera mejor&#8221;, lament\u00f3 el piloto #1.<\/p>\n\n\n\n<p class=\"wp-block-paragraph\">&#8220;En cierto modo, ya estoy contento de estar en la Q3, porque he estado fuera del top 10 todo el fin de semana&#8221;, admiti\u00f3.<\/p>\n\n\n\n<p class=\"wp-block-paragraph\">&#8220;Intentamos maximizar todo lo que pudimos, pero no tenemos el agarre&#8221;, concluy\u00f3.<\/p>\n\n\n\n<p class=\"wp-block-paragraph\">La&nbsp;<strong>F\u00f3rmula 1<\/strong>&nbsp;disputa este fin de semana el&nbsp;<strong>Gran Premio de Hungr\u00eda<\/strong>, el 14\u00b0 de la&nbsp;<strong>temporada 2025<\/strong>, en el&nbsp;<strong>Hungaroring<\/strong>.<\/p>\n\n\n\n<figure class=\"wp-block-embed is-type-rich is-provider-gestor-del-servicio wp-block-embed-gestor-del-servicio wp-embed-aspect-16-9 wp-has-aspect-ratio\"><div class=\"wp-block-embed__wrapper\">\nhttps:\/\/youtube.com\/watch?v=sO3bV8QZiWE%3Fversion%3D3%26rel%3D1%26showsearch%3D0%26showinfo%3D1%26iv_load_policy%3D1%26fs%3D1%26hl%3Des-ES%26autohide%3D2%26wmode%3Dtransparent\n<\/div><\/figure>\n","protected":false},"excerpt":{"rendered":"<p>Max Verstappen comenzar\u00e1 el Gran Premio de Hungr\u00eda en octavo lugar. El cuatro veces campe\u00f3n coment\u00f3 que a Red Bull a\u00fan le falta ritmo y agarre, pero se muestra contento de estar en la Q3, tras haber tenido dificultades para estar entre los 10 primeros durante todo el fin de semana.<\/p>\n","protected":false},"author":0,"featured_media":1010356078,"comment_status":"closed","ping_status":"closed","sticky":false,"template":"","format":"standard","meta":{"42wp_featured_image_caption":"","42wp_featured_image_credits":"","42wp_featured_video":"","42wp_featured_image_hidden":false,"42wp_authors_list":[],"footnotes":""},"categories":[5],"tags":[3099,1710,179,421,378,249,206],"42wp_author":[14240],"class_list":["post-6005","post","type-post","status-publish","format-standard","has-post-thumbnail","hentry","category-f1","tag-budapest","tag-f1-2025","tag-formula-1","tag-gp-de-hungria","tag-hungaroring","tag-max-verstappen","tag-red-bull","42wp_author-ignacio-bogado"],"_links":{"self":[{"href":"https:\/\/grandepremio.com\/es\/wp-json\/wp\/v2\/posts\/6005","targetHints":{"allow":["GET"]}}],"collection":[{"href":"https:\/\/grandepremio.com\/es\/wp-json\/wp\/v2\/posts"}],"about":[{"href":"https:\/\/grandepremio.com\/es\/wp-json\/wp\/v2\/types\/post"}],"replies":[{"embeddable":true,"href":"https:\/\/grandepremio.com\/es\/wp-json\/wp\/v2\/comments?post=6005"}],"version-history":[{"count":0,"href":"https:\/\/grandepremio.com\/es\/wp-json\/wp\/v2\/posts\/6005\/revisions"}],"wp:featuredmedia":[{"embeddable":true,"href":"https:\/\/grandepremio.com\/es\/wp-json\/wp\/v2\/media\/1010356078"}],"wp:attachment":[{"href":"https:\/\/grandepremio.com\/es\/wp-json\/wp\/v2\/media?parent=6005"}],"wp:term":[{"taxonomy":"category","embeddable":true,"href":"https:\/\/grandepremio.com\/es\/wp-json\/wp\/v2\/categories?post=6005"},{"taxonomy":"post_tag","embeddable":true,"href":"https:\/\/grandepremio.com\/es\/wp-json\/wp\/v2\/tags?post=6005"},{"taxonomy":"42wp_author","embeddable":true,"href":"https:\/\/grandepremio.com\/es\/wp-json\/wp\/v2\/42wp_author?post=6005"}],"curies":[{"name":"wp","href":"https:\/\/api.w.org\/{rel}","templated":true}]}}