{"id":6021,"date":"2025-08-01T18:34:52","date_gmt":"2025-08-01T21:34:52","guid":{"rendered":"https:\/\/grandepremio.com\/es\/2025\/08\/01\/red-bull-admite-viernes-dificil-hungria-f1-2025\/"},"modified":"2025-08-01T18:34:55","modified_gmt":"2025-08-01T21:34:55","slug":"red-bull-admite-viernes-dificil-hungria-f1-2025","status":"publish","type":"post","link":"https:\/\/grandepremio.com\/es\/f1\/red-bull-admite-viernes-dificil-hungria-f1-2025\/","title":{"rendered":"Red Bull admite \u00abviernes dif\u00edcil\u00bb en Hungr\u00eda y dice: \u00abNo somos competitivos\u00bb"},"content":{"rendered":"\n<p class=\"wp-block-paragraph\">El viernes del <strong>Gran Premio de Hungr\u00eda<\/strong> fue bastante complicado para <strong>Red Bull<\/strong>, que termin\u00f3 noveno en los entrenamientos libres. En la FP1, fue el turno de <strong>Max Verstappen<\/strong>, mientras que en la FP2, Yuki Tsunoda termin\u00f3 noveno, la primera vez desde su ascenso al equipo principal que supera al tetracampe\u00f3n. <strong>Pierre Wach\u00e9<\/strong>, director t\u00e9cnico del equipo, admiti\u00f3 que el coche no es lo suficientemente competitivo y que nada responde como deber\u00eda.<\/p>\n\n\n\n<p class=\"wp-block-paragraph\">La falta de ritmo del <strong>RB21<\/strong> en <strong>Budapest<\/strong> es evidente: en ambas sesiones, el equipo austr\u00edaco se qued\u00f3 a 0s8 de <strong>McLaren<\/strong>, que volvi\u00f3 a liderar c\u00f3modamente. En la FP2, Verstappen termin\u00f3 tan solo 14\u00b0, a 1s1 de <strong>Lando Norris<\/strong>. El neerland\u00e9s tambi\u00e9n recibi\u00f3 una advertencia por tirar una toalla en medio de la pista.<\/p>\n\n\n\n<p class=\"wp-block-paragraph\">\ud83d\udfe5&nbsp;<strong><em>\u00a1Todas las novedades te esperan en el canal de&nbsp;<\/em><\/strong><a href=\"https:\/\/www.youtube.com\/@GrandePremioES\"><em>YouTube<\/em><\/a><strong><em>&nbsp;de Grande Pr\u00eamio en Espa\u00f1ol!<\/em><\/strong>&nbsp;\ud83d\udfe8<\/p>\n\n\n\n<figure class=\"wp-block-image size-full\"><img decoding=\"async\" src=\"https:\/\/grandepremio.com\/es\/wp-content\/uploads\/..\/gp_br_uploads\/2025\/08\/hungria-2025-f1-treinos-livres-red-bull-yuki-tsunoda-01-1.jpg\" alt=\"\" class=\"wp-image-355742\"\/><figcaption class=\"wp-element-caption\">Yuki Tsunoda fue la referencia de Red Bull en la FP2 con un 9\u00b0 puesto en Hungr\u00eda. (Foto: Red Bull Content Pool)<\/figcaption><\/figure>\n\n\n\n<p class=\"wp-block-paragraph\">\u23e9\u00a0<strong><em>\u00a1Seguinos en redes por\u00a0<\/em><\/strong><a href=\"https:\/\/twitter.com\/grandepremioES\"><em>Twitter\u00a0<\/em><\/a><strong><em>e\u00a0<\/em><\/strong><a href=\"https:\/\/www.instagram.com\/grandepremioes\/\"><em>Instagram!<\/em><\/a><br>\u23e9\u00a0<strong><em>Adem\u00e1s, tenemos nuestro\u00a0<\/em><\/strong><a href=\"https:\/\/whatsapp.com\/channel\/0029VaDZ5zb0gcfDxuwxBM05\"><em>canal de Whatsapp<\/em><\/a><strong><em>\u00a0con toda la informaci\u00f3n al instante<\/em><\/strong>\u00a0\ud83c\udfc1<\/p>\n\n\n\n<p class=\"wp-block-paragraph\">\u00abHa sido un d\u00eda muy dif\u00edcil para nosotros hoy, el coche no se est\u00e1 comportando como esper\u00e1bamos\u00bb, comenz\u00f3. \u00abHemos realizado pruebas durante ambas sesiones, y nada responde como deber\u00eda\u00bb, continu\u00f3.<\/p>\n\n\n\n<p class=\"wp-block-paragraph\">\u00abEsta noche y antes de los entrenamientos libres de ma\u00f1ana, tenemos que analizar todas las pruebas que hemos realizado\u00bb, enfatiz\u00f3.<\/p>\n\n\n\n<p class=\"wp-block-paragraph\">\u00abNo somos lo suficientemente competitivos ahora mismo, as\u00ed que hay mucho trabajo por hacer, y esperamos encontrar buenas soluciones para ma\u00f1ana\u00bb, concluy\u00f3.<\/p>\n\n\n\n<p class=\"wp-block-paragraph\">La&nbsp;<strong>F\u00f3rmula 1<\/strong>&nbsp;disputa este fin de semana el&nbsp;<strong>Gran Premio de Hungr\u00eda<\/strong>, el 14\u00b0 de la&nbsp;<strong>temporada 2025<\/strong>, en el&nbsp;<strong>Hungaroring<\/strong>.<\/p>\n\n\n\n<figure class=\"wp-block-embed is-type-rich is-provider-gestor-del-servicio wp-block-embed-gestor-del-servicio wp-embed-aspect-16-9 wp-has-aspect-ratio\"><div class=\"wp-block-embed__wrapper\">\nhttps:\/\/youtube.com\/watch?v=sO3bV8QZiWE%3Fversion%3D3%26rel%3D1%26showsearch%3D0%26showinfo%3D1%26iv_load_policy%3D1%26fs%3D1%26hl%3Des-ES%26autohide%3D2%26wmode%3Dtransparent\n<\/div><\/figure>\n","protected":false},"excerpt":{"rendered":"<p>Pierre Wach\u00e9, director t\u00e9cnico de Red Bull, admiti\u00f3 que el coche no es lo suficientemente competitivo en el Hungaroring. En las sesiones del viernes, Max Verstappen fue 9\u00b0 en la FP1 y 14\u00b0 en la FP2. Yuki Tsunoda, por su parte, termin\u00f3 la primera pr\u00e1ctica en 17\u00b0 lugar y termin\u00f3 el d\u00eda en 9\u00b0.<\/p>\n","protected":false},"author":0,"featured_media":1010355489,"comment_status":"closed","ping_status":"closed","sticky":false,"template":"","format":"standard","meta":{"42wp_featured_image_caption":"","42wp_featured_image_credits":"","42wp_featured_video":"","42wp_featured_image_hidden":false,"42wp_authors_list":[],"footnotes":""},"categories":[5],"tags":[3099,1710,179,421,378,249,4449,11072,206,368],"42wp_author":[14240],"class_list":["post-6021","post","type-post","status-publish","format-standard","has-post-thumbnail","hentry","category-f1","tag-budapest","tag-f1-2025","tag-formula-1","tag-gp-de-hungria","tag-hungaroring","tag-max-verstappen","tag-pierre-wache","tag-rb21","tag-red-bull","tag-yuki-tsunoda","42wp_author-ignacio-bogado"],"_links":{"self":[{"href":"https:\/\/grandepremio.com\/es\/wp-json\/wp\/v2\/posts\/6021","targetHints":{"allow":["GET"]}}],"collection":[{"href":"https:\/\/grandepremio.com\/es\/wp-json\/wp\/v2\/posts"}],"about":[{"href":"https:\/\/grandepremio.com\/es\/wp-json\/wp\/v2\/types\/post"}],"replies":[{"embeddable":true,"href":"https:\/\/grandepremio.com\/es\/wp-json\/wp\/v2\/comments?post=6021"}],"version-history":[{"count":0,"href":"https:\/\/grandepremio.com\/es\/wp-json\/wp\/v2\/posts\/6021\/revisions"}],"wp:featuredmedia":[{"embeddable":true,"href":"https:\/\/grandepremio.com\/es\/wp-json\/wp\/v2\/media\/1010355489"}],"wp:attachment":[{"href":"https:\/\/grandepremio.com\/es\/wp-json\/wp\/v2\/media?parent=6021"}],"wp:term":[{"taxonomy":"category","embeddable":true,"href":"https:\/\/grandepremio.com\/es\/wp-json\/wp\/v2\/categories?post=6021"},{"taxonomy":"post_tag","embeddable":true,"href":"https:\/\/grandepremio.com\/es\/wp-json\/wp\/v2\/tags?post=6021"},{"taxonomy":"42wp_author","embeddable":true,"href":"https:\/\/grandepremio.com\/es\/wp-json\/wp\/v2\/42wp_author?post=6021"}],"curies":[{"name":"wp","href":"https:\/\/api.w.org\/{rel}","templated":true}]}}