{"id":6023,"date":"2025-08-01T18:00:55","date_gmt":"2025-08-01T21:00:55","guid":{"rendered":"https:\/\/grandepremio.com\/es\/2025\/08\/01\/ferrari-ve-ritmo-fuerte-hungria-pero-se-muestra-cauto-f1-2025\/"},"modified":"2025-08-01T18:00:59","modified_gmt":"2025-08-01T21:00:59","slug":"ferrari-ve-ritmo-fuerte-hungria-pero-se-muestra-cauto-f1-2025","status":"publish","type":"post","link":"https:\/\/grandepremio.com\/es\/f1\/ferrari-ve-ritmo-fuerte-hungria-pero-se-muestra-cauto-f1-2025\/","title":{"rendered":"Ferrari ve \u00abritmo fuerte\u00bb en Hungr\u00eda, pero se muestra cauto: \u00abA\u00fan es viernes\u00bb"},"content":{"rendered":"\n<p class=\"wp-block-paragraph\"><strong>Ferrari<\/strong> fue el que m\u00e1s se acerc\u00f3 a <strong>McLaren<\/strong> en los entrenamientos libres del <strong>Gran Premio de Hungr\u00eda<\/strong>, celebrado este viernes, con <strong>Charles Leclerc<\/strong> terminando tercero en ambas sesiones. <strong>Fr\u00e9d\u00e9ric Vasseur<\/strong>, <a href=\"https:\/\/grandepremio.com\/es\/f1\/ferrari-jefe-de-equipo-frederic-vasseur-renovacion-contrato-continuidad-f1-2025\/\">quien renov\u00f3 su contrato con el equipo italiano<\/a>, valor\u00f3 positivamente la jornada, pero enfatiz\u00f3 que el fin de semana apenas comienza.<\/p>\n\n\n\n<p class=\"wp-block-paragraph\">\u00abCharles, <strong>Lando [Norris]<\/strong> y <strong>Oscar [Piastri]<\/strong> siempre estuvieron entre los tres primeros\u00bb, comenz\u00f3 Vasseur. \u00abLeclerc fue consistente en la vuelta r\u00e1pida y en la simulaci\u00f3n de carrera, pero a\u00fan es viernes. Necesitamos comprender los niveles de combustible, el motor y c\u00f3mo mejorar\u00e1 cada uno. La clasificaci\u00f3n, obviamente, nos dar\u00e1 una idea m\u00e1s clara del orden de fuerzas este fin de semana\u00bb, continu\u00f3.<\/p>\n\n\n\n<p class=\"wp-block-paragraph\">Seg\u00fan los resultados de los entrenamientos libres, Ferrari est\u00e1 solo por detr\u00e1s de McLaren, pero Fr\u00e9d\u00e9ric se mostr\u00f3 cauteloso. \u00abNo s\u00e9 si esta es la direcci\u00f3n correcta, pero por ahora, lo estamos haciendo bien\u00bb, se\u00f1al\u00f3.<\/p>\n\n\n\n<p class=\"wp-block-paragraph\"><strong>Lewis Hamilton<\/strong> tuvo algunas dificultades en <strong>Budapest<\/strong>. Termin\u00f3 quinto en la FP1 y sexto en la FP2, con tiempos no tan cercanos a los del monegasco. \u00abTodav\u00eda se est\u00e1 adaptando al nuevo aler\u00f3n e intentando optimizar el equilibrio, pero tambi\u00e9n mostr\u00f3 un buen ritmo en la simulaci\u00f3n de carrera con neum\u00e1ticos blandos. Fue una prueba \u00fatil para \u00e9l y para el equipo\u00bb, explic\u00f3 el director del equipo.<\/p>\n\n\n\n<p class=\"wp-block-paragraph\">\ud83d\udfe5&nbsp;<strong><em>\u00a1Todas las novedades te esperan en el canal de&nbsp;<\/em><\/strong><a href=\"https:\/\/www.youtube.com\/@GrandePremioES\"><em>YouTube<\/em><\/a><strong><em>&nbsp;de Grande Pr\u00eamio en Espa\u00f1ol!<\/em><\/strong>&nbsp;\ud83d\udfe8<\/p>\n\n\n\n<figure class=\"wp-block-image size-full\"><img decoding=\"async\" src=\"https:\/\/grandepremio.com\/es\/wp-content\/uploads\/..\/gp_br_uploads\/2025\/08\/hungria-2025-f1-treinos-livres-ferrari-charles-leclerc-afp-03.jpg\" alt=\"\" class=\"wp-image-355623\"\/><figcaption class=\"wp-element-caption\">Fr\u00e9d\u00e9ric Vasseur valor\u00f3 el resultado del viernes pero advierte que el fin de semana apenas empieza en Hungr\u00eda. (Foto: AFP)<\/figcaption><\/figure>\n\n\n\n<p class=\"wp-block-paragraph\">\u23e9\u00a0<strong><em>\u00a1Seguinos en redes por\u00a0<\/em><\/strong><a href=\"https:\/\/twitter.com\/grandepremioES\"><em>Twitter\u00a0<\/em><\/a><strong><em>e\u00a0<\/em><\/strong><a href=\"https:\/\/www.instagram.com\/grandepremioes\/\"><em>Instagram!<\/em><\/a><br>\u23e9\u00a0<strong><em>Adem\u00e1s, tenemos nuestro\u00a0<\/em><\/strong><a href=\"https:\/\/whatsapp.com\/channel\/0029VaDZ5zb0gcfDxuwxBM05\"><em>canal de Whatsapp<\/em><\/a><strong><em>\u00a0con toda la informaci\u00f3n al instante<\/em><\/strong>\u00a0\ud83c\udfc1<\/p>\n\n\n\n<p class=\"wp-block-paragraph\">Al preguntarle si la nueva suspensi\u00f3n a\u00fan no ha tenido mucho efecto en la reducci\u00f3n de la diferencia con sus rivales, Vasseur enfatiz\u00f3 que a\u00fan se necesitan algunos ajustes, pero el progreso es notable. \u00abTuvimos un buen ritmo en <strong>Spa-Francorchamps<\/strong>, empezamos bien aqu\u00ed y todav\u00eda estamos en las primeras etapas del uso de esta suspensi\u00f3n trasera. A\u00fan necesitamos optimizar el paquete, pero el progreso tambi\u00e9n es visible en comparaci\u00f3n con nuestros rivales\u00bb, enfatiz\u00f3.<\/p>\n\n\n\n<p class=\"wp-block-paragraph\">\u00abLa batalla es feroz. Sin embargo, hablamos de d\u00e9cimas o incluso menos, y no podemos permitirnos errores. Basta con una buena o mala preparaci\u00f3n de los neum\u00e1ticos en la clasificaci\u00f3n para ganar o perder posiciones y terminar por detr\u00e1s de <strong>Mercedes<\/strong> o <strong>Red Bull<\/strong>. Debemos centrarnos en nosotros mismos\u00bb, enfatiz\u00f3.<\/p>\n\n\n\n<p class=\"wp-block-paragraph\">\u00abSiempre vamos un poco mejor en carrera, y el ritmo de hoy fue bueno. Aqu\u00ed en Budapest, para ganar, hay que salir delante. Puede que tengamos esa oportunidad aqu\u00ed o m\u00e1s adelante, pero es posible ganarles\u00bb, concluy\u00f3.<\/p>\n\n\n\n<p class=\"wp-block-paragraph\">La&nbsp;<strong>F\u00f3rmula 1<\/strong>&nbsp;disputa este fin de semana el&nbsp;<strong>Gran Premio de Hungr\u00eda<\/strong>, el 14\u00b0 de la&nbsp;<strong>temporada 2025<\/strong>, en el&nbsp;<strong>Hungaroring<\/strong>.<\/p>\n\n\n\n<figure class=\"wp-block-embed is-type-rich is-provider-gestor-del-servicio wp-block-embed-gestor-del-servicio wp-embed-aspect-16-9 wp-has-aspect-ratio\"><div class=\"wp-block-embed__wrapper\">\nhttps:\/\/youtube.com\/watch?v=sO3bV8QZiWE%3Fversion%3D3%26rel%3D1%26showsearch%3D0%26showinfo%3D1%26iv_load_policy%3D1%26fs%3D1%26hl%3Des-ES%26autohide%3D2%26wmode%3Dtransparent\n<\/div><\/figure>\n","protected":false},"excerpt":{"rendered":"<p>El director de Ferrari, Fr\u00e9d\u00e9ric Vasseur, valor\u00f3 positivamente el GP de Hungr\u00eda del viernes, pero destac\u00f3 que el fin de semana apenas comienza. Charles Leclerc fue tercero en ambas sesiones, mientras que Lewis Hamilton fue quinto en la FP1 y sexto en la FP2.<\/p>\n","protected":false},"author":0,"featured_media":1010355653,"comment_status":"closed","ping_status":"closed","sticky":false,"template":"","format":"standard","meta":{"42wp_featured_image_caption":"","42wp_featured_image_credits":"","42wp_featured_video":"","42wp_featured_image_hidden":false,"42wp_authors_list":[],"footnotes":""},"categories":[5],"tags":[3099,247,1710,185,179,1892,421,378,199,269,11776],"42wp_author":[14240],"class_list":["post-6023","post","type-post","status-publish","format-standard","has-post-thumbnail","hentry","category-f1","tag-budapest","tag-charles-leclerc","tag-f1-2025","tag-ferrari","tag-formula-1","tag-frederic-vasseur-3","tag-gp-de-hungria","tag-hungaroring","tag-lewis-hamilton","tag-mclaren","tag-sf-25","42wp_author-ignacio-bogado"],"_links":{"self":[{"href":"https:\/\/grandepremio.com\/es\/wp-json\/wp\/v2\/posts\/6023","targetHints":{"allow":["GET"]}}],"collection":[{"href":"https:\/\/grandepremio.com\/es\/wp-json\/wp\/v2\/posts"}],"about":[{"href":"https:\/\/grandepremio.com\/es\/wp-json\/wp\/v2\/types\/post"}],"replies":[{"embeddable":true,"href":"https:\/\/grandepremio.com\/es\/wp-json\/wp\/v2\/comments?post=6023"}],"version-history":[{"count":0,"href":"https:\/\/grandepremio.com\/es\/wp-json\/wp\/v2\/posts\/6023\/revisions"}],"wp:featuredmedia":[{"embeddable":true,"href":"https:\/\/grandepremio.com\/es\/wp-json\/wp\/v2\/media\/1010355653"}],"wp:attachment":[{"href":"https:\/\/grandepremio.com\/es\/wp-json\/wp\/v2\/media?parent=6023"}],"wp:term":[{"taxonomy":"category","embeddable":true,"href":"https:\/\/grandepremio.com\/es\/wp-json\/wp\/v2\/categories?post=6023"},{"taxonomy":"post_tag","embeddable":true,"href":"https:\/\/grandepremio.com\/es\/wp-json\/wp\/v2\/tags?post=6023"},{"taxonomy":"42wp_author","embeddable":true,"href":"https:\/\/grandepremio.com\/es\/wp-json\/wp\/v2\/42wp_author?post=6023"}],"curies":[{"name":"wp","href":"https:\/\/api.w.org\/{rel}","templated":true}]}}