{"id":6060,"date":"2025-07-31T12:18:28","date_gmt":"2025-07-31T15:18:28","guid":{"rendered":"https:\/\/grandepremio.com\/es\/2025\/07\/31\/verstappen-fin-especulaciones-seguira-red-bull-2026\/"},"modified":"2025-07-31T12:18:35","modified_gmt":"2025-07-31T15:18:35","slug":"verstappen-fin-especulaciones-seguira-red-bull-2026","status":"publish","type":"post","link":"https:\/\/grandepremio.com\/es\/f1\/verstappen-fin-especulaciones-seguira-red-bull-2026\/","title":{"rendered":"Verstappen pone fin a las especulaciones y confirma que seguir\u00e1 en Red Bull en 2026"},"content":{"rendered":"\n<p class=\"wp-block-paragraph\">Se han acabado las especulaciones, al menos por ahora, sobre el futuro de <strong>Max Verstappen<\/strong> en la <strong>F\u00f3rmula 1<\/strong>. Es que el propio piloto de <strong>Red Bull<\/strong> le confirm\u00f3 a los periodistas en la rueda de prensa de este jueves antes del <strong>GP de Hungr\u00eda<\/strong> que no se ir\u00e1 del equipo austr\u00edaco de cara a la temporada 2026.<\/p>\n\n\n\n<p class=\"wp-block-paragraph\">\ud83d\udfe5&nbsp;<strong><em>\u00a1Todas las novedades te esperan en el canal de&nbsp;<\/em><\/strong><a href=\"https:\/\/www.youtube.com\/@GrandePremioES\"><em>YouTube<\/em><\/a><strong><em>&nbsp;de Grande Pr\u00eamio en Espa\u00f1ol!<\/em><\/strong>&nbsp;\ud83d\udfe8<\/p>\n\n\n\n<p class=\"wp-block-paragraph\">Tras la salida de <strong>Christian Horner<\/strong> como jefe de equipo, se comenz\u00f3 a hablar en el <em>paddock<\/em> de que Verstappen ya no se iba a ver tentado por una oferta de <strong>Mercedes<\/strong>, impulsada por <strong>Toto Wolff<\/strong>, ya que era uno de los pedidos del neerland\u00e9s para no ejecutar una cl\u00e1usula de su contrato. Si bien la misma no pudo activarse porque se mantiene tercero en el campeonato de pilotos, los rumores se mantuvieron porque George Russell aun no renueva su contrato con los de <strong>Brackley.<\/strong><\/p>\n\n\n\n<p class=\"wp-block-paragraph\"><strong>&#8220;En realidad nunca he dicho nada al respecto porque estaba centrado en hablar con el equipo sobre c\u00f3mo podemos mejorar nuestro rendimiento, con ideas de futuro para el pr\u00f3ximo a\u00f1o tambi\u00e9n, y sinceramente por eso no ten\u00eda nada que a\u00f1adir realmente. Pero creo que ha llegado el momento de acabar b\u00e1sicamente con todos los rumores y para m\u00ed siempre ha estado bastante claro que me iba a quedar de todos modos&#8221;,<\/strong> le dijo Max a los periodistas en el Hungaroring.<\/p>\n\n\n\n<figure class=\"wp-block-embed is-type-video is-provider-youtube wp-block-embed-youtube wp-embed-aspect-16-9 wp-has-aspect-ratio\"><div class=\"wp-block-embed__wrapper\">\n<iframe loading=\"lazy\" title=\"GP DE HUNGR\u00cdA 2025 - LA PREVIA\" width=\"500\" height=\"281\" src=\"https:\/\/www.youtube.com\/embed\/sO3bV8QZiWE?feature=oembed\" frameborder=\"0\" allow=\"accelerometer; autoplay; clipboard-write; encrypted-media; gyroscope; picture-in-picture; web-share\" referrerpolicy=\"strict-origin-when-cross-origin\" allowfullscreen><\/iframe>\n<\/div><\/figure>\n\n\n\n<p class=\"wp-block-paragraph\"><strong>&#8220;Creo que ese era tambi\u00e9n el sentimiento general en el en el equipo de todos modos, porque siempre est\u00e1bamos en conversaciones sobre lo que pod\u00edamos hacer con el coche. Y si no est\u00e1s interesado en quedarte, entonces tambi\u00e9n dejas de hablar de este tipo de cosas y yo nunca lo hice&#8221;<\/strong>, a\u00f1adi\u00f3.<\/p>\n\n\n\n<p class=\"wp-block-paragraph\">M\u00e1s all\u00e1 de que el rendimiento del <strong>RB21<\/strong> no le permite luchar por el campeonato con los <strong>McLaren <\/strong>de <strong>Lando Norris<\/strong> y de <strong>Oscar Piastri<\/strong>, Verstappen conf\u00eda en la asociaci\u00f3n con Ford para los motores de 2026, adem\u00e1s de ganar la puja interna en <strong>Milton Keynes<\/strong> a Horner para encauzar el rumbo estructural y deportivo. Hasta el momento, con 28 a\u00f1os, el neerland\u00e9s tiene 4 t\u00edtulos del mundo, 65 victorias, 44 poles y 117 podios. Su v\u00ednculo expira en 2028.<\/p>\n\n\n\n<p class=\"wp-block-paragraph\">\u23e9 <em><strong>\u00a1Seguinos en redes por <\/strong><\/em><a href=\"https:\/\/twitter.com\/grandepremioES\"><em><u>Twitter <\/u><\/em><\/a><em><strong>e <\/strong><\/em><a href=\"https:\/\/www.instagram.com\/grandepremioes\/\"><em><u>Instagram!<br><\/u><\/em><\/a>\u23e9 <em><strong>Adem\u00e1s, tenemos nuestro <\/strong><\/em><a href=\"https:\/\/whatsapp.com\/channel\/0029VaDZ5zb0gcfDxuwxBM05\"><em><u>canal de Whatsapp<\/u><\/em><\/a><em><strong> con toda la informaci\u00f3n al instante<\/strong><\/em> \ud83c\udfc1<br><br>La F\u00f3rmula 1 regresa este fin de semana, del 1 al 3 de agosto, a Hungaroring, sede del Gran Premio de Hungr\u00eda, la decimocuarta prueba de la temporada 2025.<\/p>\n","protected":false},"excerpt":{"rendered":"<p>Tras meses de especulaciones sobre un posible traspaso a Mercedes, Max Verstappen confirm\u00f3 que seguir\u00e1 en Red Bull una temporada m\u00e1s en charla con los periodistas durante la previa del Gran Premio de Hungr\u00eda de la F\u00f3rmula 1.<\/p>\n","protected":false},"author":0,"featured_media":1010355214,"comment_status":"closed","ping_status":"closed","sticky":false,"template":"","format":"standard","meta":{"42wp_featured_image_caption":"","42wp_featured_image_credits":"","42wp_featured_video":"","42wp_featured_image_hidden":false,"42wp_authors_list":[],"footnotes":""},"categories":[5],"tags":[399,1336,179,421,1488,268,249,269,197,2648,278,11072,206,569],"42wp_author":[14237],"class_list":["post-6060","post","type-post","status-publish","format-standard","has-post-thumbnail","hentry","category-f1","tag-brackley","tag-christian-horner","tag-formula-1","tag-gp-de-hungria","tag-grande-premio","tag-lando-norris","tag-max-verstappen","tag-mclaren","tag-mercedes","tag-milton-keynes","tag-oscar-piastri","tag-rb21","tag-red-bull","tag-toto-wolff","42wp_author-gabriel-garcia"],"_links":{"self":[{"href":"https:\/\/grandepremio.com\/es\/wp-json\/wp\/v2\/posts\/6060","targetHints":{"allow":["GET"]}}],"collection":[{"href":"https:\/\/grandepremio.com\/es\/wp-json\/wp\/v2\/posts"}],"about":[{"href":"https:\/\/grandepremio.com\/es\/wp-json\/wp\/v2\/types\/post"}],"replies":[{"embeddable":true,"href":"https:\/\/grandepremio.com\/es\/wp-json\/wp\/v2\/comments?post=6060"}],"version-history":[{"count":0,"href":"https:\/\/grandepremio.com\/es\/wp-json\/wp\/v2\/posts\/6060\/revisions"}],"wp:featuredmedia":[{"embeddable":true,"href":"https:\/\/grandepremio.com\/es\/wp-json\/wp\/v2\/media\/1010355214"}],"wp:attachment":[{"href":"https:\/\/grandepremio.com\/es\/wp-json\/wp\/v2\/media?parent=6060"}],"wp:term":[{"taxonomy":"category","embeddable":true,"href":"https:\/\/grandepremio.com\/es\/wp-json\/wp\/v2\/categories?post=6060"},{"taxonomy":"post_tag","embeddable":true,"href":"https:\/\/grandepremio.com\/es\/wp-json\/wp\/v2\/tags?post=6060"},{"taxonomy":"42wp_author","embeddable":true,"href":"https:\/\/grandepremio.com\/es\/wp-json\/wp\/v2\/42wp_author?post=6060"}],"curies":[{"name":"wp","href":"https:\/\/api.w.org\/{rel}","templated":true}]}}