{"id":6065,"date":"2025-07-31T11:28:27","date_gmt":"2025-07-31T14:28:27","guid":{"rendered":"https:\/\/grandepremio.com\/es\/2025\/07\/31\/bortoleto-expresa-confianza-sauber-progreso-f1-2025\/"},"modified":"2025-07-31T11:28:31","modified_gmt":"2025-07-31T14:28:31","slug":"bortoleto-expresa-confianza-sauber-progreso-f1-2025","status":"publish","type":"post","link":"https:\/\/grandepremio.com\/es\/f1\/bortoleto-expresa-confianza-sauber-progreso-f1-2025\/","title":{"rendered":"Bortoleto expresa \u00abconfianza\u00bb de Sauber en progreso: \u00abIr a casa feliz en vacaciones\u00bb"},"content":{"rendered":"\n<p class=\"wp-block-paragraph\"><strong>Gabriel Bortoleto<\/strong> repas\u00f3 la primera parte de la <strong>temporada 2025<\/strong> de <strong>F\u00f3rmula 1<\/strong> y enfatiz\u00f3 que el objetivo de <strong>Sauber<\/strong> es \u00abvolver a casa contento\u00bb cuando comiencen las vacaciones de verano europeas tras el <strong>Gran Premio de Hungr\u00eda<\/strong>. Tambi\u00e9n recalc\u00f3 que todos en el equipo tienen mucha confianza en la buena racha del campeonato.<\/p>\n\n\n\n<p class=\"wp-block-paragraph\">Sauber logr\u00f3 terminar en los puntos durante cinco carreras consecutivas del <strong>Campeonato Mundial<\/strong>, algo que no ocurr\u00eda desde <strong>2022<\/strong>. La \u00faltima fue lograda por el brasile\u00f1o, quien cruz\u00f3 la l\u00ednea de meta del <strong>Gran Premio de B\u00e9lgica<\/strong> en noveno lugar.<\/p>\n\n\n\n<p class=\"wp-block-paragraph\">En declaraciones a la p\u00e1gina web oficial de la F\u00f3rmula 1 en el circuito de <strong>Hungaroring<\/strong>, Bortoleto destac\u00f3 especialmente las lecciones aprendidas en las 13 carreras. \u00abSolo ha pasado medio a\u00f1o, pero siento que ya he aprendido mucho\u00bb, comenz\u00f3.<\/p>\n\n\n\n<p class=\"wp-block-paragraph\">\ud83d\udfe5&nbsp;<strong><em>\u00a1Todas las novedades te esperan en el canal de&nbsp;<\/em><\/strong><a href=\"https:\/\/www.youtube.com\/@GrandePremioES\"><em>YouTube<\/em><\/a><strong><em>&nbsp;de Grande Pr\u00eamio en Espa\u00f1ol!<\/em><\/strong>&nbsp;\ud83d\udfe8<\/p>\n\n\n\n<figure class=\"wp-block-image size-full\"><img decoding=\"async\" src=\"https:\/\/grandepremio.com\/es\/wp-content\/uploads\/2025\/07\/inglaterra-2025-f1-corrida-sauber-gabriel-bortoleto-04.webp\" alt=\"\" class=\"wp-image-351092\"\/><figcaption class=\"wp-element-caption\">Gabriel Bortoleto analiz\u00f3 el progreso suyo y el del equipo durante la temporada. (Foto: Sauber)<\/figcaption><\/figure>\n\n\n\n<p class=\"wp-block-paragraph\">\u23e9\u00a0<strong><em>\u00a1Seguinos en redes por\u00a0<\/em><\/strong><a href=\"https:\/\/twitter.com\/grandepremioES\"><em>Twitter\u00a0<\/em><\/a><strong><em>e\u00a0<\/em><\/strong><a href=\"https:\/\/www.instagram.com\/grandepremioes\/\"><em>Instagram!<\/em><\/a><br>\u23e9\u00a0<strong><em>Adem\u00e1s, tenemos nuestro\u00a0<\/em><\/strong><a href=\"https:\/\/whatsapp.com\/channel\/0029VaDZ5zb0gcfDxuwxBM05\"><em>canal de Whatsapp<\/em><\/a><strong><em>\u00a0con toda la informaci\u00f3n al instante<\/em><\/strong>\u00a0\ud83c\udfc1<\/p>\n\n\n\n<p class=\"wp-block-paragraph\">\u00abHemos corrido tantas carreras que me siento genial. Estoy muy contento con c\u00f3mo ha ido la temporada hasta ahora, con lo mucho que he aprendido este a\u00f1o y con el progreso del equipo, desde donde empezamos hasta donde estamos ahora, as\u00ed que estoy inmensamente contento\u00bb, enfatiz\u00f3.<\/p>\n\n\n\n<p class=\"wp-block-paragraph\">Al ser consultado sobre las sensaciones de todos en Sauber respecto al crecimiento en las \u00faltimas carreras, dijo que es \u00abmuy bueno\u00bb. Tambi\u00e9n describi\u00f3 su objetivo actual.<\/p>\n\n\n\n<p class=\"wp-block-paragraph\">\u00abDir\u00eda que las sensaciones son muy buenas, todos est\u00e1n muy contentos y confiados, emocionados por un nuevo fin de semana. El descanso llega despu\u00e9s de esta carrera, as\u00ed que todos queremos terminar esta primera parte con buen pie e irnos a casa contentos, as\u00ed que estoy deseando que llegue este fin de semana. Es una pista que me gusta, he corrido aqu\u00ed antes, as\u00ed que siempre es un placer estar aqu\u00ed\u00bb, concluy\u00f3.<\/p>\n\n\n\n<p class=\"wp-block-paragraph\">La&nbsp;<strong>F\u00f3rmula 1<\/strong>&nbsp;vuelve del 1 al 3 de agosto al&nbsp;<strong>Hungaroring<\/strong>, sede del&nbsp;<strong>Gran Premio de Hungr\u00eda<\/strong>, el 14\u00b0 de la&nbsp;<strong>temporada 2025<\/strong>.<\/p>\n\n\n\n<figure class=\"wp-block-embed is-type-rich is-provider-gestor-del-servicio wp-block-embed-gestor-del-servicio wp-embed-aspect-16-9 wp-has-aspect-ratio\"><div class=\"wp-block-embed__wrapper\">\nhttps:\/\/youtube.com\/watch?v=sO3bV8QZiWE%3Fversion%3D3%26rel%3D1%26showsearch%3D0%26showinfo%3D1%26iv_load_policy%3D1%26fs%3D1%26hl%3Des-ES%26autohide%3D2%26wmode%3Dtransparent\n<\/div><\/figure>\n","protected":false},"excerpt":{"rendered":"<p>Tras el GP de Hungr\u00eda, la F1 se va de vacaciones y Gabriel Bortoleto quiere que Sauber termine la primera parte de la temporada 2025 con una nota alta.<\/p>\n","protected":false},"author":0,"featured_media":1010353092,"comment_status":"closed","ping_status":"closed","sticky":false,"template":"","format":"standard","meta":{"42wp_featured_image_caption":"","42wp_featured_image_credits":"","42wp_featured_video":"","42wp_featured_image_hidden":false,"42wp_authors_list":[],"footnotes":""},"categories":[5],"tags":[3099,1710,179,4071,421,378,497],"42wp_author":[14240],"class_list":["post-6065","post","type-post","status-publish","format-standard","has-post-thumbnail","hentry","category-f1","tag-budapest","tag-f1-2025","tag-formula-1","tag-gabriel-bortoleto","tag-gp-de-hungria","tag-hungaroring","tag-sauber","42wp_author-ignacio-bogado"],"_links":{"self":[{"href":"https:\/\/grandepremio.com\/es\/wp-json\/wp\/v2\/posts\/6065","targetHints":{"allow":["GET"]}}],"collection":[{"href":"https:\/\/grandepremio.com\/es\/wp-json\/wp\/v2\/posts"}],"about":[{"href":"https:\/\/grandepremio.com\/es\/wp-json\/wp\/v2\/types\/post"}],"replies":[{"embeddable":true,"href":"https:\/\/grandepremio.com\/es\/wp-json\/wp\/v2\/comments?post=6065"}],"version-history":[{"count":0,"href":"https:\/\/grandepremio.com\/es\/wp-json\/wp\/v2\/posts\/6065\/revisions"}],"wp:featuredmedia":[{"embeddable":true,"href":"https:\/\/grandepremio.com\/es\/wp-json\/wp\/v2\/media\/1010353092"}],"wp:attachment":[{"href":"https:\/\/grandepremio.com\/es\/wp-json\/wp\/v2\/media?parent=6065"}],"wp:term":[{"taxonomy":"category","embeddable":true,"href":"https:\/\/grandepremio.com\/es\/wp-json\/wp\/v2\/categories?post=6065"},{"taxonomy":"post_tag","embeddable":true,"href":"https:\/\/grandepremio.com\/es\/wp-json\/wp\/v2\/tags?post=6065"},{"taxonomy":"42wp_author","embeddable":true,"href":"https:\/\/grandepremio.com\/es\/wp-json\/wp\/v2\/42wp_author?post=6065"}],"curies":[{"name":"wp","href":"https:\/\/api.w.org\/{rel}","templated":true}]}}