{"id":6075,"date":"2025-07-31T09:09:31","date_gmt":"2025-07-31T12:09:31","guid":{"rendered":"https:\/\/grandepremio.com\/es\/2025\/07\/31\/benedetto-vigna-ceo-ferrari-renovacion-frederic-vasseur-f1-2025\/"},"modified":"2025-07-31T09:09:34","modified_gmt":"2025-07-31T12:09:34","slug":"benedetto-vigna-ceo-ferrari-renovacion-frederic-vasseur-f1-2025","status":"publish","type":"post","link":"https:\/\/grandepremio.com\/es\/f1\/benedetto-vigna-ceo-ferrari-renovacion-frederic-vasseur-f1-2025\/","title":{"rendered":"CEO de Ferrari asegura que la renovaci\u00f3n de Vasseur es una &#8220;recompensa&#8221; por su trabajo"},"content":{"rendered":"\n<p class=\"wp-block-paragraph\"><strong>Benedetto Vigna<\/strong>, director ejecutivo de <strong>Ferrari<\/strong>, destac\u00f3 la \u00abcapacidad demostrada\u00bb al comentar la renovaci\u00f3n del contrato del jefe del equipo, <strong>Fr\u00e9d\u00e9ric Vasseur<\/strong>. El franc\u00e9s <a href=\"https:\/\/grandepremio.com\/es\/f1\/ferrari-jefe-de-equipo-frederic-vasseur-renovacion-contrato-continuidad-f1-2025\/\">firm\u00f3 un nuevo \u00abacuerdo plurianual\u00bb para seguir al frente de la escuder\u00eda italiana, cuya duraci\u00f3n no se ha revelado<\/a>. El anuncio pone fin a las especulaciones sobre un posible cambio en el mando tras una primera mitad de temporada 2025 decepcionante.<\/p>\n\n\n\n<p class=\"wp-block-paragraph\">\ud83d\udfe5&nbsp;<strong><em>\u00a1Todas las novedades te esperan en el canal de&nbsp;<\/em><\/strong><a href=\"https:\/\/www.youtube.com\/@GrandePremioES\"><em>YouTube<\/em><\/a><strong><em>&nbsp;de Grande Pr\u00eamio en Espa\u00f1ol!<\/em><\/strong>&nbsp;\ud83d\udfe8<\/p>\n\n\n\n<p class=\"wp-block-paragraph\">\u00ab<strong>Fred <\/strong>lleg\u00f3 a la <strong>Scuderia <\/strong>a principios de 2023, aportando una amplia experiencia en el automovilismo y una capacidad probada para desarrollar talentos y formar equipos competitivos en todos los niveles. Desde entonces, construy\u00f3 una base s\u00f3lida con la ambici\u00f3n de llevar a <strong>Ferrari <\/strong>de vuelta a la cima de la <strong>F\u00f3rmula 1<\/strong>\u00bb, dijo <strong>Vigna<\/strong>.<\/p>\n\n\n\n<p class=\"wp-block-paragraph\">\u00abQueremos reconocer lo que se ha construido y comprometernos con lo que a\u00fan queda por lograr. Esto refleja nuestra confianza en el liderazgo de <strong>Fred<\/strong>, una confianza arraigada en la ambici\u00f3n compartida, las expectativas mutuas y la responsabilidad clara. Seguimos adelante con determinaci\u00f3n y concentraci\u00f3n, unidos en nuestra b\u00fasqueda del nivel de rendimiento al que <strong>Ferrari <\/strong>debe aspirar\u00bb, a\u00f1adi\u00f3.<\/p>\n\n\n\n<p class=\"wp-block-paragraph\"><strong>Vasseur<\/strong> lleg\u00f3 para sustituir a <strong>Mattia Binotto<\/strong> y lider\u00f3 un profundo cambio en <strong>Ferrari<\/strong>, con el objetivo de volver a colocar a los italianos en el camino hacia los t\u00edtulos. En 2024, el cambio dio sus primeros frutos, con la lucha por el <strong>Mundial de Constructores<\/strong> hasta la \u00faltima carrera, que finalmente gan\u00f3 <strong>McLaren<\/strong>. La contrataci\u00f3n de <strong>Lewis Hamilton<\/strong> a principios de a\u00f1o parec\u00eda ser el comienzo de una era de \u00e9xitos. Pero la suerte cambi\u00f3 en 2025.<\/p>\n\n\n\n<p class=\"wp-block-paragraph\">\u23e9\u00a0<strong><em>\u00a1Seguinos en redes por\u00a0<\/em><\/strong><a href=\"https:\/\/twitter.com\/grandepremioES\"><em>Twitter\u00a0<\/em><\/a><strong><em>e\u00a0<\/em><\/strong><a href=\"https:\/\/www.instagram.com\/grandepremioes\/\"><em>Instagram!<\/em><\/a><br>\u23e9\u00a0<strong><em>Adem\u00e1s, tenemos nuestro\u00a0<\/em><\/strong><a href=\"https:\/\/whatsapp.com\/channel\/0029VaDZ5zb0gcfDxuwxBM05\"><em>canal de Whatsapp<\/em><\/a><strong><em>\u00a0con toda la informaci\u00f3n al instante<\/em><\/strong>\u00a0\ud83c\udfc1<\/p>\n\n\n\n<figure class=\"wp-block-image size-full\"><img decoding=\"async\" src=\"https:\/\/grandepremio.com\/es\/wp-content\/uploads\/..\/gp_br_uploads\/2025\/01\/benedetto-vigna.jpg\" alt=\"\" class=\"wp-image-311691\"\/><figcaption class=\"wp-element-caption\">Benedetto Vigna, CEO de Ferrari (Foto: Bloomberg)<\/figcaption><\/figure>\n\n\n\n<p class=\"wp-block-paragraph\">Con la decisi\u00f3n de cambiar el concepto de la <strong>SF-25<\/strong> en el \u00faltimo a\u00f1o del reglamento actual, el equipo est\u00e1 siendo una de las grandes decepciones del campeonato. A pesar de ocupar el segundo puesto entre los constructores, <strong>Ferrari <\/strong>es el \u00fanico de los cuatro primeros que a\u00fan no ha ganado, adem\u00e1s de haber subido al podio solo cinco veces.<\/p>\n\n\n\n<p class=\"wp-block-paragraph\">La ca\u00edda en el rendimiento gener\u00f3 rumores en la prensa italiana de que <strong>Vasseur <\/strong>podr\u00eda dejar <strong>Ferrari <\/strong>al final de su contrato, que expiraba este a\u00f1o. El equipo incluso habr\u00eda barajado nombres como <strong>Christian Horner<\/strong> y <strong>Antonello Coletta<\/strong> para asumir el cargo. Sin embargo, la renovaci\u00f3n pone fin a las dudas y garantiza la estabilidad en la direcci\u00f3n t\u00e9cnica y deportiva del equipo.<\/p>\n\n\n\n<p class=\"wp-block-paragraph\">La&nbsp;<strong>F\u00f3rmula 1<\/strong>&nbsp;vuelve del 1 al 3 de agosto al&nbsp;<strong>Hungaroring<\/strong>, sede del&nbsp;<strong>Gran Premio de Hungr\u00eda<\/strong>, decimocuarta fecha de la&nbsp;<strong>temporada 2025<\/strong>.<\/p>\n\n\n\n<figure class=\"wp-block-embed is-type-video is-provider-youtube wp-block-embed-youtube wp-embed-aspect-16-9 wp-has-aspect-ratio\"><div class=\"wp-block-embed__wrapper\">\n<iframe loading=\"lazy\" title=\"GP DE HUNGR\u00cdA 2025 - LA PREVIA\" width=\"500\" height=\"281\" src=\"https:\/\/www.youtube.com\/embed\/sO3bV8QZiWE?feature=oembed\" frameborder=\"0\" allow=\"accelerometer; autoplay; clipboard-write; encrypted-media; gyroscope; picture-in-picture; web-share\" referrerpolicy=\"strict-origin-when-cross-origin\" allowfullscreen><\/iframe>\n<\/div><\/figure>\n","protected":false},"excerpt":{"rendered":"<p>Benedetto Vigna, CEO de Ferrari, dio su punto de vista sobre la renovaci\u00f3n del contrato con Fr\u00e9d\u00e9ric Vasseur, jefe del equipo de Maranello en la F\u00f3rmula 1.<\/p>\n","protected":false},"author":0,"featured_media":1010355120,"comment_status":"closed","ping_status":"closed","sticky":false,"template":"","format":"standard","meta":{"42wp_featured_image_caption":"","42wp_featured_image_credits":"","42wp_featured_video":"","42wp_featured_image_hidden":false,"42wp_authors_list":[],"footnotes":""},"categories":[5],"tags":[4184,181,1710,185,179,8059,1892,1488,9647],"42wp_author":[14239],"class_list":["post-6075","post","type-post","status-publish","format-standard","has-post-thumbnail","hentry","category-f1","tag-benedetto-vigna","tag-f1","tag-f1-2025","tag-ferrari","tag-formula-1","tag-formula-1-2025","tag-frederic-vasseur-3","tag-grande-premio","tag-temporada-2025-f1","42wp_author-jp-otrosky"],"_links":{"self":[{"href":"https:\/\/grandepremio.com\/es\/wp-json\/wp\/v2\/posts\/6075","targetHints":{"allow":["GET"]}}],"collection":[{"href":"https:\/\/grandepremio.com\/es\/wp-json\/wp\/v2\/posts"}],"about":[{"href":"https:\/\/grandepremio.com\/es\/wp-json\/wp\/v2\/types\/post"}],"replies":[{"embeddable":true,"href":"https:\/\/grandepremio.com\/es\/wp-json\/wp\/v2\/comments?post=6075"}],"version-history":[{"count":0,"href":"https:\/\/grandepremio.com\/es\/wp-json\/wp\/v2\/posts\/6075\/revisions"}],"wp:featuredmedia":[{"embeddable":true,"href":"https:\/\/grandepremio.com\/es\/wp-json\/wp\/v2\/media\/1010355120"}],"wp:attachment":[{"href":"https:\/\/grandepremio.com\/es\/wp-json\/wp\/v2\/media?parent=6075"}],"wp:term":[{"taxonomy":"category","embeddable":true,"href":"https:\/\/grandepremio.com\/es\/wp-json\/wp\/v2\/categories?post=6075"},{"taxonomy":"post_tag","embeddable":true,"href":"https:\/\/grandepremio.com\/es\/wp-json\/wp\/v2\/tags?post=6075"},{"taxonomy":"42wp_author","embeddable":true,"href":"https:\/\/grandepremio.com\/es\/wp-json\/wp\/v2\/42wp_author?post=6075"}],"curies":[{"name":"wp","href":"https:\/\/api.w.org\/{rel}","templated":true}]}}