{"id":6095,"date":"2025-07-29T14:45:57","date_gmt":"2025-07-29T17:45:57","guid":{"rendered":"https:\/\/grandepremio.com\/es\/2025\/07\/29\/dunne-habla-dominio-spa-fuimos-imparables-condiciones-f2-2025\/"},"modified":"2025-07-29T14:46:01","modified_gmt":"2025-07-29T17:46:01","slug":"dunne-habla-dominio-spa-fuimos-imparables-condiciones-f2-2025","status":"publish","type":"post","link":"https:\/\/grandepremio.com\/es\/f2\/dunne-habla-dominio-spa-fuimos-imparables-condiciones-f2-2025\/","title":{"rendered":"Dunne habla tras el dominio en Spa: &#8220;Fuimos imparables en todas las condiciones&#8221;"},"content":{"rendered":"\n<p class=\"wp-block-paragraph\">La fecha de la<strong> F\u00f3rmula 2<\/strong> en el circuito de <strong>Spa-Francorchamps<\/strong> dej\u00f3 el dominio de <strong>Alexander Dunne<\/strong>, que es uno de los candidatos al t\u00edtulo de este a\u00f1o, y fue penalizado con 10 segundos de recargo por violar el procedimiento de salida seg\u00fan los comisarios de la <strong>FIA <\/strong>tras haber ganado en pista la carrera del domingo.<\/p>\n\n\n\n<p class=\"wp-block-paragraph\">\ud83d\udfe5&nbsp;<strong><em>\u00a1Todas las novedades te esperan en el canal de&nbsp;<\/em><\/strong><a href=\"https:\/\/www.youtube.com\/@GrandePremioES\"><em>YouTube<\/em><\/a><strong><em>&nbsp;de Grande Pr\u00eamio en Espa\u00f1ol!<\/em><\/strong>&nbsp;\ud83d\udfe8<\/p>\n\n\n\n<p class=\"wp-block-paragraph\">Dunne domin\u00f3 el fin de semana de la F2 en <strong>B\u00e9lgica <\/strong>desde los entrenamientos libres. En la clasificaci\u00f3n, logr\u00f3 la pole position para la carrera principal y un s\u00e9ptimo puesto en la carrera sprint. Ya el domingo, resisti\u00f3 bajo la lluvia el desgaste de los neum\u00e1ticos hasta que fue invgestigado por el procedimiento de salida.<br><br>Una victoria habr\u00eda devuelto a Dunne el liderazgo del campeonato, pero vio sus 25 puntos reducidos a 2 al caer del primer al noveno puesto con el tiempo a\u00f1adido. Esto lo dej\u00f3 con 114 puntos en total, a 11 del l\u00edder, <strong>Leonardo Fornaroli<\/strong>.<\/p>\n\n\n\n<figure class=\"wp-block-embed is-type-video is-provider-youtube wp-block-embed-youtube wp-embed-aspect-16-9 wp-has-aspect-ratio\"><div class=\"wp-block-embed__wrapper\">\n<iframe loading=\"lazy\" title=\"PIASTRI RESPONDE Y DOBLEGA A NORRIS EN SPA I Briefing\" width=\"500\" height=\"281\" src=\"https:\/\/www.youtube.com\/embed\/HmrspkewL6s?feature=oembed\" frameborder=\"0\" allow=\"accelerometer; autoplay; clipboard-write; encrypted-media; gyroscope; picture-in-picture; web-share\" referrerpolicy=\"strict-origin-when-cross-origin\" allowfullscreen><\/iframe>\n<\/div><\/figure>\n\n\n\n<p class=\"wp-block-paragraph\">En redes sociales, el representante de la academia <strong>McLaren <\/strong>no ocult\u00f3 su frustraci\u00f3n: <strong>&#8220;Definitivamente duele perder la victoria por algo que no tuvo ning\u00fan impacto en la carrera. Dominamos todo el fin de semana y fuimos imparables en todas las condiciones. Much\u00edsimas gracias a Rodin por hacer un trabajo incre\u00edble una vez m\u00e1s. Lo solucionaremos la semana que viene en Budapest&#8221;.<\/strong><\/p>\n\n\n\n<p class=\"wp-block-paragraph\">\u23e9 <em><strong>\u00a1Seguinos en redes por <\/strong><\/em><a href=\"https:\/\/twitter.com\/grandepremioES\"><em><u>Twitter <\/u><\/em><\/a><em><strong>e <\/strong><\/em><a href=\"https:\/\/www.instagram.com\/grandepremioes\/\"><em><u>Instagram!<br><\/u><\/em><\/a>\u23e9 <em><strong>Adem\u00e1s, tenemos nuestro <\/strong><\/em><a href=\"https:\/\/whatsapp.com\/channel\/0029VaDZ5zb0gcfDxuwxBM05\"><em><u>canal de Whatsapp<\/u><\/em><\/a><em><strong> con toda la informaci\u00f3n al instante<\/strong><\/em> \ud83c\udfc1<br><br>La F\u00f3rmula 2 regresa este fin de semana, del 1 al 3 de agosto, en el circuito de Hungaroring, para disputar la d\u00e9cima fecha doble de su campeonato 2025.<\/p>\n","protected":false},"excerpt":{"rendered":"<p>Alexander Dunne lider\u00f3 los entrenamientos libres, consigui\u00f3 la pole position y condujo el coche de Rodin impecablemente hasta la bandera a cuadros en la carrera del domingo en B\u00e9lgica de la F\u00f3rmula 2, pero fue sancionado y cay\u00f3 hasta el noveno puesto.<\/p>\n","protected":false},"author":0,"featured_media":1010354952,"comment_status":"closed","ping_status":"closed","sticky":false,"template":"","format":"standard","meta":{"42wp_featured_image_caption":"","42wp_featured_image_credits":"","42wp_featured_video":"","42wp_featured_image_hidden":false,"42wp_authors_list":[],"footnotes":""},"categories":[3],"tags":[10493,1622,263,211,7469,269,5290,637],"42wp_author":[14237],"class_list":["post-6095","post","type-post","status-publish","format-standard","has-post-thumbnail","hentry","category-f2","tag-alexander-dunne","tag-belgica","tag-fia","tag-formula-2","tag-leonardo-fornaroli","tag-mclaren","tag-rodin","tag-spa-francorchamps","42wp_author-gabriel-garcia"],"_links":{"self":[{"href":"https:\/\/grandepremio.com\/es\/wp-json\/wp\/v2\/posts\/6095","targetHints":{"allow":["GET"]}}],"collection":[{"href":"https:\/\/grandepremio.com\/es\/wp-json\/wp\/v2\/posts"}],"about":[{"href":"https:\/\/grandepremio.com\/es\/wp-json\/wp\/v2\/types\/post"}],"replies":[{"embeddable":true,"href":"https:\/\/grandepremio.com\/es\/wp-json\/wp\/v2\/comments?post=6095"}],"version-history":[{"count":0,"href":"https:\/\/grandepremio.com\/es\/wp-json\/wp\/v2\/posts\/6095\/revisions"}],"wp:featuredmedia":[{"embeddable":true,"href":"https:\/\/grandepremio.com\/es\/wp-json\/wp\/v2\/media\/1010354952"}],"wp:attachment":[{"href":"https:\/\/grandepremio.com\/es\/wp-json\/wp\/v2\/media?parent=6095"}],"wp:term":[{"taxonomy":"category","embeddable":true,"href":"https:\/\/grandepremio.com\/es\/wp-json\/wp\/v2\/categories?post=6095"},{"taxonomy":"post_tag","embeddable":true,"href":"https:\/\/grandepremio.com\/es\/wp-json\/wp\/v2\/tags?post=6095"},{"taxonomy":"42wp_author","embeddable":true,"href":"https:\/\/grandepremio.com\/es\/wp-json\/wp\/v2\/42wp_author?post=6095"}],"curies":[{"name":"wp","href":"https:\/\/api.w.org\/{rel}","templated":true}]}}