{"id":6112,"date":"2025-07-28T15:00:22","date_gmt":"2025-07-28T18:00:22","guid":{"rendered":"https:\/\/grandepremio.com\/es\/2025\/07\/28\/williams-elogia-impecable-carrera-albon-belgica-advierte-ritmo\/"},"modified":"2025-07-28T15:00:27","modified_gmt":"2025-07-28T18:00:27","slug":"williams-elogia-impecable-carrera-albon-belgica-advierte-ritmo","status":"publish","type":"post","link":"https:\/\/grandepremio.com\/es\/f1\/williams-elogia-impecable-carrera-albon-belgica-advierte-ritmo\/","title":{"rendered":"Williams elogia la impecable carrera de Albon en B\u00e9lgica y advierte: &#8220;El ritmo est\u00e1 volviendo&#8221;"},"content":{"rendered":"\n<p class=\"wp-block-paragraph\">Tras unas carreras que no fueron favorables, el equipo <strong>Williams <\/strong>se retir\u00f3 del <strong>GP de B\u00e9lgica<\/strong> con una extensi\u00f3n de la diferencia con <strong>Sauber <\/strong>en la quinta posici\u00f3n del <strong>Mundial de Constructores<\/strong> de la<strong> F\u00f3rmula 1<\/strong> de este a\u00f1o y <strong>James Vowles<\/strong>, el jefe, expres\u00f3 su satisfacci\u00f3n por los resultados.<\/p>\n\n\n\n<p class=\"wp-block-paragraph\">\ud83d\udfe5&nbsp;<strong><em>\u00a1Todas las novedades te esperan en el canal de&nbsp;<\/em><\/strong><a href=\"https:\/\/www.youtube.com\/@GrandePremioES\"><em>YouTube<\/em><\/a><strong><em>&nbsp;de Grande Pr\u00eamio en Espa\u00f1ol!<\/em><\/strong>&nbsp;\ud83d\udfe8<\/p>\n\n\n\n<p class=\"wp-block-paragraph\">A pesar de los desaf\u00edos que enfrent\u00f3 la inestabilidad meteorol\u00f3gica, el equipo con sede en <strong>Grove <\/strong>sum\u00f3 con el sexto puesto de <strong>Carlos Sainz<\/strong> en la carrera sprint del s\u00e1bado, y luego con la s\u00f3lida carrera de <strong>Alexander Albon<\/strong>, que contuvo a Lewis Hamilton para cruzar la l\u00ednea de meta en sexto lugar en la carrera principal.<br><br><strong>&#8220;Fue un gran fin de semana para nosotros. Nos enfrentamos a condiciones dif\u00edciles en todos los sentidos. Alex hizo una carrera impecable, sin cometer ning\u00fan error. Hicimos una buena parada en boxes con una buena estrategia para mantenerlo en sexto lugar, y se defendi\u00f3 de Lewis durante casi toda la carrera&#8221;<\/strong>, comenz\u00f3 Vowles.<\/p>\n\n\n\n<figure class=\"wp-block-embed is-type-video is-provider-youtube wp-block-embed-youtube wp-embed-aspect-16-9 wp-has-aspect-ratio\"><div class=\"wp-block-embed__wrapper\">\n<iframe loading=\"lazy\" title=\"PIASTRI RESPONDE Y DOBLEGA A NORRIS EN SPA I Briefing\" width=\"500\" height=\"281\" src=\"https:\/\/www.youtube.com\/embed\/HmrspkewL6s?feature=oembed\" frameborder=\"0\" allow=\"accelerometer; autoplay; clipboard-write; encrypted-media; gyroscope; picture-in-picture; web-share\" referrerpolicy=\"strict-origin-when-cross-origin\" allowfullscreen><\/iframe>\n<\/div><\/figure>\n\n\n\n<p class=\"wp-block-paragraph\"><strong>&#8220;En el caso de Carlos, apostamos a que la carrera se celebrara bajo la lluvia durante m\u00e1s tiempo, as\u00ed que, como otros equipos, instalamos un aler\u00f3n trasero ligeramente m\u00e1s grande. Al final, solo dimos unas 10 vueltas en esas condiciones, y el coche fue m\u00e1s lento en pista seca. As\u00ed que no vali\u00f3 la pena&#8221;<\/strong>, continu\u00f3 el director del equipo.<br><br><strong>&#8220;Su parada en boxes tambi\u00e9n fue mala, y me disculpo por ello. Lo solucionaremos y nos aseguraremos de que, a medida que avance la temporada, operemos al m\u00e1ximo nivel&#8221;<\/strong>, a\u00f1adi\u00f3.<br><br>Vowles se mostr\u00f3 alentado por el rendimiento del <strong>FW47 <\/strong>y espera que las pr\u00f3ximas carreras sean igual de positivas: <strong>&#8220;Estamos entusiasmados con los cambios que hemos realizado. Fue un fin de semana s\u00f3lido, y se puede ver que el rendimiento del coche est\u00e1 volviendo. La parte media de la parrilla sigue estando muy re\u00f1ida, pero estoy deseando que lleguen las pr\u00f3ximas carreras, donde tambi\u00e9n conseguiremos buenos resultados&#8221;.<\/strong><\/p>\n\n\n\n<p class=\"wp-block-paragraph\">\u23e9 <em><strong>\u00a1Seguinos en redes por <\/strong><\/em><a href=\"https:\/\/twitter.com\/grandepremioES\"><em><u>Twitter <\/u><\/em><\/a><em><strong>e <\/strong><\/em><a href=\"https:\/\/www.instagram.com\/grandepremioes\/\"><em><u>Instagram!<br><\/u><\/em><\/a>\u23e9 <em><strong>Adem\u00e1s, tenemos nuestro <\/strong><\/em><a href=\"https:\/\/whatsapp.com\/channel\/0029VaDZ5zb0gcfDxuwxBM05\"><em><u>canal de Whatsapp<\/u><\/em><\/a><em><strong> con toda la informaci\u00f3n al instante<\/strong><\/em> \ud83c\udfc1<br><br>La F\u00f3rmula 1 regresa este fin de semana, del 1 al 3 de agosto, a Hungaroring, sede del Gran Premio de Hungr\u00eda, la decimocuarta prueba de la temporada 2025.<\/p>\n","protected":false},"excerpt":{"rendered":"<p>El director del equipo Williams, James Vowles, mencion\u00f3 errores, pero elogi\u00f3 el trabajo de Carlos Sainz y Alexander Albon para conseguir puntos importantes para la temporada 2025 de F1 y elogi\u00f3 las actualizaciones del FW47.<\/p>\n","protected":false},"author":0,"featured_media":1010354810,"comment_status":"closed","ping_status":"closed","sticky":false,"template":"","format":"standard","meta":{"42wp_featured_image_caption":"","42wp_featured_image_credits":"","42wp_featured_video":"","42wp_featured_image_hidden":false,"42wp_authors_list":[],"footnotes":""},"categories":[5],"tags":[293,302,179,10680,646,2094,1799,1203,497,204],"42wp_author":[14237],"class_list":["post-6112","post","type-post","status-publish","format-standard","has-post-thumbnail","hentry","category-f1","tag-alexander-albon","tag-carlos-sainz","tag-formula-1","tag-fw47","tag-gp-de-belgica","tag-grove","tag-james-vowles","tag-mundial-de-constructores","tag-sauber","tag-williams","42wp_author-gabriel-garcia"],"_links":{"self":[{"href":"https:\/\/grandepremio.com\/es\/wp-json\/wp\/v2\/posts\/6112","targetHints":{"allow":["GET"]}}],"collection":[{"href":"https:\/\/grandepremio.com\/es\/wp-json\/wp\/v2\/posts"}],"about":[{"href":"https:\/\/grandepremio.com\/es\/wp-json\/wp\/v2\/types\/post"}],"replies":[{"embeddable":true,"href":"https:\/\/grandepremio.com\/es\/wp-json\/wp\/v2\/comments?post=6112"}],"version-history":[{"count":0,"href":"https:\/\/grandepremio.com\/es\/wp-json\/wp\/v2\/posts\/6112\/revisions"}],"wp:featuredmedia":[{"embeddable":true,"href":"https:\/\/grandepremio.com\/es\/wp-json\/wp\/v2\/media\/1010354810"}],"wp:attachment":[{"href":"https:\/\/grandepremio.com\/es\/wp-json\/wp\/v2\/media?parent=6112"}],"wp:term":[{"taxonomy":"category","embeddable":true,"href":"https:\/\/grandepremio.com\/es\/wp-json\/wp\/v2\/categories?post=6112"},{"taxonomy":"post_tag","embeddable":true,"href":"https:\/\/grandepremio.com\/es\/wp-json\/wp\/v2\/tags?post=6112"},{"taxonomy":"42wp_author","embeddable":true,"href":"https:\/\/grandepremio.com\/es\/wp-json\/wp\/v2\/42wp_author?post=6112"}],"curies":[{"name":"wp","href":"https:\/\/api.w.org\/{rel}","templated":true}]}}