{"id":6123,"date":"2025-07-28T10:05:14","date_gmt":"2025-07-28T13:05:14","guid":{"rendered":"https:\/\/grandepremio.com\/es\/2025\/07\/28\/pernia-reis-el-pinar-tcr-south-america\/"},"modified":"2025-07-28T10:06:14","modified_gmt":"2025-07-28T13:06:14","slug":"pernia-reis-el-pinar-tcr-south-america","status":"publish","type":"post","link":"https:\/\/grandepremio.com\/es\/turismo\/pernia-reis-el-pinar-tcr-south-america\/","title":{"rendered":"Leonel Pern\u00eda y Reis vencen en la ronda de El Pinar del TCR South America"},"content":{"rendered":"\n<p class=\"wp-block-paragraph\"><strong>Leonel Pern\u00eda <\/strong>gan\u00f3 la primera carrera de la etapa de <strong>El Pinar<\/strong>, en<strong> Uruguay, <\/strong>v\u00e1lida por la sexta ronda del <strong>TCR South America<\/strong>, en la ma\u00f1ana de este domingo. El argentino larg\u00f3 bien, lleg\u00f3 a la punta, mantuvo el liderazgo hasta el final y cruz\u00f3 la bandera a cuadros en primer lugar. Los brasile\u00f1os <strong>Nelson Piquet Jr.<\/strong>, que marc\u00f3 la pole el s\u00e1bado, y <strong>Pedro Cardoso <\/strong>completaron el podio.<\/p>\n\n\n\n<p class=\"wp-block-paragraph\">Con este triunfo, Pern\u00eda, l\u00edder del campeonato, sum\u00f3 una nueva victoria a su campa\u00f1a en la temporada. <strong>Enzo Casella<\/strong> cruz\u00f3 la l\u00ednea de meta en cuarto lugar, mientras que <strong>Fabi\u00e1n Yannantuoni <\/strong>cerr\u00f3 el top 5.<\/p>\n\n\n\n<p class=\"wp-block-paragraph\"><strong>Raphael Reis <\/strong>cruz\u00f3 la l\u00ednea de meta en sexto lugar, por delante de<strong> Joaqu\u00edn Cafaro. Juan \u00c1ngel Rosso, Mariano Pern\u00eda y Benjam\u00edn Hites<\/strong> completaron los diez primeros lugares.<\/p>\n\n\n\n<p class=\"wp-block-paragraph\"><strong><em>\u00a1Todas las novedades te esperan en el canal de\u00a0<a href=\"https:\/\/www.youtube.com\/@GrandePremioES\" target=\"_blank\" rel=\"noreferrer noopener\">YouTube<\/a>\u00a0de Grande Pr\u00eamio en Espa\u00f1ol!<\/em><\/strong><\/p>\n\n\n\n<figure class=\"wp-block-image size-large\"><img decoding=\"async\" src=\"https:\/\/grandepremio.com\/cdn-cgi\/image\/width=893,height=558,fit=contain,gravity=0.5x0.5,quality=75,format=webp\/es\/wp-content\/uploads\/2025\/07\/image-56-1024x684.png\" alt=\"\" class=\"wp-image-354733\"\/><figcaption class=\"wp-element-caption\">Raphael Reis se impuso en la carrera 2 del TCR South America en Uruguay. (Foto: TCR)<\/figcaption><\/figure>\n\n\n\n<p class=\"wp-block-paragraph\"><strong><em>\u00a1Seguinos en redes por&nbsp;<\/em><\/strong><strong><em><a target=\"_blank\" href=\"https:\/\/twitter.com\/grandepremioES\" rel=\"noreferrer noopener\">Twitter&nbsp;<\/a><\/em><\/strong><strong><em>e&nbsp;<\/em><\/strong><strong><em><a target=\"_blank\" href=\"https:\/\/www.instagram.com\/grandepremioes\/\" rel=\"noreferrer noopener\">Instagram!<\/a><\/em><\/strong><br><strong><em>Adem\u00e1s, tenemos nuestro&nbsp;<\/em><\/strong><strong><em><a target=\"_blank\" href=\"https:\/\/whatsapp.com\/channel\/0029VaDZ5zb0gcfDxuwxBM05\" rel=\"noreferrer noopener\">canal de Whatsapp<\/a><\/em><\/strong><strong><em>&nbsp;con toda la informaci\u00f3n al instante<\/em><\/strong><\/p>\n\n\n\n<p class=\"wp-block-paragraph\">En la carrera 2, Reis fue quien control\u00f3 la prueba en <strong>El Pinar <\/strong>y se asegur\u00f3 este domingo la primera victoria de la <strong>temporada 2025<\/strong> de<strong>l TCR South America<\/strong>. Partiendo desde la segunda posici\u00f3n en la parrilla invertida, el brasile\u00f1o alcanz\u00f3 la punta al comienzo y gan\u00f3 con comodidad, seguido por Rosso y el chileno Hites.<\/p>\n\n\n\n<p class=\"wp-block-paragraph\"><strong>Tiago Pern\u00eda<\/strong> complet\u00f3 la competencia en cuarto lugar, con Cardoso cerrando los cinco primeros.<\/p>\n\n\n\n<p class=\"wp-block-paragraph\"><strong>Adri\u00e1n Chiriano<\/strong> se asegur\u00f3 la sexta posici\u00f3n, seguido por <strong>Enzo Gianfratti,<\/strong> que se recuper\u00f3 tras abandonar la carrera 1.<strong> Carlos Silva <\/strong>termin\u00f3 octavo, Yannantuoni qued\u00f3 en noveno lugar y<strong> Mar\u00eda Nienk\u00f6tter <\/strong>complet\u00f3 el top 10.<\/p>\n\n\n\n<p class=\"wp-block-paragraph\"><strong>El TCR South America volver\u00e1 a acelerar entre el 16 y el 17 de agosto en Curvelo, Minas Gerais.<\/strong> Pern\u00eda lidera el certamen con 406 puntos, seguido por Cardoso con 321.<\/p>\n\n\n\n<p class=\"wp-block-paragraph\"><\/p>\n","protected":false},"excerpt":{"rendered":"<p>Leonel Pern\u00eda, l\u00edder del campeonato, conquist\u00f3 la carrera 1 del fin de semana del TCR South America en El Pinar, Uruguay. El brasile\u00f1o Raphael Reis venci\u00f3 la segunda competencia.<\/p>\n","protected":false},"author":0,"featured_media":1010354687,"comment_status":"closed","ping_status":"closed","sticky":false,"template":"","format":"standard","meta":{"42wp_featured_image_caption":"","42wp_featured_image_credits":"","42wp_featured_video":"","42wp_featured_image_hidden":false,"42wp_authors_list":[],"footnotes":""},"categories":[11],"tags":[3162,9576,2451,2839],"42wp_author":[14223],"class_list":["post-6123","post","type-post","status-publish","format-standard","has-post-thumbnail","hentry","category-turismo","tag-el-pinar","tag-leonel-pernia","tag-raphael-reis","tag-tcr-south-america","42wp_author-esteban-nieto"],"_links":{"self":[{"href":"https:\/\/grandepremio.com\/es\/wp-json\/wp\/v2\/posts\/6123","targetHints":{"allow":["GET"]}}],"collection":[{"href":"https:\/\/grandepremio.com\/es\/wp-json\/wp\/v2\/posts"}],"about":[{"href":"https:\/\/grandepremio.com\/es\/wp-json\/wp\/v2\/types\/post"}],"replies":[{"embeddable":true,"href":"https:\/\/grandepremio.com\/es\/wp-json\/wp\/v2\/comments?post=6123"}],"version-history":[{"count":0,"href":"https:\/\/grandepremio.com\/es\/wp-json\/wp\/v2\/posts\/6123\/revisions"}],"wp:featuredmedia":[{"embeddable":true,"href":"https:\/\/grandepremio.com\/es\/wp-json\/wp\/v2\/media\/1010354687"}],"wp:attachment":[{"href":"https:\/\/grandepremio.com\/es\/wp-json\/wp\/v2\/media?parent=6123"}],"wp:term":[{"taxonomy":"category","embeddable":true,"href":"https:\/\/grandepremio.com\/es\/wp-json\/wp\/v2\/categories?post=6123"},{"taxonomy":"post_tag","embeddable":true,"href":"https:\/\/grandepremio.com\/es\/wp-json\/wp\/v2\/tags?post=6123"},{"taxonomy":"42wp_author","embeddable":true,"href":"https:\/\/grandepremio.com\/es\/wp-json\/wp\/v2\/42wp_author?post=6123"}],"curies":[{"name":"wp","href":"https:\/\/api.w.org\/{rel}","templated":true}]}}