{"id":6182,"date":"2025-07-25T16:46:26","date_gmt":"2025-07-25T19:46:26","guid":{"rendered":"https:\/\/grandepremio.com\/es\/2025\/07\/25\/mercedes-admite-decepcion-dice-sumar-puntos-sera-desafio-sprint\/"},"modified":"2025-07-25T16:47:36","modified_gmt":"2025-07-25T19:47:36","slug":"mercedes-admite-decepcion-dice-sumar-puntos-sera-desafio-sprint","status":"publish","type":"post","link":"https:\/\/grandepremio.com\/es\/f1\/mercedes-admite-decepcion-dice-sumar-puntos-sera-desafio-sprint\/","title":{"rendered":"Mercedes admite \u00abdecepci\u00f3n\u00bb y dice que \u00absumar puntos ser\u00e1 un desaf\u00edo\u00bb en la sprint"},"content":{"rendered":"\n<p class=\"wp-block-paragraph\">El fin de semana de <strong>Mercedes<\/strong> en el <strong>GP de B\u00e9lgica<\/strong>, la 13.\u00aa ronda de la <strong>temporada 2025<\/strong>, definitivamente no comenz\u00f3 como el equipo esperaba. <strong>Andrew Shovlin<\/strong>, director de ingenier\u00eda del equipo, describi\u00f3 el viernes como &#8220;decepcionante&#8221; y admiti\u00f3 que las posibilidades de sumar puntos en la sprint en <strong>Spa-Francorchamps<\/strong> son escasas.<\/p>\n\n\n\n<p class=\"wp-block-paragraph\">En la primera sesi\u00f3n de clasificaci\u00f3n para la carrera sprint, <strong>Andrea Kimi Antonelli<\/strong> cometi\u00f3 un error y se sali\u00f3 de la pista, lo que le ocasion\u00f3 el \u00faltimo puesto en la parrilla de salida. <strong>George Russell<\/strong>, por su parte, logr\u00f3 avanzar a la segunda sesi\u00f3n, pero no logr\u00f3 avanzar m\u00e1s y tuvo que conformarse con el 13.\u00ba puesto, con un tiempo m\u00e1s r\u00e1pido de 1min42s330.<\/p>\n\n\n\n<p class=\"wp-block-paragraph\">&#8220;Desde cualquier punto de vista, hoy fue una decepci\u00f3n. Optamos por usar el compuesto duro durante la mayor parte de la FP1, y cuando cambiamos al neum\u00e1tico medio para una vuelta simulada publicada al final de la sesi\u00f3n, ambos pilotos quedaron relativamente satisfechos con el rendimiento del coche. Mientras otros usaron el neum\u00e1tico blando, nosotros parec\u00edamos estar a la altura de nuestros competidores habituales&#8221;, declar\u00f3 Shovlin en la p\u00e1gina web oficial del equipo alem\u00e1n.<\/p>\n\n\n\n<p class=\"wp-block-paragraph\">\ud83d\udfe5&nbsp;<strong><em>\u00a1Todas las novedades te esperan en el canal de&nbsp;<\/em><\/strong><a href=\"https:\/\/www.youtube.com\/@GrandePremioES\"><em>YouTube<\/em><\/a><strong><em>&nbsp;de Grande Pr\u00eamio en Espa\u00f1ol!<\/em><\/strong>&nbsp;\ud83d\udfe8<\/p>\n\n\n\n<figure class=\"wp-block-video\"><video class=\"video-js vjs-big-play-centered\" data-gp-vjs=\"1\" controls src=\"https:\/\/grandepremio.com\/es\/wp-content\/uploads\/2025\/07\/SO9RZJKOYzRc7qOL.mp4\"><\/video><figcaption class=\"wp-element-caption\">Andrew Shovlin dijo que el despiste de Antonelli pudo da\u00f1ar ambos coches de Mercedes. (Video: Reproducci\u00f3n\/F1TV)<\/figcaption><\/figure>\n\n\n\n<p class=\"wp-block-paragraph\">\u23e9\u00a0<strong><em>\u00a1Seguinos en redes por\u00a0<\/em><\/strong><a href=\"https:\/\/twitter.com\/grandepremioES\"><em>Twitter\u00a0<\/em><\/a><strong><em>e\u00a0<\/em><\/strong><a href=\"https:\/\/www.instagram.com\/grandepremioes\/\"><em>Instagram!<\/em><\/a><br>\u23e9\u00a0<strong><em>Adem\u00e1s, tenemos nuestro\u00a0<\/em><\/strong><a href=\"https:\/\/whatsapp.com\/channel\/0029VaDZ5zb0gcfDxuwxBM05\"><em>canal de Whatsapp<\/em><\/a><strong><em>\u00a0con toda la informaci\u00f3n al instante<\/em><\/strong>\u00a0\ud83c\udfc1<\/p>\n\n\n\n<p class=\"wp-block-paragraph\">&#8220;Desafortunadamente, Kimi hizo un trompo en la primera vuelta de la sesi\u00f3n y da\u00f1\u00f3 el suelo y el difusor. Logr\u00f3 volver a la pista e intent\u00f3 una segunda vuelta, pero el da\u00f1o fue tan grave que no pudo marcar un tiempo competitivo&#8221;, lament\u00f3.<\/p>\n\n\n\n<p class=\"wp-block-paragraph\">&#8220;George estaba justo detr\u00e1s cuando Kimi hizo un trompo y tambi\u00e9n sufri\u00f3 da\u00f1os en el suelo y ara\u00f1azos por la grava. Esto probablemente contribuy\u00f3 a nuestro decepcionante rendimiento en la SQ2, aunque analizaremos si podr\u00edamos haber hecho algo diferente para obtener m\u00e1s rendimiento a pesar de esto&#8221;, explic\u00f3 el director del equipo Mercedes, quien expres\u00f3 su pesimismo sobre la sprint del s\u00e1bado.<\/p>\n\n\n\n<p class=\"wp-block-paragraph\">&#8220;Ser\u00e1 un desaf\u00edo sumar puntos significativos en el sprint de ma\u00f1ana, por lo que nuestro enfoque est\u00e1 en asegurar que el auto est\u00e9 en la ventana correcta para la clasificaci\u00f3n y la carrera del domingo&#8221;, concluy\u00f3.<\/p>\n\n\n\n<p class=\"wp-block-paragraph\">La&nbsp;<strong>F\u00f3rmula 1<\/strong>&nbsp;disputa este fin de semana el&nbsp;<strong>Gran Premio de B\u00e9lgica<\/strong>&nbsp;en el circuito de&nbsp;<strong>Spa-Francorchamps<\/strong>, decimotercera prueba de la&nbsp;<strong>temporada 2025<\/strong>.<\/p>\n\n\n\n<figure class=\"wp-block-embed is-type-rich is-provider-gestor-del-servicio wp-block-embed-gestor-del-servicio wp-embed-aspect-16-9 wp-has-aspect-ratio\"><div class=\"wp-block-embed__wrapper\">\nhttps:\/\/youtube.com\/watch?v=xNpPqgo4GJo%3Fversion%3D3%26rel%3D1%26showsearch%3D0%26showinfo%3D1%26iv_load_policy%3D1%26fs%3D1%26hl%3Des-ES%26autohide%3D2%26wmode%3Dtransparent\n<\/div><\/figure>\n","protected":false},"excerpt":{"rendered":"<p>El director de ingenier\u00eda de Mercedes, Andrew Shovlin, lament\u00f3 el resultado de la clasificaci\u00f3n del viernes y explic\u00f3 c\u00f3mo el incidente de Andrea Kimi Antonelli termin\u00f3 perjudicando el rendimiento de ambos coches.<\/p>\n","protected":false},"author":0,"featured_media":1010353539,"comment_status":"closed","ping_status":"closed","sticky":false,"template":"","format":"standard","meta":{"42wp_featured_image_caption":"","42wp_featured_image_credits":"","42wp_featured_video":"","42wp_featured_image_hidden":false,"42wp_authors_list":[],"footnotes":""},"categories":[5],"tags":[6800,1411,1710,179,253,646,197,637],"42wp_author":[14240],"class_list":["post-6182","post","type-post","status-publish","format-standard","has-post-thumbnail","hentry","category-f1","tag-andrea-kimi-antonelli","tag-andrew-shovlin","tag-f1-2025","tag-formula-1","tag-george-russell","tag-gp-de-belgica","tag-mercedes","tag-spa-francorchamps","42wp_author-ignacio-bogado"],"_links":{"self":[{"href":"https:\/\/grandepremio.com\/es\/wp-json\/wp\/v2\/posts\/6182","targetHints":{"allow":["GET"]}}],"collection":[{"href":"https:\/\/grandepremio.com\/es\/wp-json\/wp\/v2\/posts"}],"about":[{"href":"https:\/\/grandepremio.com\/es\/wp-json\/wp\/v2\/types\/post"}],"replies":[{"embeddable":true,"href":"https:\/\/grandepremio.com\/es\/wp-json\/wp\/v2\/comments?post=6182"}],"version-history":[{"count":0,"href":"https:\/\/grandepremio.com\/es\/wp-json\/wp\/v2\/posts\/6182\/revisions"}],"wp:featuredmedia":[{"embeddable":true,"href":"https:\/\/grandepremio.com\/es\/wp-json\/wp\/v2\/media\/1010353539"}],"wp:attachment":[{"href":"https:\/\/grandepremio.com\/es\/wp-json\/wp\/v2\/media?parent=6182"}],"wp:term":[{"taxonomy":"category","embeddable":true,"href":"https:\/\/grandepremio.com\/es\/wp-json\/wp\/v2\/categories?post=6182"},{"taxonomy":"post_tag","embeddable":true,"href":"https:\/\/grandepremio.com\/es\/wp-json\/wp\/v2\/tags?post=6182"},{"taxonomy":"42wp_author","embeddable":true,"href":"https:\/\/grandepremio.com\/es\/wp-json\/wp\/v2\/42wp_author?post=6182"}],"curies":[{"name":"wp","href":"https:\/\/api.w.org\/{rel}","templated":true}]}}