{"id":6196,"date":"2025-07-25T11:31:04","date_gmt":"2025-07-25T14:31:04","guid":{"rendered":"https:\/\/grandepremio.com\/es\/2025\/07\/25\/regreso-wrc-rally-argentina-david-eli-posibilidades-2027\/"},"modified":"2025-07-25T11:39:14","modified_gmt":"2025-07-25T14:39:14","slug":"regreso-wrc-rally-argentina-david-eli-posibilidades-2027","status":"publish","type":"post","link":"https:\/\/grandepremio.com\/es\/rally\/regreso-wrc-rally-argentina-david-eli-posibilidades-2027\/","title":{"rendered":"Promotor revela inter\u00e9s del WRC en regresar a Argentina, pero cita &#8220;problemas log\u00edsticos&#8221;"},"content":{"rendered":"\n<p class=\"wp-block-paragraph\">El regreso del <strong>Campeonato Mundial de Rally (WRC)<\/strong> a <strong>Argentina <\/strong>podr\u00eda concretarse en 2027. Seg\u00fan <strong>David Eli,<\/strong> director de la productora <strong>M\u00e1s Eventos<\/strong>, los organizadores del <strong>Mundial<\/strong>, junto con los promotores de la competici\u00f3n y las autoridades provinciales de <strong>C\u00f3rdoba<\/strong>, quieren recuperar la fecha en las pr\u00f3ximas temporadas.<\/p>\n\n\n\n<p class=\"wp-block-paragraph\">\ud83d\udfe5&nbsp;<strong><em>\u00a1Todas las novedades te esperan en el canal de&nbsp;<\/em><\/strong><a href=\"https:\/\/www.youtube.com\/@GrandePremioES\"><em>YouTube<\/em><\/a><strong><em>&nbsp;de Grande Pr\u00eamio en Espa\u00f1ol!<\/em><\/strong>&nbsp;\ud83d\udfe8<\/p>\n\n\n\n<p class=\"wp-block-paragraph\">El <strong>Rally de Argentina<\/strong> form\u00f3 parte del calendario del <strong>WRC <\/strong>entre 1980 y 2019. Las primeras ediciones se celebraron en <strong>Bariloche<\/strong>, en la provincia de <strong>R\u00edo Negro<\/strong>, hasta que en 1984 la prueba se traslad\u00f3 a <strong>C\u00f3rdoba<\/strong>, donde se estableci\u00f3 definitivamente. Tras cancelarse el evento de 2020 a causa de la pandemia de COVID-19, el evento no volvi\u00f3 al itinerario mundialista y, desde entonces, se est\u00e1 trabajando para recuperar la competencia.<\/p>\n\n\n\n<p class=\"wp-block-paragraph\"><strong>David Eli<\/strong>, referente rallysta de <strong>C\u00f3rdoba <\/strong>y director de la productora <strong>M\u00e1s Eventos<\/strong>, revel\u00f3 que existen negociaciones formales con el <strong>WRC <\/strong>para regresar al calendario. No obstante, una de las limitaciones es la fecha, ya que el <strong>Mundial <\/strong>exige que se realice entre los meses de septiembre y octubre, mientras que los organizadores pretenden que sea en los primeros meses del a\u00f1o debido al alto riesgo de incendios.<\/p>\n\n\n\n<p class=\"wp-block-paragraph\">\u00abNuestro objetivo es que el <strong>WRC <\/strong>regrese a <strong>Argentina <\/strong>en 2027. Esa es la intenci\u00f3n que compartimos con los organizadores del campeonato\u00bb, declar\u00f3 Eli a <em>La Voz del Interior<\/em>.<\/p>\n\n\n\n<p class=\"wp-block-paragraph\">\u00abEllos quieren la fecha entre septiembre y octubre, pero nos negamos por el riesgo de incendios. Somos una zona vulnerable y la combinaci\u00f3n del rally con el fuego no es buena\u00bb, explic\u00f3.<\/p>\n\n\n\n<p class=\"wp-block-paragraph\">\u23e9&nbsp;<strong><em>\u00a1Seguinos en redes por&nbsp;<\/em><\/strong><a href=\"https:\/\/twitter.com\/grandepremioES\"><em>Twitter&nbsp;<\/em><\/a><strong><em>e&nbsp;<\/em><\/strong><a href=\"https:\/\/www.instagram.com\/grandepremioes\/\"><em>Instagram!<\/em><\/a><br>\u23e9&nbsp;<strong><em>Adem\u00e1s, tenemos nuestro&nbsp;<\/em><\/strong><a href=\"https:\/\/whatsapp.com\/channel\/0029VaDZ5zb0gcfDxuwxBM05\"><em>canal de Whatsapp<\/em><\/a><strong><em>&nbsp;con toda la informaci\u00f3n al instante<\/em><\/strong>&nbsp;\ud83c\udfc1<\/p>\n\n\n\n<figure class=\"wp-block-image size-large\"><img decoding=\"async\" src=\"https:\/\/grandepremio.com\/es\/wp-content\/uploads\/2025\/07\/SI201905020101-1024x683.jpg\" alt=\"\" class=\"wp-image-353458\"\/><figcaption class=\"wp-element-caption\">Los organizadores del Rally de Argentina pidieron que la fecha se realice en abril o mayo debido al riesgo de incendios en la provincia de C\u00f3rdoba (Foto: Red Bull Content Pool)<\/figcaption><\/figure>\n\n\n\n<p class=\"wp-block-paragraph\">Seg\u00fan <strong>Eli<\/strong>, la presencia de los rallies de <strong>Paraguay <\/strong>y <strong>Chile <\/strong>tambi\u00e9n condiciona el regreso de Argentina al calendario mundialista y enfatiza que la competici\u00f3n podr\u00eda volver \u00fanicamente si alguna de las pruebas mencionadas se trasladara a principios de a\u00f1o.<\/p>\n\n\n\n<p class=\"wp-block-paragraph\">\u00abEl <strong>WRC <\/strong>quiere tener dos eventos en <strong>Sudam\u00e9rica<\/strong>, pero, por una cuesti\u00f3n log\u00edstica, ambos deben estar cerca en el calendario. La \u00fanica forma de que podamos encajar es que <strong>Chile <\/strong>o <strong>Paraguay <\/strong>muevan sus fechas a marzo o abril de 2027\u00bb, a\u00f1adi\u00f3.<\/p>\n\n\n\n<p class=\"wp-block-paragraph\">\u00abQueremos recuperar la fecha cl\u00e1sica, entre abril y mayo, pero necesitamos llegar a un acuerdo con los organizadores del campeonato y el <strong>Autom\u00f3vil Club Argentino<\/strong>. Tenemos el apoyo econ\u00f3mico necesario; solo hay que acordar la log\u00edstica y organizar el calendario\u00bb, concluy\u00f3 <strong>Eli<\/strong>.<\/p>\n\n\n\n<p class=\"wp-block-paragraph\">La pr\u00f3xima fecha del campeonato ser\u00e1 el tradicional <strong>Rally de Finlandia<\/strong>, entre el 31 de julio y el 3 de agosto. GRANDE PR\u00caMIO en ESPA\u00d1OL sigue de cerca todas las emociones del <strong>WRC<\/strong>.<\/p>\n\n\n\n<figure class=\"wp-block-embed is-type-video is-provider-youtube wp-block-embed-youtube wp-embed-aspect-16-9 wp-has-aspect-ratio\"><div class=\"wp-block-embed__wrapper\">\n<iframe loading=\"lazy\" title=\"GP DE B\u00c9LGICA 2025 - LA PREVIA\" width=\"500\" height=\"281\" src=\"https:\/\/www.youtube.com\/embed\/xNpPqgo4GJo?feature=oembed\" frameborder=\"0\" allow=\"accelerometer; autoplay; clipboard-write; encrypted-media; gyroscope; picture-in-picture; web-share\" referrerpolicy=\"strict-origin-when-cross-origin\" allowfullscreen><\/iframe>\n<\/div><\/figure>\n","protected":false},"excerpt":{"rendered":"<p>David Eli, director de la productora M\u00e1s Eventos, confirm\u00f3 negociaciones con el WRC, aunque admiti\u00f3 que el regreso del Rally de Argentina est\u00e1 limitado por las &#8220;condiciones log\u00edsticas&#8221; que impone el campeonato<\/p>\n","protected":false},"author":0,"featured_media":1010353456,"comment_status":"closed","ping_status":"closed","sticky":false,"template":"","format":"standard","meta":{"42wp_featured_image_caption":"","42wp_featured_image_credits":"","42wp_featured_video":"","42wp_featured_image_hidden":false,"42wp_authors_list":[],"footnotes":""},"categories":[9],"tags":[12696,1488,452,12695,11571,1226,9895],"42wp_author":[14239],"class_list":["post-6196","post","type-post","status-publish","format-standard","has-post-thumbnail","hentry","category-rally","tag-david-eli","tag-grande-premio","tag-rally","tag-rally-de-argentina","tag-temporada-2025-wrc","tag-wrc","tag-wrc-2025","42wp_author-jp-otrosky"],"_links":{"self":[{"href":"https:\/\/grandepremio.com\/es\/wp-json\/wp\/v2\/posts\/6196","targetHints":{"allow":["GET"]}}],"collection":[{"href":"https:\/\/grandepremio.com\/es\/wp-json\/wp\/v2\/posts"}],"about":[{"href":"https:\/\/grandepremio.com\/es\/wp-json\/wp\/v2\/types\/post"}],"replies":[{"embeddable":true,"href":"https:\/\/grandepremio.com\/es\/wp-json\/wp\/v2\/comments?post=6196"}],"version-history":[{"count":0,"href":"https:\/\/grandepremio.com\/es\/wp-json\/wp\/v2\/posts\/6196\/revisions"}],"wp:featuredmedia":[{"embeddable":true,"href":"https:\/\/grandepremio.com\/es\/wp-json\/wp\/v2\/media\/1010353456"}],"wp:attachment":[{"href":"https:\/\/grandepremio.com\/es\/wp-json\/wp\/v2\/media?parent=6196"}],"wp:term":[{"taxonomy":"category","embeddable":true,"href":"https:\/\/grandepremio.com\/es\/wp-json\/wp\/v2\/categories?post=6196"},{"taxonomy":"post_tag","embeddable":true,"href":"https:\/\/grandepremio.com\/es\/wp-json\/wp\/v2\/tags?post=6196"},{"taxonomy":"42wp_author","embeddable":true,"href":"https:\/\/grandepremio.com\/es\/wp-json\/wp\/v2\/42wp_author?post=6196"}],"curies":[{"name":"wp","href":"https:\/\/api.w.org\/{rel}","templated":true}]}}