{"id":6220,"date":"2025-07-24T10:05:58","date_gmt":"2025-07-24T13:05:58","guid":{"rendered":"https:\/\/grandepremio.com\/es\/2025\/07\/24\/isack-hadjar-racing-bulls-cambios-ingreso-alan-permane-f1-2025\/"},"modified":"2025-07-24T10:06:02","modified_gmt":"2025-07-24T13:06:02","slug":"isack-hadjar-racing-bulls-cambios-ingreso-alan-permane-f1-2025","status":"publish","type":"post","link":"https:\/\/grandepremio.com\/es\/f1\/isack-hadjar-racing-bulls-cambios-ingreso-alan-permane-f1-2025\/","title":{"rendered":"Hadjar asegura que &#8220;no hubo cambios&#8221; dentro de Racing Bulls tras el ingreso de Permane"},"content":{"rendered":"\n<p class=\"wp-block-paragraph\"><strong>Isack Hadjar<\/strong> afirm\u00f3 que el cambio en la direcci\u00f3n de <strong>Racing Bulls<\/strong>, con el traslado de <strong>Laurent Mekies<\/strong> a <strong>Red Bull<\/strong> y el ascenso de <strong>Alan Permane<\/strong> al cargo de jefe de equipo, no altera el trabajo en la temporada 2025 de <strong>F\u00f3rmula 1<\/strong>. En una entrevista en la jornada de prensa en <strong>Spa-Francorchamps<\/strong>, acompa\u00f1ada por GRANDE PR\u00caMIO, admiti\u00f3 su tristeza por la salida del antiguo jefe, pero destac\u00f3 que la estrecha relaci\u00f3n con <strong>Permane<\/strong> aporta tranquilidad a la transici\u00f3n interna.<\/p>\n\n\n\n<p class=\"wp-block-paragraph\">\ud83d\udfe5&nbsp;<strong><em>\u00a1Todas las novedades te esperan en el canal de&nbsp;<\/em><\/strong><a href=\"https:\/\/www.youtube.com\/@GrandePremioES\"><em>YouTube<\/em><\/a><strong><em>&nbsp;de Grande Pr\u00eamio en Espa\u00f1ol!<\/em><\/strong>&nbsp;\ud83d\udfe8<\/p>\n\n\n\n<p class=\"wp-block-paragraph\">Con la salida de <strong>Christian Horner<\/strong> del mando de <strong>Red Bull, Mekies<\/strong> fue elegido para dirigir el equipo austriaco. La decisi\u00f3n, aunque inesperada, no caus\u00f3 revuelo. <strong>Hadjar <\/strong>revel\u00f3 que estaba en la sede del equipo cuando se enter\u00f3 de la noticia, pero r\u00e1pidamente asimil\u00f3 el cambio gracias a la relaci\u00f3n ya establecida con <strong>Permane<\/strong>.<\/p>\n\n\n\n<p class=\"wp-block-paragraph\">\u00abMe tom\u00f3 por sorpresa el cambio, me enter\u00e9 el d\u00eda del anuncio. Estaba en la f\u00e1brica, trabajando en el simulador\u00bb, respondi\u00f3 cuando fue interrogado por GP.<\/p>\n\n\n\n<p class=\"wp-block-paragraph\">\u00abPara m\u00ed no cambia mucho. Conozco bien a <strong>Alan<\/strong>. Siempre fue callado, no suele aparecer mucho, pero es una parte importante del equipo. Adem\u00e1s de mi ingeniero, es la persona con la que tengo m\u00e1s cercan\u00eda\u00bb, dijo. \u00abYa ten\u00eda un papel importante en las decisiones sobre los coches, estuvo ayudando al equipo a obtener resultados s\u00f3lidos en los \u00faltimos a\u00f1os, as\u00ed que este cambio no va a interferir mucho\u00bb, explic\u00f3.<\/p>\n\n\n\n<p class=\"wp-block-paragraph\">El franc\u00e9s destac\u00f3 que la presencia de alguien con profundos conocimientos t\u00e9cnicos y experiencia con los pilotos es positiva para el equipo y aporta seguridad. Adem\u00e1s, afirm\u00f3 que la relaci\u00f3n de trabajo con Permane sigue siendo la misma.<\/p>\n\n\n\n<p class=\"wp-block-paragraph\">\u23e9\u00a0<em><strong>\u00a1Seguinos en redes por\u00a0<\/strong><\/em><a href=\"https:\/\/twitter.com\/grandepremioES\"><em><u>Twitter\u00a0<\/u><\/em><\/a><em><strong>e\u00a0<\/strong><\/em><a href=\"https:\/\/www.instagram.com\/grandepremioes\/\"><em><u>Instagram!<br><\/u><\/em><\/a>\u23e9\u00a0<em><strong>Adem\u00e1s, tenemos nuestro\u00a0<\/strong><\/em><a href=\"https:\/\/whatsapp.com\/channel\/0029VaDZ5zb0gcfDxuwxBM05\"><em><u>canal de Whatsapp<\/u><\/em><\/a><em><strong>\u00a0con toda la informaci\u00f3n al instante<\/strong><\/em>\u00a0\ud83c\udfc1<\/p>\n\n\n\n<figure class=\"wp-block-image size-large\"><img decoding=\"async\" src=\"https:\/\/grandepremio.com\/es\/wp-content\/uploads\/2025\/07\/AFP__20250724__67PR2T3__v1__HighRes__AutoPrixF1Bel-1200x800-1-1024x683.jpg\" alt=\"\" class=\"wp-image-353025\"\/><figcaption class=\"wp-element-caption\">Desde el Gran Premio de B\u00e9lgica, Laurent Mekies es el jefe de equipo de Red Bull (Foto: AFP)<\/figcaption><\/figure>\n\n\n\n<p class=\"wp-block-paragraph\">\u00abSiempre es bueno tener cerca a alguien con experiencia en ingenier\u00eda, ayuda mucho. Trabajamos muy juntos. Incluso en su nueva funci\u00f3n, seguir\u00e1 con nosotros, as\u00ed que no tendremos problemas\u00bb, afirm\u00f3.<\/p>\n\n\n\n<p class=\"wp-block-paragraph\">\u00abSi trajeran a alguien de fuera, ser\u00eda diferente. Habl\u00e9 con <strong>Alan <\/strong>esta ma\u00f1ana y, no lo digo como cr\u00edtica, pero no ha cambiado nada en la forma en que trabajamos ahora que es jefe del equipo. As\u00ed que todo sigue como antes\u00bb, a\u00f1adi\u00f3.<\/p>\n\n\n\n<p class=\"wp-block-paragraph\">Por \u00faltimo, <strong>Hadjar <\/strong>admiti\u00f3 que los miembros de <strong>Racing Bulls<\/strong> sintieron el anuncio de la salida de <strong>Mekies<\/strong>, pero reconoci\u00f3 que el cambio era natural.<\/p>\n\n\n\n<p class=\"wp-block-paragraph\">\u00ab<strong>Laurent <\/strong>tuvo una gran influencia en el equipo, especialmente para los ingenieros y mec\u00e1nicos. Nos tom\u00f3 por sorpresa, claro. Estamos un poco tristes por su salida, pero as\u00ed son las cosas\u00bb, concluy\u00f3.<\/p>\n\n\n\n<p class=\"wp-block-paragraph\">La&nbsp;<strong>F\u00f3rmula 1<\/strong>&nbsp;regresa del 25 al 27 de julio en&nbsp;<strong>Spa-Francorchamps<\/strong>, escenario del&nbsp;<strong>Gran Premio de B\u00e9lgica<\/strong>, decimotercera fecha de la&nbsp;<strong>temporada 2025<\/strong>.<\/p>\n\n\n\n<figure class=\"wp-block-embed is-type-video is-provider-youtube wp-block-embed-youtube wp-embed-aspect-16-9 wp-has-aspect-ratio\"><div class=\"wp-block-embed__wrapper\">\n<iframe loading=\"lazy\" title=\"GP DE B\u00c9LGICA 2025 - LA PREVIA\" width=\"500\" height=\"281\" src=\"https:\/\/www.youtube.com\/embed\/xNpPqgo4GJo?feature=oembed\" frameborder=\"0\" allow=\"accelerometer; autoplay; clipboard-write; encrypted-media; gyroscope; picture-in-picture; web-share\" referrerpolicy=\"strict-origin-when-cross-origin\" allowfullscreen><\/iframe>\n<\/div><\/figure>\n","protected":false},"excerpt":{"rendered":"<p>En declaraciones a GRANDE PR\u00caMIO, Isack Hadjar revel\u00f3 que estaba en el simulador cuando se enter\u00f3 del fichaje de Laurent Mekies por Red Bull. A pesar de la sorpresa, reforz\u00f3 su confianza en Alan Permane al mando de Racing Bulls.<\/p>\n","protected":false},"author":0,"featured_media":1010353018,"comment_status":"closed","ping_status":"closed","sticky":false,"template":"","format":"standard","meta":{"42wp_featured_image_caption":"","42wp_featured_image_credits":"","42wp_featured_video":"","42wp_featured_image_hidden":false,"42wp_authors_list":[],"footnotes":""},"categories":[5],"tags":[1514,181,1710,179,8059,1488,2300,9812,9647],"42wp_author":[14239],"class_list":["post-6220","post","type-post","status-publish","format-standard","has-post-thumbnail","hentry","category-f1","tag-alan-permane","tag-f1","tag-f1-2025","tag-formula-1","tag-formula-1-2025","tag-grande-premio","tag-isack-hadjar","tag-racing-bulls","tag-temporada-2025-f1","42wp_author-jp-otrosky"],"_links":{"self":[{"href":"https:\/\/grandepremio.com\/es\/wp-json\/wp\/v2\/posts\/6220","targetHints":{"allow":["GET"]}}],"collection":[{"href":"https:\/\/grandepremio.com\/es\/wp-json\/wp\/v2\/posts"}],"about":[{"href":"https:\/\/grandepremio.com\/es\/wp-json\/wp\/v2\/types\/post"}],"replies":[{"embeddable":true,"href":"https:\/\/grandepremio.com\/es\/wp-json\/wp\/v2\/comments?post=6220"}],"version-history":[{"count":0,"href":"https:\/\/grandepremio.com\/es\/wp-json\/wp\/v2\/posts\/6220\/revisions"}],"wp:featuredmedia":[{"embeddable":true,"href":"https:\/\/grandepremio.com\/es\/wp-json\/wp\/v2\/media\/1010353018"}],"wp:attachment":[{"href":"https:\/\/grandepremio.com\/es\/wp-json\/wp\/v2\/media?parent=6220"}],"wp:term":[{"taxonomy":"category","embeddable":true,"href":"https:\/\/grandepremio.com\/es\/wp-json\/wp\/v2\/categories?post=6220"},{"taxonomy":"post_tag","embeddable":true,"href":"https:\/\/grandepremio.com\/es\/wp-json\/wp\/v2\/tags?post=6220"},{"taxonomy":"42wp_author","embeddable":true,"href":"https:\/\/grandepremio.com\/es\/wp-json\/wp\/v2\/42wp_author?post=6220"}],"curies":[{"name":"wp","href":"https:\/\/api.w.org\/{rel}","templated":true}]}}