{"id":6239,"date":"2025-07-22T17:10:27","date_gmt":"2025-07-22T20:10:27","guid":{"rendered":"https:\/\/grandepremio.com\/es\/2025\/07\/22\/fenestraz-es-anunciado-sabado-sprint-super-gt-fuji\/"},"modified":"2025-07-22T17:10:32","modified_gmt":"2025-07-22T20:10:32","slug":"fenestraz-es-anunciado-sabado-sprint-super-gt-fuji","status":"publish","type":"post","link":"https:\/\/grandepremio.com\/es\/resistencia\/fenestraz-es-anunciado-sabado-sprint-super-gt-fuji\/","title":{"rendered":"Fenestraz es anunciado para correr el s\u00e1bado en el fin de semana sprint del S\u00faper GT en Fuji"},"content":{"rendered":"\n<p class=\"wp-block-paragraph\">Tras el paso por <strong>Sepang<\/strong>, <a href=\"https:\/\/grandepremio.com\/es\/resistencia\/toyota-super-gt-7-victoria-consecutiva-fenestraz-sepang\/\" target=\"_blank\" rel=\"noreferrer noopener\">que dej\u00f3 un doble trago amargo por la rotura del motor en la Q2 y por un toque de <strong>Yuhi Sekiguchi<\/strong> a <strong>Sho Tsuboi<\/strong> en la largada<\/a>, <strong>Sacha Fenestraz<\/strong> volver\u00e1 a competir en el <strong>S\u00faper GT<\/strong> en la cuarta fecha, pero solo lo har\u00e1 en una carrera, la del s\u00e1bado, pactada a 35 vueltas, con ambas clases en pista. Est\u00e1 previsto que no se apliquen los sistemas de peso y de restricci\u00f3n de flujo de combustible, igual a la \u00faltima fecha del campeonato.<\/p>\n\n\n\n<p class=\"wp-block-paragraph\">\ud83d\udfe5&nbsp;<strong><em>\u00a1Todas las novedades te esperan en el canal de&nbsp;<\/em><\/strong><a href=\"https:\/\/www.youtube.com\/@GrandePremioES\"><em>YouTube<\/em><\/a><strong><em>&nbsp;de Grande Pr\u00eamio en Espa\u00f1ol!<\/em><\/strong>&nbsp;\ud83d\udfe8<\/p>\n\n\n\n<p class=\"wp-block-paragraph\">A diferencia del formato habitual, la categor\u00eda decidi\u00f3 optar por un cambio para su segunda visita al <strong>Fuji Speedway<\/strong> entre el 1\u00b0 y el 3 de agosto, ya que las clases <strong>GT500 <\/strong>y <strong>GT300 <\/strong>solo compartir\u00e1n pista en la competencia sprint del s\u00e1bado. El domingo, en cambio, Sekiguchi manejar\u00e1 el <strong>Denso Kobelco Sard GR Supra <\/strong>n\u00famero 39 en la carrera que solo tendr\u00e1 coches de la clase mayor, separados de la divisional menor, que competir\u00e1n entre ellos en una prueba aparte.<\/p>\n\n\n\n<p class=\"wp-block-paragraph\">La otra gran diferencia con el formato tradicional es que no habr\u00e1 ni paradas obligatorias, ni cambio de pilotos, cambio de gomas ni repostaje de combustible. Lo que s\u00ed volver\u00e1 es la cantidad de autos habitual, de 43 coches, ya que se reincorporan los equipos que no pudieron participar en Malasia por cuestiones de espacio en boxes y el Shade #20 se recuper\u00f3 de un terrible incendio en una prueba en mayo.<\/p>\n\n\n\n<figure class=\"wp-block-embed is-type-video is-provider-youtube wp-block-embed-youtube wp-embed-aspect-16-9 wp-has-aspect-ratio\"><div class=\"wp-block-embed__wrapper\">\n<iframe loading=\"lazy\" title=\"BUENOS AIRES ANUNCIA REGRESO DE MOTOGP EN 2027 Y PONE LA VISTA EN LA F1\" width=\"500\" height=\"281\" src=\"https:\/\/www.youtube.com\/embed\/EbtNmZOd-u8?feature=oembed\" frameborder=\"0\" allow=\"accelerometer; autoplay; clipboard-write; encrypted-media; gyroscope; picture-in-picture; web-share\" referrerpolicy=\"strict-origin-when-cross-origin\" allowfullscreen><\/iframe>\n<\/div><\/figure>\n\n\n\n<p class=\"wp-block-paragraph\">Debido a que no habr\u00e1 paradas, por eso los equipos han designado a un piloto para cada carrera. En total, <strong>habr\u00e1 triple acci\u00f3n el fin de semana<\/strong>: el s\u00e1bado con los 43 autos corriendo, y <strong>el domingo con las clases por separado<\/strong> a 50 minutos como m\u00e1ximo de duraci\u00f3n. Al ser dos competencias diferentes, las mismas tendr\u00e1n el puntaje a la mitad y <strong>una clasificaci\u00f3n en cada <\/strong>d\u00eda, siempre siendo el corredor designado el que complete la actividad.<\/p>\n\n\n\n<p class=\"wp-block-paragraph\"><strong>Vuelve De Oliveira<\/strong><\/p>\n\n\n\n<p class=\"wp-block-paragraph\"><strong>Joao Paulo de Oliveira<\/strong> regresar\u00e1 en Fuji al Nissan del Kondo Racing en GT300 luego de disputar sus compromisos en Brasil para acompa\u00f1ar a Kohei Hirate. Adem\u00e1s, el <strong>Hatsune Miku AMG<\/strong> volver\u00e1 a tener a su dupla ya <em>\u201ccl\u00e1sica\u201d<\/em>, Tatsuya Kataoka y Nobuteru Taniguchi, despu\u00e9s de que ambos disputaran las 24 horas de Spa.<\/p>\n\n\n\n<p class=\"wp-block-paragraph\">Seg\u00fan <em>Sportscar365.com<\/em>, Harry King har\u00e1 su aparici\u00f3n en el <strong>Porsche <\/strong>del equipo Seven x Seven junto a Tsubasa Kondo, por lo que Kiyoto Fujinami se centrar\u00e1 en su rol como director del equipo. Por \u00faltimo el equipo, Tomei Sports conf\u00eda en Rin Arakawa y Hironobu Shimizu, mientras que el piloto habitual Takayuki Aoki no podr\u00e1 competir este fin de semana.<\/p>\n\n\n\n<figure class=\"wp-block-image size-large\"><img decoding=\"async\" src=\"https:\/\/grandepremio.com\/cdn-cgi\/image\/width=893,height=558,fit=contain,gravity=0.5x0.5,quality=75,format=webp\/es\/wp-content\/uploads\/2025\/07\/image-42-1024x683.png\" alt=\"\" class=\"wp-image-352869\"\/><figcaption class=\"wp-element-caption\">Sacha Fenestraz afrontar\u00e1 un nuevo desaf\u00edo en el S\u00faper GT en Fuji. (Foto: Team Sard)<\/figcaption><\/figure>\n\n\n\n<p class=\"wp-block-paragraph\"><strong>LISTA COMPLETA DE PILOTOS-SUPER GT EN FUJI<\/strong><\/p>\n\n\n\n<p class=\"wp-block-paragraph\"><strong>Carrera 1 2\/8: 35 vueltas<\/strong><br><br><strong>GT500: <\/strong>Sho Tsuboi, Daiki Sasaki, Tomoki Nojiri, Bertrand Baguette, Kazuya Oshima, Hiroki Otsu, Shun Koide, Sena Sakaguchi, Mitsunori Takaboshi, Tsugio Matsuda, Ukyo Sasahara, Toshiki Oyu, <strong>Sacha Fenestraz<\/strong>, Takuya Izawa, Tadasuke Makino<br><strong><br>GT300: <\/strong>Takashi Kogure, Hibiki Taira, Tatsuya Kataoka, Yusuke Shiotsu, Roberto Merhi, Rikuto Kobayashi, Ryohei Sakaguchi, Ryuichiro Tomita, Takashi Kobayashi, Eijiro Shimizu, Masaki Kanou, Kimiya Sato, Igor Fraga, Manabu Orido, Oliver Rasmussen, Takuro Shinohara, Taiyou Ida, Hiroki Yoshida, Joao Paulo de Oliveira, Shunsuke Kohno, Hideki Yamauchi, Yuya Hiraki, Naoya Gamou, Kosuke Matsuura, Morio Nitta, Rin Arakawa, Tsubasa Kondo, Charlie Fagg<br><br><strong>Carrera 2 3\/8: 50 minutos<br><\/strong><br><strong>GT500<\/strong>: Kenta Yamashita, Atsushi Miyake, Nobuharu Matsushita, Kazuki Hiramine, Nirei Fukuzumi, Ren Sato, Koudai Tsukakoshi, Yuji Kunimoto, Katsumasa Chiyo, Teppei Natori, Giuliano Alesi, Hiroaki Ishiura, <strong>Yuhi Sekiguchi<\/strong>, Riki Okusa, Naoki Yamamoto<br><strong><br>GT300<\/strong>: Yuya Motojima, Yuui Tsutsumi, Nobuteru Taniguchi, Iori Kimura, Yoshiaki Katayama, Zak O&#8217;Sullivan, Yusuke Tomibayashi, Kazuki Oki, Yuto Nomura, Katsuyuki Hiranaka, Masaki Jyonai, Takamitsu Matsui, Hironobu Yasuda, Hiroaki Nagai, Miki Koyama, Kei Cozzolino, Yusuke Shibaku, Kohei Hirate, Hiroki Yoshimoto, Takuto Iguchi, Reiji Hiraki, Togo Suganami, Natsu Sakaguchi, Shinichi Takagi, Hironobu Shimizu, Harry King, Tomonobu Fujii<\/p>\n","protected":false},"excerpt":{"rendered":"<p>La empresa promotora del S\u00faper GT, la GT Association (GTA), public\u00f3 esta semana como ser\u00e1 la asignaci\u00f3n de los pilotos para las carreras de la cuarta fecha del campeonato para las dos clases, que correr\u00e1n juntas y por separado en Fuji, en poco menos de dos semanas. Sacha Fenestraz correr\u00e1 el s\u00e1bado a bordo del Denso Kobelco Sard GR Supra.<\/p>\n","protected":false},"author":0,"featured_media":1010352866,"comment_status":"closed","ping_status":"closed","sticky":false,"template":"","format":"standard","meta":{"42wp_featured_image_caption":"","42wp_featured_image_credits":"","42wp_featured_video":"","42wp_featured_image_hidden":false,"42wp_authors_list":[],"footnotes":""},"categories":[19],"tags":[12162,12094,7070,6693,6694,7072,308,3007,2077,7074,11052,11352],"42wp_author":[14237],"class_list":["post-6239","post","type-post","status-publish","format-standard","has-post-thumbnail","hentry","category-resistencia","tag-39-denso-kobelco-sard-gr-supra","tag-4-hatsune-miku-amg","tag-fuji-speedway","tag-gt300","tag-gt500","tag-joao-paulo-de-oliveira-2","tag-porsche","tag-sacha-fenestraz","tag-sepang","tag-sho-tsuboi","tag-super-gt-2","tag-yuhi-sekiguchi","42wp_author-gabriel-garcia"],"_links":{"self":[{"href":"https:\/\/grandepremio.com\/es\/wp-json\/wp\/v2\/posts\/6239","targetHints":{"allow":["GET"]}}],"collection":[{"href":"https:\/\/grandepremio.com\/es\/wp-json\/wp\/v2\/posts"}],"about":[{"href":"https:\/\/grandepremio.com\/es\/wp-json\/wp\/v2\/types\/post"}],"replies":[{"embeddable":true,"href":"https:\/\/grandepremio.com\/es\/wp-json\/wp\/v2\/comments?post=6239"}],"version-history":[{"count":0,"href":"https:\/\/grandepremio.com\/es\/wp-json\/wp\/v2\/posts\/6239\/revisions"}],"wp:featuredmedia":[{"embeddable":true,"href":"https:\/\/grandepremio.com\/es\/wp-json\/wp\/v2\/media\/1010352866"}],"wp:attachment":[{"href":"https:\/\/grandepremio.com\/es\/wp-json\/wp\/v2\/media?parent=6239"}],"wp:term":[{"taxonomy":"category","embeddable":true,"href":"https:\/\/grandepremio.com\/es\/wp-json\/wp\/v2\/categories?post=6239"},{"taxonomy":"post_tag","embeddable":true,"href":"https:\/\/grandepremio.com\/es\/wp-json\/wp\/v2\/tags?post=6239"},{"taxonomy":"42wp_author","embeddable":true,"href":"https:\/\/grandepremio.com\/es\/wp-json\/wp\/v2\/42wp_author?post=6239"}],"curies":[{"name":"wp","href":"https:\/\/api.w.org\/{rel}","templated":true}]}}