{"id":6276,"date":"2025-07-20T12:00:00","date_gmt":"2025-07-20T15:00:00","guid":{"rendered":"https:\/\/grandepremio.com\/es\/2025\/07\/20\/fenestraz-revela-regreso-asesor-reitera-no-contentarme-5\/"},"modified":"2025-07-20T13:50:08","modified_gmt":"2025-07-20T16:50:08","slug":"fenestraz-revela-regreso-asesor-reitera-no-contentarme-5","status":"publish","type":"post","link":"https:\/\/grandepremio.com\/es\/super-formula\/fenestraz-revela-regreso-asesor-reitera-no-contentarme-5\/","title":{"rendered":"Fenestraz revela regreso de asesor y reitera: &#8220;No estoy para contentarme con ser 5\u00b0&#8221;"},"content":{"rendered":"\n<p class=\"wp-block-paragraph\">Luego de tanto penar durante el fin de semana de la cuarta fecha de <strong>S\u00faper F\u00f3rmula<\/strong> en <strong>Fuji<\/strong>, finalmente <strong>Sacha Fenestraz<\/strong> se pudo lucir en la carrera del domingo, con el quinto puesto por la sanci\u00f3n que recibi\u00f3 <strong>Ren Sato<\/strong> por irse fuera de pista con el auto de seguridad. Despu\u00e9s de la actividad, charl\u00f3 con varios medios, con presencia de <em>GRANDE PREMIO<\/em>.<\/p>\n\n\n\n<p class=\"wp-block-paragraph\">Este medio abri\u00f3 la conversaci\u00f3n queriendo saber del piloto argentino por sus sensaciones de la maniobra con <strong>Tadasuke Makino<\/strong>: <strong>\u201cLa maniobra con Makino fue justita, pas\u00e9 muy cerca del pit wall, casi romp\u00ed el ala delantera porque se movi\u00f3 para adentro y casi toco su rueda trasera, fue jutito, pero se dio. Sab\u00eda que era muy importante ir para adelante y ven\u00eda medio lento despu\u00e9s de la parada, fue una buena estrategia desde ese lado haber utilizado el Push To Pass mientras \u00e9l lo recargaba\u201d.<\/strong><\/p>\n\n\n\n<p class=\"wp-block-paragraph\">Un dato que se brind\u00f3 en la transmisi\u00f3n oficial fue que <strong>Michael Krumm<\/strong>, ex campe\u00f3n de S\u00faper GT y de extensa trayectoria en el automovilismo japon\u00e9s, hab\u00eda vuelto como asesor, y se lo confirm\u00f3 a GRANDE PREMIO: <strong>\u201cEste fin de semana lo traje de vuelta a Michael Krumm, le dije si le pintaba volver a trabar conmigo, aunque \u00e9l ya trabaja para el Tom&#8217;s, pero en S\u00faper GT, me dijo que se sumaba sin ning\u00fan problema as\u00ed que fue positivo tenerlo, porque nos entendimos muy bien hace dos a\u00f1os (en Kondo Racing), tuvimos un muy buen a\u00f1o, sabe lo que necesito, me ayuda mucho en la comunicaci\u00f3n con mi ingeniero porque me entiende mucho de lo que necesito del auto y me ayuda a progresar e ir para adelante\u201d.<\/strong><\/p>\n\n\n\n<figure class=\"wp-block-embed is-type-video is-provider-youtube wp-block-embed-youtube wp-embed-aspect-16-9 wp-has-aspect-ratio\"><div class=\"wp-block-embed__wrapper\">\n<iframe loading=\"lazy\" title=\"ESPECIAL GP: FANGIO, 30 A\u00d1OS DE LEYENDA\" width=\"500\" height=\"281\" src=\"https:\/\/www.youtube.com\/embed\/jPRGtQukZ9c?feature=oembed\" frameborder=\"0\" allow=\"accelerometer; autoplay; clipboard-write; encrypted-media; gyroscope; picture-in-picture; web-share\" referrerpolicy=\"strict-origin-when-cross-origin\" allowfullscreen><\/iframe>\n<\/div><\/figure>\n\n\n\n<p class=\"wp-block-paragraph\">Sacha indic\u00f3 que sigui\u00f3 presionando por cambios al <strong>Tom&#8217;s Racing<\/strong>, que pudieron verse reflejados en el rendimiento del auto: <strong>&#8220;Lo que dije de los cambios que copiamos del Kondo Racing, al prinicpio el equipo no estaba feliz de hacerlo, pero sab\u00edan que necesitaba eso del auto y me cambi\u00f3 por completo la performance del auto en ritmo de carrera. Me cost\u00f3 un poco antes del auto de seguridad, Makino ven\u00eda r\u00e1pido, y una vez que cambiamos las gomas, cuando ven\u00eda m\u00e1s liviano de nafta, el auto empez\u00f3 a andar mejor y ten\u00edamos un ritmo muy similar a los primeros&#8221;.<\/strong><\/p>\n\n\n\n<p class=\"wp-block-paragraph\"><strong>&#8220;Sabemos lo que necesitamos para ir para adelante. Creo que encontramos m\u00e1s o menos una soluci\u00f3n, nos falta mejorar en el ritmo de clasificaci\u00f3n, esta ma\u00f1ana saqu\u00e9 lo que pod\u00eda, no ten\u00eda m\u00e1s que una o dos d\u00e9cimas, nos falta un poco de ritmo\u201d<\/strong>, agreg\u00f3.<\/p>\n\n\n\n<p class=\"wp-block-paragraph\"><strong>\u201cPara la confianza me hac\u00eda falta este resultado porque estamos teniendo un a\u00f1o complicado, y ven\u00eda de un a\u00f1o dif\u00edcil el a\u00f1o pasado, ayuda, pero no es un solo resultado lo que va a levantar mi confianza definitivamente. Paso a paso, haber probado tantas cosas y haber mejorado el ritmo en carrera me da confianza, hay que seguir laburando, lo de hoy ayuda m\u00e1s que todo en ritmo de carrera\u201d,<\/strong> reconoci\u00f3 el piloto de 25 a\u00f1os sobre este resultado de hoy.<\/p>\n\n\n\n<figure class=\"wp-block-image size-large\"><img decoding=\"async\" src=\"https:\/\/grandepremio.com\/cdn-cgi\/image\/width=893,height=558,fit=contain,gravity=0.5x0.5,quality=75,format=webp\/es\/wp-content\/uploads\/2025\/07\/image-39-1024x682.png\" alt=\"\" class=\"wp-image-352486\"\/><figcaption class=\"wp-element-caption\">Sacha Fenestraz se alegra con el 5\u00b0 puesto en Fuji, pero quiere m\u00e1s. (Foto: JRP)<\/figcaption><\/figure>\n\n\n\n<p class=\"wp-block-paragraph\">Algo que cambi\u00f3 el desarrollo de la carrera fue el ingreso del auto de seguridad que, seg\u00fan admiti\u00f3 Fenestraz, fue beneficioso para su estrategia: <strong>\u201cEl auto de seguridad me ayud\u00f3 mucho porque, con el primer juego de gomas con el que arranqu\u00e9, no me sent\u00ed c\u00f3modo arriba del auto, no ten\u00eda agarre aunque las gomas eran nuevas, cuando puse las otras gomas me sent\u00ed m\u00e1s c\u00f3modo. Si no entr\u00e1bamos a boxes antes de la vuelta 10, el plan era hacerlo casi al final, en la vuelta 30, por suerte sali\u00f3 el auto de seguridad, porque no estaba c\u00f3modo con el ritmo, ven\u00eda defendiendo en lugar de atacando\u201d.<\/strong><\/p>\n\n\n\n<p class=\"wp-block-paragraph\"><strong>\u201cSi me tiraba a matar con el ritmo hubiera llegado, pero el piloto de adelante ten\u00eda cinco segundos de recargo y lo vi muy agresivo cuando lo pas\u00f3 Kamui, as\u00ed que dije voy a llegar atr\u00e1s suyo, no vi la necesidad de arriesgar tanto, porque me iba a pelear la posici\u00f3n, me pude haber acercado m\u00e1s, pero te pon\u00e9s a un segundo del auto de adelante y perd\u00e9s carga y gastas las gomas, la estrategia era guardar el Push To pass y usarlo para ganar posiciones por si pasaba algo, cosa que no sucedi\u00f3, pero lo quise tener hasta el final\u201d,<\/strong> reflexion\u00f3 acerca de si pod\u00eda, o no, apretar m\u00e1s y luchar por el podio en el tramo final de la competencia.<\/p>\n\n\n\n<p class=\"wp-block-paragraph\"><strong>\u201cNo estoy para contentarme con estar quinto, pero es un paso adelante comparado con lo que pas\u00f3 ayer, nos falta bastante para estar adelante, queremos mantener este tipo de resultado, es un poco un sube y baja, ahora hay que encontrar y mantener el ritmo. La pr\u00f3xima es en Sugo que es un circuito que me gusta mucho y donde gan\u00e9, vamos a ver si dimos un paso adelante, o no\u201d, <\/strong>concluy\u00f3, tajante, Fenestraz sobre lo que quiere para el resto de la temporada.<\/p>\n\n\n\n<p class=\"wp-block-paragraph\">\u23e9 <em><strong>\u00a1Seguinos en redes por <\/strong><\/em><a href=\"https:\/\/twitter.com\/grandepremioES\"><em><u>Twitter <\/u><\/em><\/a><em><strong>e <\/strong><\/em><a href=\"https:\/\/www.instagram.com\/grandepremioes\/\"><em><u>Instagram!<br><\/u><\/em><\/a>\u23e9 <em><strong>Adem\u00e1s, tenemos nuestro <\/strong><\/em><a href=\"https:\/\/whatsapp.com\/channel\/0029VaDZ5zb0gcfDxuwxBM05\"><em><u>canal de Whatsapp<\/u><\/em><\/a><em><strong> con toda la informaci\u00f3n al instante<\/strong><\/em> \ud83c\udfc1<\/p>\n\n\n\n<p class=\"wp-block-paragraph\">La pr\u00f3xima fecha de la S\u00faper F\u00f3rmula ser\u00e1 el fin de semana del 8 al 10 de agosto en el circuito de Sugo, donde Sacha gan\u00f3 su \u00fanica carrera en la categor\u00eda en 2022. Cobertura de GRANDE PREMIO en Espa\u00f1ol.<\/p>\n","protected":false},"excerpt":{"rendered":"<p>Sacha Fenestraz dialog\u00f3 con varios medios, entre ellos GRANDE PREMIO al cabo de la doble fecha de la S\u00faper F\u00f3rmula en Fuji, donde finaliz\u00f3 quinto este domingo e indic\u00f3 que sinti\u00f3 \u201cun paso adelante\u201d con el resultado, pero insisti\u00f3 en que pretende mucho m\u00e1s con el auto del Tom&#8217;s Racing. <\/p>\n","protected":false},"author":0,"featured_media":1010352433,"comment_status":"closed","ping_status":"closed","sticky":false,"template":"","format":"standard","meta":{"42wp_featured_image_caption":"","42wp_featured_image_credits":"","42wp_featured_video":"","42wp_featured_image_hidden":false,"42wp_authors_list":[],"footnotes":""},"categories":[45],"tags":[3328,1488,12685,11219,3007,4508,8611,10295],"42wp_author":[14237],"class_list":["post-6276","post","type-post","status-publish","format-standard","has-post-thumbnail","hentry","category-super-formula","tag-fuji","tag-grande-premio","tag-michael-krumm","tag-ren-sato","tag-sacha-fenestraz","tag-super-formula","tag-tadasuke-makino","tag-toms-racing","42wp_author-gabriel-garcia"],"_links":{"self":[{"href":"https:\/\/grandepremio.com\/es\/wp-json\/wp\/v2\/posts\/6276","targetHints":{"allow":["GET"]}}],"collection":[{"href":"https:\/\/grandepremio.com\/es\/wp-json\/wp\/v2\/posts"}],"about":[{"href":"https:\/\/grandepremio.com\/es\/wp-json\/wp\/v2\/types\/post"}],"replies":[{"embeddable":true,"href":"https:\/\/grandepremio.com\/es\/wp-json\/wp\/v2\/comments?post=6276"}],"version-history":[{"count":0,"href":"https:\/\/grandepremio.com\/es\/wp-json\/wp\/v2\/posts\/6276\/revisions"}],"wp:featuredmedia":[{"embeddable":true,"href":"https:\/\/grandepremio.com\/es\/wp-json\/wp\/v2\/media\/1010352433"}],"wp:attachment":[{"href":"https:\/\/grandepremio.com\/es\/wp-json\/wp\/v2\/media?parent=6276"}],"wp:term":[{"taxonomy":"category","embeddable":true,"href":"https:\/\/grandepremio.com\/es\/wp-json\/wp\/v2\/categories?post=6276"},{"taxonomy":"post_tag","embeddable":true,"href":"https:\/\/grandepremio.com\/es\/wp-json\/wp\/v2\/tags?post=6276"},{"taxonomy":"42wp_author","embeddable":true,"href":"https:\/\/grandepremio.com\/es\/wp-json\/wp\/v2\/42wp_author?post=6276"}],"curies":[{"name":"wp","href":"https:\/\/api.w.org\/{rel}","templated":true}]}}