{"id":6278,"date":"2025-07-20T08:46:35","date_gmt":"2025-07-20T11:46:35","guid":{"rendered":"https:\/\/grandepremio.com\/es\/2025\/07\/20\/leclerc-minimiza-adaptacion-hamilton-ferrari-f1-2025\/"},"modified":"2025-07-20T08:46:39","modified_gmt":"2025-07-20T11:46:39","slug":"leclerc-minimiza-adaptacion-hamilton-ferrari-f1-2025","status":"publish","type":"post","link":"https:\/\/grandepremio.com\/es\/f1\/leclerc-minimiza-adaptacion-hamilton-ferrari-f1-2025\/","title":{"rendered":"Leclerc minimiza adaptaci\u00f3n de Hamilton a Ferrari: &#8220;Solo quiero un coche r\u00e1pido&#8221;"},"content":{"rendered":"\n<p class=\"wp-block-paragraph\">Se ha hablado mucho de que <strong>Lewis Hamilton<\/strong> no se siente c\u00f3modo con el auto de Ferrari en la<strong> F\u00f3rmula 1<\/strong>, luego de su espectacular fichaje por el equipo hace m\u00e1s de un a\u00f1o, para reemplazar a <strong>Carlos Sainz<\/strong>. El brit\u00e1nico logr\u00f3 la victoria en la carrera sprint del<strong> GP de China<\/strong>, pero no ha sido capaz de batir permanentemente a <strong>Charles Leclerc<\/strong>.<\/p>\n\n\n\n<p class=\"wp-block-paragraph\">\ud83d\udfe5&nbsp;<strong><em>\u00a1Todas las novedades te esperan en el canal de&nbsp;<\/em><\/strong><a href=\"https:\/\/www.youtube.com\/@GrandePremioES\"><em>YouTube<\/em><\/a><strong><em>&nbsp;de Grande Pr\u00eamio en Espa\u00f1ol!<\/em><\/strong>&nbsp;\ud83d\udfe8<\/p>\n\n\n\n<p class=\"wp-block-paragraph\">Ante la imposibilidad del SF-25 de competir con <strong>McLaren <\/strong>y la dificultad para adaptarse al monoplaza, Hamilton pidi\u00f3 repetidamente a Ferrari que se centrara en el auto de 2026, mientras la F1 se renueva para dar cabida a nuevos monoplazas y motores. Leclerc coment\u00f3 que el equipo de Maranello se ocupa en que el coche sea m\u00e1s r\u00e1pido en lugar de darle proridad a los pedidos de Lewis.<\/p>\n\n\n\n<p class=\"wp-block-paragraph\"><strong>\u201cNo estoy preocupado en absoluto. Es un asunto externo al equipo, pero internamente tenemos todas las herramientas para adaptar un coche a mi gusto o al de Lewis. As\u00ed que no creo que ese sea el problema, solo quiero que el coche sea lo m\u00e1s r\u00e1pido posible el a\u00f1o que viene. Eso es exactamente lo que Lewis quiere, as\u00ed que, dondequiera que estemos el a\u00f1o que viene, configurar\u00e9 el coche como me guste, y Lewis har\u00e1 lo mismo\u201d<\/strong>, dijo Leclerc.<\/p>\n\n\n\n<figure class=\"wp-block-embed is-type-video is-provider-youtube wp-block-embed-youtube wp-embed-aspect-16-9 wp-has-aspect-ratio\"><div class=\"wp-block-embed__wrapper\">\n<iframe loading=\"lazy\" title=\"ESPECIAL GP: FANGIO, 30 A\u00d1OS DE LEYENDA\" width=\"500\" height=\"281\" src=\"https:\/\/www.youtube.com\/embed\/jPRGtQukZ9c?feature=oembed\" frameborder=\"0\" allow=\"accelerometer; autoplay; clipboard-write; encrypted-media; gyroscope; picture-in-picture; web-share\" referrerpolicy=\"strict-origin-when-cross-origin\" allowfullscreen><\/iframe>\n<\/div><\/figure>\n\n\n\n<p class=\"wp-block-paragraph\"><strong>\u201cEstamos en una \u00e9poca en la que los ingenieros y la tecnolog\u00eda est\u00e1n en su apogeo; solo necesitamos el coche m\u00e1s r\u00e1pido. No es como hace 10 o 15 a\u00f1os, cuando te quedabas un poco atascado en una curva en cuanto a equilibrio y no ten\u00edas las herramientas para ir m\u00e1s r\u00e1pido. Ahora tenemos esos recursos, as\u00ed que no estoy preocupado\u201d<\/strong>, concluy\u00f3 el piloto de 27 a\u00f1os.<\/p>\n\n\n\n<p class=\"wp-block-paragraph\">Hay que se\u00f1alar que el equipo estuvo probando una nueva suspensi\u00f3n hace unos d\u00edas en <strong>Mugello <\/strong>y confirmaron que ser\u00e1 utilizada desde el<strong> GP de B\u00e9lgica<\/strong>, la pr\u00f3xima cita de la <strong>F1 2025<\/strong>. Desde el seno de la escuder\u00eda han afirmado que esperan que esta pieza pueda servir para el a\u00f1o que viene.<\/p>\n\n\n\n<p class=\"wp-block-paragraph\">\u23e9 <em><strong>\u00a1Seguinos en redes por <\/strong><\/em><a href=\"https:\/\/twitter.com\/grandepremioES\"><em><u>Twitter <\/u><\/em><\/a><em><strong>e <\/strong><\/em><a href=\"https:\/\/www.instagram.com\/grandepremioes\/\"><em><u>Instagram!<br><\/u><\/em><\/a>\u23e9 <em><strong>Adem\u00e1s, tenemos nuestro <\/strong><\/em><a href=\"https:\/\/whatsapp.com\/channel\/0029VaDZ5zb0gcfDxuwxBM05\"><em><u>canal de Whatsapp<\/u><\/em><\/a><em><strong> con toda la informaci\u00f3n al instante<\/strong><\/em> \ud83c\udfc1<br><br>La F\u00f3rmula 1 vuelve del 25 al 27 de julio con el Gran Premio de B\u00e9lgica, que se disputar\u00e1 en el circuito de Spa Francorchamps. Cobertura de GRANDE PREMIO en Espa\u00f1ol.<\/p>\n","protected":false},"excerpt":{"rendered":"<p>Aunque Lewis Hamilton est\u00e1 teniendo dificultades con la adaptaci\u00f3n, Charles Leclerc admiti\u00f3 que Ferrari no est\u00e1 intentando priorizar al brit\u00e1nico y dijo que el objetivo es simplemente hacer el coche m\u00e1s r\u00e1pido.<\/p>\n","protected":false},"author":0,"featured_media":1000988667,"comment_status":"closed","ping_status":"closed","sticky":false,"template":"","format":"standard","meta":{"42wp_featured_image_caption":"","42wp_featured_image_credits":"","42wp_featured_video":"","42wp_featured_image_hidden":false,"42wp_authors_list":[],"footnotes":""},"categories":[5],"tags":[302,247,1710,179,646,1728,199,269,341],"42wp_author":[14237],"class_list":["post-6278","post","type-post","status-publish","format-standard","has-post-thumbnail","hentry","category-f1","tag-carlos-sainz","tag-charles-leclerc","tag-f1-2025","tag-formula-1","tag-gp-de-belgica","tag-gp-de-china","tag-lewis-hamilton","tag-mclaren","tag-mugello","42wp_author-gabriel-garcia"],"_links":{"self":[{"href":"https:\/\/grandepremio.com\/es\/wp-json\/wp\/v2\/posts\/6278","targetHints":{"allow":["GET"]}}],"collection":[{"href":"https:\/\/grandepremio.com\/es\/wp-json\/wp\/v2\/posts"}],"about":[{"href":"https:\/\/grandepremio.com\/es\/wp-json\/wp\/v2\/types\/post"}],"replies":[{"embeddable":true,"href":"https:\/\/grandepremio.com\/es\/wp-json\/wp\/v2\/comments?post=6278"}],"version-history":[{"count":0,"href":"https:\/\/grandepremio.com\/es\/wp-json\/wp\/v2\/posts\/6278\/revisions"}],"wp:featuredmedia":[{"embeddable":true,"href":"https:\/\/grandepremio.com\/es\/wp-json\/wp\/v2\/media\/1000988667"}],"wp:attachment":[{"href":"https:\/\/grandepremio.com\/es\/wp-json\/wp\/v2\/media?parent=6278"}],"wp:term":[{"taxonomy":"category","embeddable":true,"href":"https:\/\/grandepremio.com\/es\/wp-json\/wp\/v2\/categories?post=6278"},{"taxonomy":"post_tag","embeddable":true,"href":"https:\/\/grandepremio.com\/es\/wp-json\/wp\/v2\/tags?post=6278"},{"taxonomy":"42wp_author","embeddable":true,"href":"https:\/\/grandepremio.com\/es\/wp-json\/wp\/v2\/42wp_author?post=6278"}],"curies":[{"name":"wp","href":"https:\/\/api.w.org\/{rel}","templated":true}]}}