{"id":6305,"date":"2025-07-17T14:33:09","date_gmt":"2025-07-17T17:33:09","guid":{"rendered":"https:\/\/grandepremio.com\/es\/2025\/07\/17\/alonso-newey-modo-2026-desinteres-coche-aston-martin\/"},"modified":"2025-07-17T14:33:14","modified_gmt":"2025-07-17T17:33:14","slug":"alonso-newey-modo-2026-desinteres-coche-aston-martin","status":"publish","type":"post","link":"https:\/\/grandepremio.com\/es\/f1\/alonso-newey-modo-2026-desinteres-coche-aston-martin\/","title":{"rendered":"Alonso ve a Newey en &#8220;modo 2026&#8221; y se\u00f1ala su desinter\u00e9s por el coche actual de Aston Martin"},"content":{"rendered":"\n<p class=\"wp-block-paragraph\">El fichaje <em>&#8216;bomba&#8217;<\/em> de <strong>Adrian Newey<\/strong> por el equipo <strong>Aston Martin<\/strong> ha revolucionado al paddock de la <strong>F\u00f3rmula 1<\/strong>, pero el \u201cgenio de la aerodin\u00e1mica\u201d admiti\u00f3 que est\u00e1 enfocado en desarrollar el mejor auto posible para la temporada 2026, que ver\u00e1 cambios en la parte aerodin\u00e1mica y con un motor renovado, adem\u00e1s de la asociaci\u00f3n con <strong>Honda <\/strong>que se iniciar\u00e1 el a\u00f1o venidero.<\/p>\n\n\n\n<p class=\"wp-block-paragraph\">\ud83d\udfe5&nbsp;<strong><em>\u00a1Todas las novedades te esperan en el canal de&nbsp;<\/em><\/strong><a href=\"https:\/\/www.youtube.com\/@GrandePremioES\"><em>YouTube<\/em><\/a><strong><em>&nbsp;de Grande Pr\u00eamio en Espa\u00f1ol!<\/em><\/strong>&nbsp;\ud83d\udfe8<\/p>\n\n\n\n<p class=\"wp-block-paragraph\"><strong>Fernando Alonso,<\/strong> que siempre declar\u00f3 que ten\u00eda ganas de trabajar con el laureado ingeniero, le dijo a <em>DAZN <\/em>que todos los esfuerzos del equipo pasan por el coche de 2026 m\u00e1s que por mejorar el actual monoplaza: <strong>\u201cNewey est\u00e1 trabajando, involucrado y muy motivado. Pero es cierto que el coche de este a\u00f1o no parece interesarle mucho. Cada vez que le preguntamos algo sobre este a\u00f1o o c\u00f3mo mejorar algo, se levanta y se va a otra oficina. As\u00ed que ya est\u00e1 &#8216;en modo 2026&#8217;\u201d.<\/strong><\/p>\n\n\n\n<p class=\"wp-block-paragraph\">Mientras que las ilusiones pasan por la mente del brit\u00e1nico en el desarrollo del auto, el <strong>AMR25 <\/strong>no ha sido capaz de lograr grandes resultados para Alonso y <strong>Lance Stroll<\/strong>, su compa\u00f1ero de equipo, y apenas sumaron 36 puntos despu\u00e9s de llegar al ecuador del campeonato de la <strong>F1 2025<\/strong>.<br><br>Para 2026, la F1 contar\u00e1 con un nuevo conjunto de reglamentos t\u00e9cnicos y, <a href=\"https:\/\/grandepremio.com\/es\/f1\/adrian-newey-aston-martin-atraso-desarrollo-monoplaza-f1-2026\/\" target=\"_blank\" rel=\"noreferrer noopener\">en opini\u00f3n de Newey, Aston Martin va retrasada en el desarrollo del coche<\/a>. Adem\u00e1s, tambi\u00e9n ha identificado \u00e1reas que necesitan mejorar en la estructura del equipo, como el simulador. Para abordar el problema, el equipo ha contratado a <strong>Gilles Wood<\/strong>, que trabaj\u00f3 junto al brit\u00e1nico en <strong>Red Bull<\/strong>.<\/p>\n\n\n\n<figure class=\"wp-block-embed is-type-video is-provider-youtube wp-block-embed-youtube wp-embed-aspect-16-9 wp-has-aspect-ratio\"><div class=\"wp-block-embed__wrapper\">\n<iframe loading=\"lazy\" title=\"ESPECIAL GP: FANGIO, 30 A\u00d1OS DE LEYENDA\" width=\"500\" height=\"281\" src=\"https:\/\/www.youtube.com\/embed\/jPRGtQukZ9c?feature=oembed\" frameborder=\"0\" allow=\"accelerometer; autoplay; clipboard-write; encrypted-media; gyroscope; picture-in-picture; web-share\" referrerpolicy=\"strict-origin-when-cross-origin\" allowfullscreen><\/iframe>\n<\/div><\/figure>\n\n\n\n<p class=\"wp-block-paragraph\">\u23e9 <em><strong>\u00a1Seguinos en redes por <\/strong><\/em><a href=\"https:\/\/twitter.com\/grandepremioES\"><em><u>Twitter <\/u><\/em><\/a><em><strong>e <\/strong><\/em><a href=\"https:\/\/www.instagram.com\/grandepremioes\/\"><em><u>Instagram!<br><\/u><\/em><\/a>\u23e9 <em><strong>Adem\u00e1s, tenemos nuestro <\/strong><\/em><a href=\"https:\/\/whatsapp.com\/channel\/0029VaDZ5zb0gcfDxuwxBM05\"><em><u>canal de Whatsapp<\/u><\/em><\/a><em><strong> con toda la informaci\u00f3n al instante<\/strong><\/em> \ud83c\udfc1<br><br>La F\u00f3rmula 1 vuelve del 25 al 27 de julio con el Gran Premio de B\u00e9lgica, que se disputar\u00e1 en el circuito de Spa Francorchamps. Cobertura de GRANDE PREMIO en Espa\u00f1ol.<\/p>\n","protected":false},"excerpt":{"rendered":"<p>Fernando Alonso revel\u00f3 que Adrian Newey est\u00e1 en \u00abmodo 2026\u00bb y muestra poco inter\u00e9s en trabajar en el desarrollo del coche de 2025 de Aston Martin, de cara a la nueva reglamentaci\u00f3n t\u00e9cnica que implementar\u00e1 la F\u00f3rmula 1 el a\u00f1o que viene. <\/p>\n","protected":false},"author":0,"featured_media":1010351918,"comment_status":"closed","ping_status":"closed","sticky":false,"template":"","format":"standard","meta":{"42wp_featured_image_caption":"","42wp_featured_image_credits":"","42wp_featured_video":"","42wp_featured_image_hidden":false,"42wp_authors_list":[],"footnotes":""},"categories":[5],"tags":[742,11652,209,1710,184,179,12511,221,359,206],"42wp_author":[14237],"class_list":["post-6305","post","type-post","status-publish","format-standard","has-post-thumbnail","hentry","category-f1","tag-adrian-newey","tag-amr25","tag-aston-martin","tag-f1-2025","tag-fernando-alonso","tag-formula-1","tag-gilles-wood","tag-honda","tag-lance-stroll","tag-red-bull","42wp_author-gabriel-garcia"],"_links":{"self":[{"href":"https:\/\/grandepremio.com\/es\/wp-json\/wp\/v2\/posts\/6305","targetHints":{"allow":["GET"]}}],"collection":[{"href":"https:\/\/grandepremio.com\/es\/wp-json\/wp\/v2\/posts"}],"about":[{"href":"https:\/\/grandepremio.com\/es\/wp-json\/wp\/v2\/types\/post"}],"replies":[{"embeddable":true,"href":"https:\/\/grandepremio.com\/es\/wp-json\/wp\/v2\/comments?post=6305"}],"version-history":[{"count":0,"href":"https:\/\/grandepremio.com\/es\/wp-json\/wp\/v2\/posts\/6305\/revisions"}],"wp:featuredmedia":[{"embeddable":true,"href":"https:\/\/grandepremio.com\/es\/wp-json\/wp\/v2\/media\/1010351918"}],"wp:attachment":[{"href":"https:\/\/grandepremio.com\/es\/wp-json\/wp\/v2\/media?parent=6305"}],"wp:term":[{"taxonomy":"category","embeddable":true,"href":"https:\/\/grandepremio.com\/es\/wp-json\/wp\/v2\/categories?post=6305"},{"taxonomy":"post_tag","embeddable":true,"href":"https:\/\/grandepremio.com\/es\/wp-json\/wp\/v2\/tags?post=6305"},{"taxonomy":"42wp_author","embeddable":true,"href":"https:\/\/grandepremio.com\/es\/wp-json\/wp\/v2\/42wp_author?post=6305"}],"curies":[{"name":"wp","href":"https:\/\/api.w.org\/{rel}","templated":true}]}}