{"id":6311,"date":"2025-07-17T11:54:39","date_gmt":"2025-07-17T14:54:39","guid":{"rendered":"https:\/\/grandepremio.com\/es\/2025\/07\/17\/martin-alta-medica-confirma-regreso-motogp-2025\/"},"modified":"2025-07-17T11:54:43","modified_gmt":"2025-07-17T14:54:43","slug":"martin-alta-medica-confirma-regreso-motogp-2025","status":"publish","type":"post","link":"https:\/\/grandepremio.com\/es\/motogp\/martin-alta-medica-confirma-regreso-motogp-2025\/","title":{"rendered":"Mart\u00edn recibe el alta m\u00e9dica y confirma su regreso a MotoGP 2025 en Brno"},"content":{"rendered":"\n<p class=\"wp-block-paragraph\">El regreso del <strong>GP de Rep\u00fablica Checa<\/strong> de <strong>MotoGP <\/strong>este fin de semana contar\u00e1 con la importante vuelta a las pistas de <strong>Jorge Mart\u00edn<\/strong>, el campe\u00f3n de la categor\u00eda, luego de 95 d\u00edas de ausencia tras una ca\u00edda en el <strong>GP de Qatar<\/strong>, evento que hab\u00eda marcado su primera aparici\u00f3n en 2025 despu\u00e9s de una fuert\u00edsima ca\u00edda en la pretemporada de <strong>Malasia<\/strong>.<\/p>\n\n\n\n<p class=\"wp-block-paragraph\">\ud83d\udfe5&nbsp;<strong><em>\u00a1Todas las novedades te esperan en el canal de&nbsp;<\/em><\/strong><a href=\"https:\/\/www.youtube.com\/@GrandePremioES\"><em>YouTube<\/em><\/a><strong><em>&nbsp;de Grande Pr\u00eamio en Espa\u00f1ol!<\/em><\/strong>&nbsp;\ud83d\udfe8<\/p>\n\n\n\n<p class=\"wp-block-paragraph\">Ya en el circuito de <strong>Brno<\/strong>, los m\u00e9dicos de la categor\u00eda lo declararon apto para correr y el piloto de Aprilia tomar\u00e1 parte de la actividad desde ma\u00f1ana, con dos entrenamientos, todo en el medio de una turbulenta relaci\u00f3n con el fabricante, dadas sus intenciones de irse a Honda para 2026.<\/p>\n\n\n\n<p class=\"wp-block-paragraph\">Hay que recordar que el piloto espa\u00f1ol sufri\u00f3 en <strong>Lusail <\/strong>11 fracturas de costillas y una perforaci\u00f3n en el pulm\u00f3n, lo que le provoc\u00f3 un hemopneumot\u00f3rax, cuando el aire y la sangre se acumulan en la cavidad pleural, comprometiendo el pleno funcionamiento del pulm\u00f3n y dificultando as\u00ed la recuperaci\u00f3n.<\/p>\n\n\n\n<figure class=\"wp-block-embed is-type-video is-provider-youtube wp-block-embed-youtube wp-embed-aspect-16-9 wp-has-aspect-ratio\"><div class=\"wp-block-embed__wrapper\">\n<iframe loading=\"lazy\" title=\"ESPECIAL GP: FANGIO, 30 A\u00d1OS DE LEYENDA\" width=\"500\" height=\"281\" src=\"https:\/\/www.youtube.com\/embed\/jPRGtQukZ9c?feature=oembed\" frameborder=\"0\" allow=\"accelerometer; autoplay; clipboard-write; encrypted-media; gyroscope; picture-in-picture; web-share\" referrerpolicy=\"strict-origin-when-cross-origin\" allowfullscreen><\/iframe>\n<\/div><\/figure>\n\n\n\n<p class=\"wp-block-paragraph\">La casa de <strong>Noale<\/strong> cree que Mart\u00edn celebr\u00f3 el regreso del #1, pero dijo que le llevar\u00e1 unas tres etapas adaptarse completamente a la moto italiana. Mart\u00edn, por su parte, coment\u00f3: <strong>\u201cEstoy deseando subirme a la moto. Estoy muy contento de que por fin haya llegado este momento. Tenemos mucho trabajo por delante junto con Aprilia, pero tenemos un gran potencial para hacerlo bien. Ahora es el momento de empezar a construir y apuntar a un final de temporada fuerte\u201d.<\/strong><\/p>\n\n\n\n<p class=\"wp-block-paragraph\">\u23e9 <em><strong>\u00a1Seguinos en redes por <\/strong><\/em><a href=\"https:\/\/twitter.com\/grandepremioES\"><em><u>Twitter <\/u><\/em><\/a><em><strong>e <\/strong><\/em><a href=\"https:\/\/www.instagram.com\/grandepremioes\/\"><em><u>Instagram!<br><\/u><\/em><\/a>\u23e9 <em><strong>Adem\u00e1s, tenemos nuestro <\/strong><\/em><a href=\"https:\/\/whatsapp.com\/channel\/0029VaDZ5zb0gcfDxuwxBM05\"><em><u>canal de Whatsapp<\/u><\/em><\/a><em><strong> con toda la informaci\u00f3n al instante<\/strong><\/em> \ud83c\udfc1<\/p>\n\n\n\n<p class=\"wp-block-paragraph\">MotoGP vuelve a acelerar entre el 18 y el 20 de julio con el GP de la Rep\u00fablica Checa, en Brno, la 12.\u00aa etapa de la temporada 2025. GRANDE PR\u00caMIO ofrece una cobertura completa del evento.<\/p>\n","protected":false},"excerpt":{"rendered":"<p>Jorge Mart\u00edn ha sido declarado apto este jueves y regresa al Mundial de Motociclismo con Aprilia. El actual campe\u00f3n del mundo estaba lesionado desde el GP de Qatar y ya hab\u00eda pasado por otras lesiones desde la pretemporada en Malasia, por la cual solo estuvo presente en un evento este a\u00f1o. <\/p>\n","protected":false},"author":0,"featured_media":1010351867,"comment_status":"closed","ping_status":"closed","sticky":false,"template":"","format":"standard","meta":{"42wp_featured_image_caption":"","42wp_featured_image_credits":"","42wp_featured_video":"","42wp_featured_image_hidden":false,"42wp_authors_list":[],"footnotes":""},"categories":[8],"tags":[10876,1563,12600,1526,2307,2076,1293,10152],"42wp_author":[14237],"class_list":["post-6311","post","type-post","status-publish","format-standard","has-post-thumbnail","hentry","category-motogp","tag-brno","tag-gp-de-qatar","tag-gp-de-republica-checa","tag-jorge-martin","tag-lusail","tag-malasia","tag-motogp","tag-noale","42wp_author-gabriel-garcia"],"_links":{"self":[{"href":"https:\/\/grandepremio.com\/es\/wp-json\/wp\/v2\/posts\/6311","targetHints":{"allow":["GET"]}}],"collection":[{"href":"https:\/\/grandepremio.com\/es\/wp-json\/wp\/v2\/posts"}],"about":[{"href":"https:\/\/grandepremio.com\/es\/wp-json\/wp\/v2\/types\/post"}],"replies":[{"embeddable":true,"href":"https:\/\/grandepremio.com\/es\/wp-json\/wp\/v2\/comments?post=6311"}],"version-history":[{"count":0,"href":"https:\/\/grandepremio.com\/es\/wp-json\/wp\/v2\/posts\/6311\/revisions"}],"wp:featuredmedia":[{"embeddable":true,"href":"https:\/\/grandepremio.com\/es\/wp-json\/wp\/v2\/media\/1010351867"}],"wp:attachment":[{"href":"https:\/\/grandepremio.com\/es\/wp-json\/wp\/v2\/media?parent=6311"}],"wp:term":[{"taxonomy":"category","embeddable":true,"href":"https:\/\/grandepremio.com\/es\/wp-json\/wp\/v2\/categories?post=6311"},{"taxonomy":"post_tag","embeddable":true,"href":"https:\/\/grandepremio.com\/es\/wp-json\/wp\/v2\/tags?post=6311"},{"taxonomy":"42wp_author","embeddable":true,"href":"https:\/\/grandepremio.com\/es\/wp-json\/wp\/v2\/42wp_author?post=6311"}],"curies":[{"name":"wp","href":"https:\/\/api.w.org\/{rel}","templated":true}]}}