{"id":6345,"date":"2025-07-15T10:32:22","date_gmt":"2025-07-15T13:32:22","guid":{"rendered":"https:\/\/grandepremio.com\/es\/2025\/07\/15\/dino-beganovic-ferrari-elogios-lewis-hamilton-f1-2025\/"},"modified":"2025-07-15T10:32:25","modified_gmt":"2025-07-15T13:32:25","slug":"dino-beganovic-ferrari-elogios-lewis-hamilton-f1-2025","status":"publish","type":"post","link":"https:\/\/grandepremio.com\/es\/f1\/dino-beganovic-ferrari-elogios-lewis-hamilton-f1-2025\/","title":{"rendered":"Beganovic destaca &#8220;ambici\u00f3n&#8221; de Hamilton por llevar a Ferrari de vuelta a la cima"},"content":{"rendered":"\n<p class=\"wp-block-paragraph\"><strong>Dino Beganovic<\/strong> comparti\u00f3, en dos ocasiones, los boxes con <strong>Lewis Hamilton<\/strong> al participar en los entrenamientos libres de los GPs de <strong>Bahrein<\/strong> y <strong>Austria <\/strong>con <strong>Ferrari<\/strong>. El sueco, miembro de la academia de la escuder\u00eda italiana, se mostr\u00f3 impresionado por el \u00abhambre\u00bb del heptacampe\u00f3n por volver a la cima y conquistar el octavo t\u00edtulo de su carrera en la categor\u00eda.<\/p>\n\n\n\n<p class=\"wp-block-paragraph\">\ud83d\udfe5&nbsp;<strong><em>\u00a1Todas las novedades te esperan en el canal de&nbsp;<\/em><\/strong><a href=\"https:\/\/www.youtube.com\/@GrandePremioES\"><em>YouTube<\/em><\/a><strong><em>&nbsp;de Grande Pr\u00eamio en Espa\u00f1ol!<\/em><\/strong>&nbsp;\ud83d\udfe8<\/p>\n\n\n\n<p class=\"wp-block-paragraph\"><strong>Beganovic<\/strong>, que compite este a\u00f1o en la <strong>F\u00f3rmula 2<\/strong> con <strong>Hitech<\/strong>, pudo observar de cerca el trabajo de <strong>Hamilton<\/strong> en las dos sesiones de entrenamientos libres en las que sustituy\u00f3 a <strong>Charles Leclerc<\/strong>. En declaraciones al portal holand\u00e9s <em>RacingNews365<\/em>, admiti\u00f3 que fue como \u00abun sue\u00f1o hecho realidad\u00bb.<\/p>\n\n\n\n<p class=\"wp-block-paragraph\">\u00abSi alguien me hubiera dicho el a\u00f1o pasado que compartir\u00eda el box con <strong>Lewis<\/strong>, ocupando el lugar de <strong>Charles<\/strong>, al principio no lo habr\u00eda cre\u00eddo, pero es un sue\u00f1o hecho realidad\u00bb, comenz\u00f3 diciendo el joven sueco.<\/p>\n\n\n\n<p class=\"wp-block-paragraph\">\u00abPor supuesto, todav\u00eda no estoy donde quiero estar, que es la <strong>F\u00f3rmula 1<\/strong>, pero tener este tipo de anticipo solo me da m\u00e1s motivaci\u00f3n para trabajar a\u00fan m\u00e1s duro\u00bb, destac\u00f3.<\/p>\n\n\n\n<p class=\"wp-block-paragraph\"><strong>Hamilton <\/strong>lleg\u00f3 a <strong>Ferrari <\/strong>a principios de este a\u00f1o decidido a conquistar el octavo t\u00edtulo de <strong>F1 <\/strong>con la escuder\u00eda m\u00e1s tradicional de la parrilla. Sin embargo, 2025 trajo m\u00e1s obst\u00e1culos de lo esperado, primero por el natural periodo de adaptaci\u00f3n, pero tambi\u00e9n por los cambios en el <strong>SF-25 <\/strong>que no surtieron el efecto deseado.<\/p>\n\n\n\n<p class=\"wp-block-paragraph\">\u23e9\u00a0<em><strong>\u00a1Seguinos en redes por\u00a0<\/strong><\/em><a href=\"https:\/\/twitter.com\/grandepremioES\"><em><u>Twitter\u00a0<\/u><\/em><\/a><em><strong>e\u00a0<\/strong><\/em><a href=\"https:\/\/www.instagram.com\/grandepremioes\/\"><em><u>Instagram!<br><\/u><\/em><\/a>\u23e9\u00a0<em><strong>Adem\u00e1s, tenemos nuestro\u00a0<\/strong><\/em><a href=\"https:\/\/whatsapp.com\/channel\/0029VaDZ5zb0gcfDxuwxBM05\"><em><u>canal de Whatsapp<\/u><\/em><\/a><em><strong>\u00a0con toda la informaci\u00f3n al instante<\/strong><\/em>\u00a0\ud83c\udfc1<\/p>\n\n\n\n<figure class=\"wp-block-image size-full\"><img decoding=\"async\" src=\"https:\/\/grandepremio.com\/es\/wp-content\/uploads\/..\/gp_br_uploads\/2025\/07\/inglaterra-2025-f1-corrida-ferrari-lewis-hamilton-02.jpg\" alt=\"\" class=\"wp-image-349838\"\/><figcaption class=\"wp-element-caption\">Dino Beganovic destac\u00f3 la &#8220;ambici\u00f3n&#8221; de Lewis Hamilton para devolver a Ferrari a la cima (Foto: Ferrari)<\/figcaption><\/figure>\n\n\n\n<p class=\"wp-block-paragraph\">Aun as\u00ed, la motivaci\u00f3n de <strong>Lewis <\/strong>es algo que impresiona a <strong>Beganovic<\/strong>. \u00abLa forma en que trabajamos no es diferente, porque todos seguimos teniendo hambre de victorias\u00bb, se\u00f1al\u00f3.<\/p>\n\n\n\n<p class=\"wp-block-paragraph\">\u00abPero me impresiona su hambre a su edad y lo mucho que se esfuerza por llevar a <strong>Ferrari <\/strong>a lo m\u00e1s alto y tambi\u00e9n por conseguir su octavo t\u00edtulo\u00bb, continu\u00f3.<\/p>\n\n\n\n<p class=\"wp-block-paragraph\">\u00abHay mucho que aprender de la forma en que <strong>Charles <\/strong>trabaja con el equipo, de la forma en que <strong>Lewis <\/strong>trabaja con el equipo. Ha ganado siete Mundiales de <strong>F\u00f3rmula 1<\/strong> e innumerables carreras\u00bb, concluy\u00f3.<\/p>\n\n\n\n<p class=\"wp-block-paragraph\">La&nbsp;<strong>F\u00f3rmula 1<\/strong>&nbsp;regresa del 25 al 27 de julio en&nbsp;<strong>Spa-Francorchamps<\/strong>, escenario del&nbsp;<strong>Gran Premio de B\u00e9lgica<\/strong>, decimotercera fecha de la&nbsp;<strong>temporada 2025<\/strong>.<\/p>\n\n\n\n<figure class=\"wp-block-embed is-type-video is-provider-youtube wp-block-embed-youtube wp-embed-aspect-16-9 wp-has-aspect-ratio\"><div class=\"wp-block-embed__wrapper\">\n<iframe loading=\"lazy\" title=\"NICO H\u00dcLKENBERG, DEL SEMI RETIRO A UN PODIO INOLVIDABLE EN F1\" width=\"500\" height=\"281\" src=\"https:\/\/www.youtube.com\/embed\/y0ewWjWNpLY?feature=oembed\" frameborder=\"0\" allow=\"accelerometer; autoplay; clipboard-write; encrypted-media; gyroscope; picture-in-picture; web-share\" referrerpolicy=\"strict-origin-when-cross-origin\" allowfullscreen><\/iframe>\n<\/div><\/figure>\n","protected":false},"excerpt":{"rendered":"<p>Dino Beganovic dijo que compartir el box de Ferrari con Lewis Hamilton este a\u00f1o fue \u00abun sue\u00f1o hecho realidad\u00bb y elogi\u00f3 el trabajo del heptacampe\u00f3n en Ferrari.<\/p>\n","protected":false},"author":0,"featured_media":1010347258,"comment_status":"closed","ping_status":"closed","sticky":false,"template":"","format":"standard","meta":{"42wp_featured_image_caption":"","42wp_featured_image_credits":"","42wp_featured_video":"","42wp_featured_image_hidden":false,"42wp_authors_list":[],"footnotes":""},"categories":[5],"tags":[5668,181,1710,185,179,8059,1488,199,9647],"42wp_author":[14239],"class_list":["post-6345","post","type-post","status-publish","format-standard","has-post-thumbnail","hentry","category-f1","tag-dino-beganovic","tag-f1","tag-f1-2025","tag-ferrari","tag-formula-1","tag-formula-1-2025","tag-grande-premio","tag-lewis-hamilton","tag-temporada-2025-f1","42wp_author-jp-otrosky"],"_links":{"self":[{"href":"https:\/\/grandepremio.com\/es\/wp-json\/wp\/v2\/posts\/6345","targetHints":{"allow":["GET"]}}],"collection":[{"href":"https:\/\/grandepremio.com\/es\/wp-json\/wp\/v2\/posts"}],"about":[{"href":"https:\/\/grandepremio.com\/es\/wp-json\/wp\/v2\/types\/post"}],"replies":[{"embeddable":true,"href":"https:\/\/grandepremio.com\/es\/wp-json\/wp\/v2\/comments?post=6345"}],"version-history":[{"count":0,"href":"https:\/\/grandepremio.com\/es\/wp-json\/wp\/v2\/posts\/6345\/revisions"}],"wp:featuredmedia":[{"embeddable":true,"href":"https:\/\/grandepremio.com\/es\/wp-json\/wp\/v2\/media\/1010347258"}],"wp:attachment":[{"href":"https:\/\/grandepremio.com\/es\/wp-json\/wp\/v2\/media?parent=6345"}],"wp:term":[{"taxonomy":"category","embeddable":true,"href":"https:\/\/grandepremio.com\/es\/wp-json\/wp\/v2\/categories?post=6345"},{"taxonomy":"post_tag","embeddable":true,"href":"https:\/\/grandepremio.com\/es\/wp-json\/wp\/v2\/tags?post=6345"},{"taxonomy":"42wp_author","embeddable":true,"href":"https:\/\/grandepremio.com\/es\/wp-json\/wp\/v2\/42wp_author?post=6345"}],"curies":[{"name":"wp","href":"https:\/\/api.w.org\/{rel}","templated":true}]}}