{"id":6351,"date":"2025-07-14T15:39:09","date_gmt":"2025-07-14T18:39:09","guid":{"rendered":"https:\/\/grandepremio.com\/es\/2025\/07\/14\/cadillac-se-acerca-sergio-perez-bottas-schumacher-formula-1\/"},"modified":"2025-07-14T15:39:12","modified_gmt":"2025-07-14T18:39:12","slug":"cadillac-se-acerca-sergio-perez-bottas-schumacher-formula-1","status":"publish","type":"post","link":"https:\/\/grandepremio.com\/es\/f1\/cadillac-se-acerca-sergio-perez-bottas-schumacher-formula-1\/","title":{"rendered":"Cadillac se acerca a cerrar con P\u00e9rez y delibera segundo asiento entre Bottas y Schumacher"},"content":{"rendered":"\n<p class=\"wp-block-paragraph\">El regreso de <strong>Sergio P\u00e9rez <\/strong>a la parrilla de la <strong>F\u00f3rmula 1 <\/strong>est\u00e1 cada vez m\u00e1s cerca de hacerse realidad. Seg\u00fan un informe de la web Auto Evolution, se espera que el mexicano sea anunciado como uno de los pilotos titulares de<strong> Cadillac<\/strong> despu\u00e9s del <strong>Gran Premio de Hungr\u00eda,<\/strong> que marca la \u00faltima prueba del campeonato antes del receso de mitad de temporada.<\/p>\n\n\n\n<p class=\"wp-block-paragraph\">Tambi\u00e9n se entiende que el acuerdo ser\u00eda muy lucrativo para ambas partes, con la participaci\u00f3n del empresario mexicano <strong>Carlos Slim<\/strong>, conocido por ser uno de los grandes apoyos financieros de toda la carrera de \u201cCheco\u201d en el automovilismo.<\/p>\n\n\n\n<p class=\"wp-block-paragraph\">A sus 35 a\u00f1os, P\u00e9rez volver\u00eda a la parrilla tras ausentarse por primera vez desde 2010, cuando ascendi\u00f3 desde la GP2. Su \u00faltimo equipo en la F\u00f3rmula 1 fue Red Bull. Con los austr\u00edacos, P\u00e9rez gan\u00f3 cuatro veces, fue subcampe\u00f3n en 2023 y ayud\u00f3 al equipo a ganar dos t\u00edtulos de Constructores. Sin embargo, una fuerte ca\u00edda en su rendimiento en 2024 oblig\u00f3 al equipo a rescindir el contrato del mexicano, incluso despu\u00e9s de que hubiera firmado un nuevo acuerdo hasta finales de 2026.<\/p>\n\n\n\n<p class=\"wp-block-paragraph\"><strong><em>\u00a1Todas las novedades te esperan en el canal de\u00a0<a href=\"https:\/\/www.youtube.com\/@GrandePremioES\" target=\"_blank\" rel=\"noreferrer noopener\">YouTube<\/a>\u00a0de Grande Pr\u00eamio en Espa\u00f1ol!<\/em><\/strong><\/p>\n\n\n\n<figure class=\"wp-block-embed is-type-video is-provider-youtube wp-block-embed-youtube wp-embed-aspect-16-9 wp-has-aspect-ratio\"><div class=\"wp-block-embed__wrapper\">\n<iframe loading=\"lazy\" title=\"NICO H\u00dcLKENBERG, DEL SEMI RETIRO A UN PODIO INOLVIDABLE EN F1\" width=\"500\" height=\"281\" src=\"https:\/\/www.youtube.com\/embed\/y0ewWjWNpLY?feature=oembed\" frameborder=\"0\" allow=\"accelerometer; autoplay; clipboard-write; encrypted-media; gyroscope; picture-in-picture; web-share\" referrerpolicy=\"strict-origin-when-cross-origin\" allowfullscreen><\/iframe>\n<\/div><\/figure>\n\n\n\n<p class=\"wp-block-paragraph\"><strong><em>\u00a1Seguinos en redes por\u00a0<a href=\"https:\/\/twitter.com\/grandepremioES\" target=\"_blank\" rel=\"noreferrer noopener\">Twitter\u00a0<\/a>e\u00a0<a href=\"https:\/\/www.instagram.com\/grandepremioes\/\" target=\"_blank\" rel=\"noreferrer noopener\">Instagram!<\/a><\/em><\/strong><br><strong><em>Adem\u00e1s, tenemos nuestro\u00a0<a href=\"https:\/\/whatsapp.com\/channel\/0029VaDZ5zb0gcfDxuwxBM05\" target=\"_blank\" rel=\"noreferrer noopener\">canal de Whatsapp<\/a>\u00a0con toda la informaci\u00f3n al instante<\/em><\/strong><\/p>\n\n\n\n<p class=\"wp-block-paragraph\">Con una de las piezas del domin\u00f3 a punto de caer, seg\u00fan Auto Evolution, la duda sobre el segundo asiento tambi\u00e9n deber\u00eda limitarse a dos pilotos experimentados: <strong>Valtteri Bottas y Mick Schumacher.<\/strong> El finland\u00e9s, de 36 a\u00f1os, fue subcampe\u00f3n en 2019 y 2020, y cuenta con 10 victorias en F\u00f3rmula 1, todas ellas en su etapa como titular de <strong>Mercedes. E<\/strong>n la actualidad, ejerce de reserva en la escuder\u00eda de Brackley.<\/p>\n\n\n\n<p class=\"wp-block-paragraph\">Campe\u00f3n de F\u00f3rmula 2 en 2020, Mick es hijo del siete veces campe\u00f3n del mundo <strong>Michael Schumacher<\/strong> y tuvo una etapa sin brillo en Haas entre 2021 y 2022. Actualmente es piloto titular de Alpine en la categor\u00eda Hypercar del Mundial de Resistencia, despu\u00e9s de haber tenido tambi\u00e9n un paso por <strong>Mercedes <\/strong>como piloto de desarrollo.<\/p>\n\n\n\n<p class=\"wp-block-paragraph\">Bottas sigue siendo el principal favorito para la vacante, pero la posibilidad de unirse a <strong>Alpine<\/strong> en la F\u00f3rmula 1 en 2025, debido al irregular rendimiento del argentino<strong> Franco Colapinto<\/strong>, puso a Mick en la carrera. El alem\u00e1n, por cierto, fue visto en Silverstone con directivos de Cadillac. Y si Valtteri recibiera una convocatoria por parte de la escuder\u00eda francesa, el ex-Haas se tornar\u00e1 favorito.<\/p>\n\n\n\n<p class=\"wp-block-paragraph\"><strong>La F\u00f3rmula 1 regresa del 25 al 27 de julio en Spa-Francorchamps, para el Gran Premio de B\u00e9lgica.<\/strong><\/p>\n\n\n\n<p class=\"wp-block-paragraph\"><\/p>\n","protected":false},"excerpt":{"rendered":"<p>Seg\u00fan un medio europeo, Sergio P\u00e9rez ser\u00e1 confirmado despu\u00e9s del GP de Hungr\u00eda como piloto de Cadillac para la temporada 2026 de F\u00f3rmula 1.<\/p>\n","protected":false},"author":0,"featured_media":1010327282,"comment_status":"closed","ping_status":"closed","sticky":false,"template":"","format":"standard","meta":{"42wp_featured_image_caption":"","42wp_featured_image_credits":"","42wp_featured_video":"","42wp_featured_image_hidden":false,"42wp_authors_list":[],"footnotes":""},"categories":[5],"tags":[1560,181,1710,179,8059,371,294,252],"42wp_author":[14223],"class_list":["post-6351","post","type-post","status-publish","format-standard","has-post-thumbnail","hentry","category-f1","tag-cadillac","tag-f1","tag-f1-2025","tag-formula-1","tag-formula-1-2025","tag-mick-schumacher","tag-sergio-perez","tag-valtteri-bottas","42wp_author-esteban-nieto"],"_links":{"self":[{"href":"https:\/\/grandepremio.com\/es\/wp-json\/wp\/v2\/posts\/6351","targetHints":{"allow":["GET"]}}],"collection":[{"href":"https:\/\/grandepremio.com\/es\/wp-json\/wp\/v2\/posts"}],"about":[{"href":"https:\/\/grandepremio.com\/es\/wp-json\/wp\/v2\/types\/post"}],"replies":[{"embeddable":true,"href":"https:\/\/grandepremio.com\/es\/wp-json\/wp\/v2\/comments?post=6351"}],"version-history":[{"count":0,"href":"https:\/\/grandepremio.com\/es\/wp-json\/wp\/v2\/posts\/6351\/revisions"}],"wp:featuredmedia":[{"embeddable":true,"href":"https:\/\/grandepremio.com\/es\/wp-json\/wp\/v2\/media\/1010327282"}],"wp:attachment":[{"href":"https:\/\/grandepremio.com\/es\/wp-json\/wp\/v2\/media?parent=6351"}],"wp:term":[{"taxonomy":"category","embeddable":true,"href":"https:\/\/grandepremio.com\/es\/wp-json\/wp\/v2\/categories?post=6351"},{"taxonomy":"post_tag","embeddable":true,"href":"https:\/\/grandepremio.com\/es\/wp-json\/wp\/v2\/tags?post=6351"},{"taxonomy":"42wp_author","embeddable":true,"href":"https:\/\/grandepremio.com\/es\/wp-json\/wp\/v2\/42wp_author?post=6351"}],"curies":[{"name":"wp","href":"https:\/\/api.w.org\/{rel}","templated":true}]}}